{"id":6015,"date":"2021-03-21T14:29:38","date_gmt":"2021-03-21T20:29:38","guid":{"rendered":"http:\/\/losperiodistas.com.mx\/portal\/?p=6015"},"modified":"2021-03-21T14:29:39","modified_gmt":"2021-03-21T20:29:39","slug":"y-el-guante-de-seda","status":"publish","type":"post","link":"https:\/\/losperiodistas.com.mx\/portal\/y-el-guante-de-seda\/","title":{"rendered":"\u00bfY el guante de seda?"},"content":{"rendered":"\n<p style=\"font-size:18px\"><em>Varios gobernadores han necesitado de una \u00abmano dura\u00bb para mantener la gobernabilidad; otros prefieren el guante de seda y la negociaci\u00f3n. Ardelio Vargas ha sido exhibido en los medios nacionales de gozar de la protecci\u00f3n del gobernador Miguel Barbosa, de la 4T.<\/em><\/p>\n\n\n\n<figure class=\"wp-block-embed is-type-video is-provider-youtube wp-block-embed-youtube wp-embed-aspect-16-9 wp-has-aspect-ratio\"><div class=\"wp-block-embed__wrapper\">\n<iframe title=\"\u00bfY el guante de seda?\" width=\"500\" height=\"281\" src=\"https:\/\/www.youtube.com\/embed\/clx8HULxGdg?feature=oembed\" frameborder=\"0\" allow=\"accelerometer; autoplay; clipboard-write; encrypted-media; gyroscope; picture-in-picture; web-share\" referrerpolicy=\"strict-origin-when-cross-origin\" allowfullscreen><\/iframe>\n<\/div><\/figure>\n\n\n\n<p class=\"has-vivid-cyan-blue-color has-text-color\" style=\"font-size:26px\"><em>Por Jes\u00fas Manuel Hern\u00e1ndez<\/em><\/p>\n\n\n\n<p>La mayor\u00eda de los gobernadores de Puebla han tenido la necesidad de alg\u00fan colaborador de \u201cmano dura\u201d para hacer frente a los asuntos pol\u00edticos delicados, sobretodo en \u00e9pocas cuando la efervescencia universitaria o la presencia de grupos subversivos ara\u00f1aba la estabilidad del gobierno.<\/p>\n\n\n\n<p>Quiz\u00e1 muchos hayan entendido por qu\u00e9 la frase aquella de \u201csi viviera don Maximino, esto no pasar\u00eda\u201d, cuyo autor es an\u00f3nimo, pero se volvi\u00f3 una cantaleta de los poblanos en los caf\u00e9s cuando alg\u00fan disturbio estudiantil, derivado de la Reforma Universitaria se presentaba en las calles del centro de la ciudad.<\/p>\n\n\n\n<p>Algunos ciudadanos extra\u00f1aban la mano dura, cuando otros contaban historias horribles del proceder del gobernador Maximino \u00c1vila Camacho, cuya leyenda se prolong\u00f3 despu\u00e9s de 1941 cuando dej\u00f3 el cargo.<\/p>\n\n\n\n<p>Antonio Nava Castillo, militar con poca experiencia de gobierno no necesit\u00f3 a un hombre de \u201cmano dura\u201d, \u00e9l mismo lo era.<\/p>\n\n\n\n<p>El doctor y general Rafael Moreno Valle, trajo entre sus colaboradores a varios militares, quienes usaron su criterio \u201cmilitar\u201d para resolver asuntos pol\u00edticos y desencadenaron la persecuci\u00f3n estudiantil, seguida por Gonzalo Bautista O\u2019Farril, quien us\u00f3 la mano dura contra los movimientos universitarios y seg\u00fan algunos historiadores orden\u00f3 la desaparici\u00f3n de varios l\u00edderes estudiantiles.<\/p>\n\n\n\n<p>Antes de esas fechas se apareci\u00f3 en Puebla el capit\u00e1n Fernando Guti\u00e9rrez Barrios, quien fue enviado por Gobernaci\u00f3n federal para negociar los movimientos aparecidos en Puebla, seg\u00fan contaba \u00e9l mismo, esa fue su primera experiencia y decidi\u00f3 incursionar m\u00e1s en el asunto de la polic\u00eda pol\u00edtica del pa\u00eds.<\/p>\n\n\n\n<p>Quiz\u00e1 Morales Blumenkron, gobernador interino no tuvo gente de \u201cmano dura\u201d. Don Alfredo Toxqui busc\u00f3 siempre la reconciliaci\u00f3n, la cancelaci\u00f3n de los odios y los rencores, dec\u00eda, su \u201cmano dura\u201d fue Carlos Trujillo, con amplia capacidad de negociador.<\/p>\n\n\n\n<p>Jim\u00e9nez Morales tuvo un gobierno de poca mano dura, aunque a veces se vio en la necesidad de aplicar algunas medidas, le fueron \u00fatiles en aquella \u00e9poca los grupos de su natal Huauchinango que una vez llegados al poder se asentaron en varios niveles gracias al trampol\u00edn que signific\u00f3 la cercan\u00eda con los grupos pol\u00edticos de Tulancingo, Pachuca y en consecuencia de la Ciudad de M\u00e9xico.<\/p>\n\n\n\n<p>Mariano Pi\u00f1a Olaya fue un gobernador que us\u00f3 la estrategia del \u201cguante de seda\u201d para envolver la mano dura, an\u00e9cdotas sobran, de la fuerza de Alberto Jim\u00e9nez Morales y la familia Inurreta Desentis que se apoder\u00f3 de la Procuraci\u00f3n de Justicia y la Polic\u00eda Judicial.<\/p>\n\n\n\n<p>Algunos deben recordar aquellos operativos en el fraccionamiento La Paz cuando los Inurreta Desentis llegaron una tarde a la casa de un conocido empresario representante de las familias textileras libanesas y arrestaron a un buen n\u00famero de poblanos \u201cdistinguidos\u201d que formaban parte de una lista de \u201cconsumidores\u201d de sustancias no permitidas; varios apellidos famosos en esa \u00e9poca, poderosos despu\u00e9s en los pol\u00edtico y econ\u00f3mico, fueron le\u00eddos en los medios de comunicaci\u00f3n de la ciudad.<\/p>\n\n\n\n<p>El de Pi\u00f1a Olaya fue un gobierno de mucha \u201cmano dura\u201d, contra los poblanos, incluidos periodistas, y por supuesto un gobierno que aument\u00f3 los negocios de los ricos de la ciudad.<\/p>\n\n\n\n<p>La \u201cmano dura\u201d de Manuel Bartlett quiz\u00e1 se haya limitado a las actuaciones electorales con Chema Morf\u00edn y a la investigaci\u00f3n pol\u00edtica con \u00d3scar de Lass\u00e9, pero la procuraci\u00f3n de justicia fue cercana a los poblanos, aunque algunos consideraron la persecuci\u00f3n a Herberto Rodr\u00edguez Concha y Alfredo Miranda como un gesto de \u201cmano dura\u201d luego de perder las elecciones Germ\u00e1n Sierra, un asunto que bien valdr\u00eda la pena profundizar alg\u00fan d\u00eda.<\/p>\n\n\n\n<p>Melqu\u00edades Morales puede tambi\u00e9n clasificarse entre los gobernadores que no tuvieron a un elemento identificado con la \u201cmano dura\u201d, quiz\u00e1 para algunos ese personaje haya sido Rafael Moreno Valle quien desde la Secretar\u00eda de Finanzas actu\u00f3 de manera personal.<\/p>\n\n\n\n<p>En el gobierno de Mario Mar\u00edn s\u00ed que hubo \u201cmano dura\u201d, Alejandro Fern\u00e1ndez y Adolfo Karam pueden ser quiz\u00e1 los personajes protag\u00f3nicos, sobre todo Karam que fue el operador de la detenci\u00f3n de Lydia Cacho.<\/p>\n\n\n\n<p>En cambio Rafael Moreno Valle Rosas s\u00ed que tuvo varios funcionarios en el rubro de \u201cmano dura\u201d, dado su objetivo de inspirar miedo entre los gobernados. Facundo Rosas quiz\u00e1 el m\u00e1s perverso para muchos, Eukid Casta\u00f1\u00f3n sin duda, Marcelo Garc\u00eda Almaguer enmascarado en los medios de comunicaci\u00f3n\u2026 Gal\u00e1n y otros.<\/p>\n\n\n\n<p>De Tony Gali no trascendi\u00f3 ning\u00fan personero encargado de aplicar \u201cmano dura\u201d, quiz\u00e1 segu\u00eda ejerciendo Moreno Valle a t\u00edtulo personal.<\/p>\n\n\n\n<p>La reflexi\u00f3n viene a cuentas por la informaci\u00f3n publicada hace unos d\u00edas por la reportera Gabriela Hern\u00e1ndez en la Revista Proceso bajo el t\u00edtulo \u201cArdelio Vargas, bajo el cobijo de Barbosa\u201d. El texto hace alusi\u00f3n a su paso por el Instituto Nacional de Migraci\u00f3n, Cisen y la PFP de la era priista, y su actuaci\u00f3n en los enfrentamientos de Atenco y su papel poco cercano a los intereses de la 4T.<\/p>\n\n\n\n<p>Quienes conocen a Ardelio saben que no le tiembla la mano, los que han tenido que enfrentarlo conocen su capacidad de operaci\u00f3n y quienes le han contratado saben perfectamente de qu\u00e9 es capaz, dir\u00eda Genaro Garc\u00eda Luna.<\/p>\n\n\n\n<p>La presencia de Ardelio Vargas ha venido a constituir un asunto delicado en el gobierno de Miguel Barbosa, muchos le culpan de ser \u00e9l quien inici\u00f3 el enfrentamiento con Claudia Rivera por el control de la polic\u00eda.<\/p>\n\n\n\n<p>Los ojos de los ciudadanos est\u00e1n sobre las decisiones del gobierno en materia de vacunaci\u00f3n y respuesta a la pandemia, poco se ha profundizado en lo que pasa en los escenarios pol\u00edticos, quiz\u00e1 reservados a los momentos electorales.<\/p>\n\n\n\n<p>Que la revista Proceso haya dado un espacio al tema de Ardelio Vargas, viene a reforzar la decisi\u00f3n de Barbosa de no haberlo dejado como titular de la Secretar\u00eda, quiz\u00e1 el gobernador se acord\u00f3 de aquello que dec\u00eda Fernando Guti\u00e9rrez Barrios, tener \u201cmano dura envuelta en guante de seda\u201d y por eso design\u00f3 a una mujer, pr\u00e1cticamente desconocida en el escenario pol\u00edtico local, pero con buena imagen y fama de disciplinada, Ana Luc\u00eda Hill Mayoral, sonorense, se desempe\u00f1ar\u00e1 como el \u201cguante de seda\u201d, pues la mano dura, la mano de hierro todos saben d\u00f3nde est\u00e1.<\/p>\n\n\n\n<p>O por lo menos, as\u00ed me lo parece.<\/p>\n\n\n\n<p><a href=\"mailto:losperiodistas.com.mx@gmail.com\">losperiodistas.com.mx@gmail.com<\/a><\/p>\n\n\n\n<p>YouTube: https:\/\/youtu.be\/clx8HULxGdg<\/p>\n","protected":false},"excerpt":{"rendered":"<p>Varios gobernadores han necesitado de una \u00abmano dura\u00bb para mantener la gobernabilidad; otros prefieren el guante de seda y la [&hellip;]<\/p>\n","protected":false},"author":1,"featured_media":6016,"comment_status":"open","ping_status":"open","sticky":false,"template":"","format":"standard","meta":{"site-sidebar-layout":"default","site-content-layout":"","ast-site-content-layout":"default","site-content-style":"default","site-sidebar-style":"default","ast-global-header-display":"","ast-banner-title-visibility":"","ast-main-header-display":"","ast-hfb-above-header-display":"","ast-hfb-below-header-display":"","ast-hfb-mobile-header-display":"","site-post-title":"","ast-breadcrumbs-content":"","ast-featured-img":"","footer-sml-layout":"","theme-transparent-header-meta":"","adv-header-id-meta":"","stick-header-meta":"","header-above-stick-meta":"","header-main-stick-meta":"","header-below-stick-meta":"","astra-migrate-meta-layouts":"default","ast-page-background-enabled":"default","ast-page-background-meta":{"desktop":{"background-color":"var(--ast-global-color-4)","background-image":"","background-repeat":"repeat","background-position":"center center","background-size":"auto","background-attachment":"scroll","background-type":"","background-media":"","overlay-type":"","overlay-color":"","overlay-opacity":"","overlay-gradient":""},"tablet":{"background-color":"","background-image":"","background-repeat":"repeat","background-position":"center center","background-size":"auto","background-attachment":"scroll","background-type":"","background-media":"","overlay-type":"","overlay-color":"","overlay-opacity":"","overlay-gradient":""},"mobile":{"background-color":"","background-image":"","background-repeat":"repeat","background-position":"center center","background-size":"auto","background-attachment":"scroll","background-type":"","background-media":"","overlay-type":"","overlay-color":"","overlay-opacity":"","overlay-gradient":""}},"ast-content-background-meta":{"desktop":{"background-color":"var(--ast-global-color-5)","background-image":"","background-repeat":"repeat","background-position":"center center","background-size":"auto","background-attachment":"scroll","background-type":"","background-media":"","overlay-type":"","overlay-color":"","overlay-opacity":"","overlay-gradient":""},"tablet":{"background-color":"var(--ast-global-color-5)","background-image":"","background-repeat":"repeat","background-position":"center center","background-size":"auto","background-attachment":"scroll","background-type":"","background-media":"","overlay-type":"","overlay-color":"","overlay-opacity":"","overlay-gradient":""},"mobile":{"background-color":"var(--ast-global-color-5)","background-image":"","background-repeat":"repeat","background-position":"center center","background-size":"auto","background-attachment":"scroll","background-type":"","background-media":"","overlay-type":"","overlay-color":"","overlay-opacity":"","overlay-gradient":""}},"footnotes":""},"categories":[8,5],"tags":[623,622],"class_list":["post-6015","post","type-post","status-publish","format-standard","has-post-thumbnail","hentry","category-noticias","category-por-soleares","tag-acteopan","tag-ardelio-vargas-fosado"],"_links":{"self":[{"href":"https:\/\/losperiodistas.com.mx\/portal\/wp-json\/wp\/v2\/posts\/6015","targetHints":{"allow":["GET"]}}],"collection":[{"href":"https:\/\/losperiodistas.com.mx\/portal\/wp-json\/wp\/v2\/posts"}],"about":[{"href":"https:\/\/losperiodistas.com.mx\/portal\/wp-json\/wp\/v2\/types\/post"}],"author":[{"embeddable":true,"href":"https:\/\/losperiodistas.com.mx\/portal\/wp-json\/wp\/v2\/users\/1"}],"replies":[{"embeddable":true,"href":"https:\/\/losperiodistas.com.mx\/portal\/wp-json\/wp\/v2\/comments?post=6015"}],"version-history":[{"count":1,"href":"https:\/\/losperiodistas.com.mx\/portal\/wp-json\/wp\/v2\/posts\/6015\/revisions"}],"predecessor-version":[{"id":6017,"href":"https:\/\/losperiodistas.com.mx\/portal\/wp-json\/wp\/v2\/posts\/6015\/revisions\/6017"}],"wp:featuredmedia":[{"embeddable":true,"href":"https:\/\/losperiodistas.com.mx\/portal\/wp-json\/wp\/v2\/media\/6016"}],"wp:attachment":[{"href":"https:\/\/losperiodistas.com.mx\/portal\/wp-json\/wp\/v2\/media?parent=6015"}],"wp:term":[{"taxonomy":"category","embeddable":true,"href":"https:\/\/losperiodistas.com.mx\/portal\/wp-json\/wp\/v2\/categories?post=6015"},{"taxonomy":"post_tag","embeddable":true,"href":"https:\/\/losperiodistas.com.mx\/portal\/wp-json\/wp\/v2\/tags?post=6015"}],"curies":[{"name":"wp","href":"https:\/\/api.w.org\/{rel}","templated":true}]}}