{"id":6012,"date":"2021-03-21T14:14:20","date_gmt":"2021-03-21T20:14:20","guid":{"rendered":"http:\/\/losperiodistas.com.mx\/portal\/?p=6012"},"modified":"2021-03-21T14:14:21","modified_gmt":"2021-03-21T20:14:21","slug":"ojala-asi-se-suspendieran-las-campanas-politicas-arzobispo-de-puebla-oem","status":"publish","type":"post","link":"https:\/\/losperiodistas.com.mx\/portal\/ojala-asi-se-suspendieran-las-campanas-politicas-arzobispo-de-puebla-oem\/","title":{"rendered":"\u00abOjal\u00e1 as\u00ed se suspendieran las campa\u00f1as pol\u00edticas\u00bb: arzobispo de Puebla | OEM"},"content":{"rendered":"\n<p style=\"font-size:18px\"><em>\u00abNosotros debemos ser responsables porque queremos nuestra salud, porque queremos nuestra vida\u201d<\/em><\/p>\n\n\n\n<figure class=\"wp-block-image size-large\"><img fetchpriority=\"high\" decoding=\"async\" width=\"1024\" height=\"691\" src=\"https:\/\/losperiodistas.com.mx\/portal\/wp-content\/uploads\/2021\/03\/Captura-de-Pantalla-2021-03-21-a-las-14.11.25-1024x691.jpg\" alt=\"\" class=\"wp-image-6013\" srcset=\"https:\/\/losperiodistas.com.mx\/portal\/wp-content\/uploads\/2021\/03\/Captura-de-Pantalla-2021-03-21-a-las-14.11.25-1024x691.jpg 1024w, https:\/\/losperiodistas.com.mx\/portal\/wp-content\/uploads\/2021\/03\/Captura-de-Pantalla-2021-03-21-a-las-14.11.25-300x203.jpg 300w, https:\/\/losperiodistas.com.mx\/portal\/wp-content\/uploads\/2021\/03\/Captura-de-Pantalla-2021-03-21-a-las-14.11.25-768x518.jpg 768w, https:\/\/losperiodistas.com.mx\/portal\/wp-content\/uploads\/2021\/03\/Captura-de-Pantalla-2021-03-21-a-las-14.11.25.jpg 1502w\" sizes=\"(max-width: 1024px) 100vw, 1024px\" \/><\/figure>\n\n\n\n<p class=\"has-vivid-cyan-blue-color has-text-color has-medium-font-size\">CLAUDIA HERN\u00c1NDEZ \/ EL SOL DE PUEBLA<\/p>\n\n\n\n<p>Tras anunciar la modalidad en que se realizar\u00e1n las celebraciones con motivo de la Semana Santa, el arzobispo de Puebla, V\u00edctor S\u00e1nchez Espinosa se\u00f1al\u00f3 tambi\u00e9n que as\u00ed como la Iglesia ha sido responsable y se han cancelado diversos actos lit\u00fargicos, sean suspendidas otras actividades como las campa\u00f1as electorales.<\/p>\n\n\n\n<p>Durante la misa dominical, el l\u00edder de la grey cat\u00f3lica en el estado enfatiz\u00f3 que la Iglesia ser\u00e1 responsable \u201cen estos d\u00edas santos\u201d, por lo que ojal\u00e1 tambi\u00e9n lo fueran con otros acontecimientos.<\/p>\n\n\n\n<p>\u201cVamos a ser responsables en estos d\u00edas santos, ojal\u00e1 as\u00ed se suspendieran las campa\u00f1as pol\u00edticas, las giras de trabajo \u00bfverdad?, pero nosotros debemos ser responsables porque queremos nuestra salud, porque queremos nuestra vida\u201d, dijo.<\/p>\n\n\n\n<p><strong>HOY NO HAY PROCESI\u00d3N<\/strong><\/p>\n\n\n\n<p>Como lo anunci\u00f3 en la homil\u00eda del pasado domingo 14 de marzo, el arzobispo reiter\u00f3 que no habr\u00eda procesiones este a\u00f1o, esto ante las pocas condiciones sanitarias derivado de la Covid-19, no obstante, si ser\u00edan realizadas las bendiciones correspondientes.<\/p>\n\n\n\n<p>Tal es el caso de la bendici\u00f3n de palmas, cuyo rito se llevar\u00e1 en aforo reducido y desde los lugares de cada uno de los fieles cat\u00f3licos.<\/p>\n\n\n\n<p>De igual manera, la misa crismal, en la que se bendicen los santos \u00f3leos y el santo crisma para ser ocupado en las distintas parroquias poblanas; el jueves santo dijo, no habr\u00e1 lavatorio de pies, pero si la eucarist\u00eda por la tarde para dar la bienvenida al viernes santo, s\u00e1bado santo y al domingo de resurrecci\u00f3n.<\/p>\n\n\n\n<p>\u201cEl viernes santo, tambi\u00e9n sin movilidad desde aqu\u00ed (yo), ustedes desde sus lugares tendremos nuestro viacrucis, quiz\u00e1 solo vayamos volteando hacia cada estaci\u00f3n que est\u00e1 aqu\u00ed en nuestra catedral\u201d, inform\u00f3.<\/p>\n\n\n\n<p>De manera diferente, el s\u00e1bado santo ser\u00e1 celebrada la vigilia pascual, ahora m\u00e1s temprano de lo usual para evitar que los creyentes lleguen tarde a sus hogares y contin\u00faen en confinamiento.<\/p>\n\n\n\n<p>Finalmente exhort\u00f3 a los feligreses a continuar cuidando de la familia, a trav\u00e9s del cumplimiento de las medidas sanitarias y las indicaciones de las autoridades de salubridad.<\/p>\n\n\n\n<p>Fuente: https:\/\/www.elsoldepuebla.com.mx\/local\/ojala-asi-se-suspendieran-las-campanas-politicas-las-giras-de-trabajo-arzobispo-de-puebla-religion-iglesia-semana-santa-covid19-coronavirus-pandemia-6501607.html<\/p>\n","protected":false},"excerpt":{"rendered":"<p>\u00abNosotros debemos ser responsables porque queremos nuestra salud, porque queremos nuestra vida\u201d CLAUDIA HERN\u00c1NDEZ \/ EL SOL DE PUEBLA Tras [&hellip;]<\/p>\n","protected":false},"author":1,"featured_media":6013,"comment_status":"open","ping_status":"open","sticky":false,"template":"","format":"standard","meta":{"site-sidebar-layout":"default","site-content-layout":"","ast-site-content-layout":"default","site-content-style":"default","site-sidebar-style":"default","ast-global-header-display":"","ast-banner-title-visibility":"","ast-main-header-display":"","ast-hfb-above-header-display":"","ast-hfb-below-header-display":"","ast-hfb-mobile-header-display":"","site-post-title":"","ast-breadcrumbs-content":"","ast-featured-img":"","footer-sml-layout":"","theme-transparent-header-meta":"","adv-header-id-meta":"","stick-header-meta":"","header-above-stick-meta":"","header-main-stick-meta":"","header-below-stick-meta":"","astra-migrate-meta-layouts":"default","ast-page-background-enabled":"default","ast-page-background-meta":{"desktop":{"background-color":"var(--ast-global-color-4)","background-image":"","background-repeat":"repeat","background-position":"center center","background-size":"auto","background-attachment":"scroll","background-type":"","background-media":"","overlay-type":"","overlay-color":"","overlay-opacity":"","overlay-gradient":""},"tablet":{"background-color":"","background-image":"","background-repeat":"repeat","background-position":"center center","background-size":"auto","background-attachment":"scroll","background-type":"","background-media":"","overlay-type":"","overlay-color":"","overlay-opacity":"","overlay-gradient":""},"mobile":{"background-color":"","background-image":"","background-repeat":"repeat","background-position":"center center","background-size":"auto","background-attachment":"scroll","background-type":"","background-media":"","overlay-type":"","overlay-color":"","overlay-opacity":"","overlay-gradient":""}},"ast-content-background-meta":{"desktop":{"background-color":"var(--ast-global-color-5)","background-image":"","background-repeat":"repeat","background-position":"center center","background-size":"auto","background-attachment":"scroll","background-type":"","background-media":"","overlay-type":"","overlay-color":"","overlay-opacity":"","overlay-gradient":""},"tablet":{"background-color":"var(--ast-global-color-5)","background-image":"","background-repeat":"repeat","background-position":"center center","background-size":"auto","background-attachment":"scroll","background-type":"","background-media":"","overlay-type":"","overlay-color":"","overlay-opacity":"","overlay-gradient":""},"mobile":{"background-color":"var(--ast-global-color-5)","background-image":"","background-repeat":"repeat","background-position":"center center","background-size":"auto","background-attachment":"scroll","background-type":"","background-media":"","overlay-type":"","overlay-color":"","overlay-opacity":"","overlay-gradient":""}},"footnotes":""},"categories":[8],"tags":[618,621,619,620],"class_list":["post-6012","post","type-post","status-publish","format-standard","has-post-thumbnail","hentry","category-noticias","tag-arzobispo-de-puebla","tag-campanas-politica-puebla-2021","tag-don-victor-sanchez-espinosa","tag-procesion-viernes-santo-puebla"],"_links":{"self":[{"href":"https:\/\/losperiodistas.com.mx\/portal\/wp-json\/wp\/v2\/posts\/6012","targetHints":{"allow":["GET"]}}],"collection":[{"href":"https:\/\/losperiodistas.com.mx\/portal\/wp-json\/wp\/v2\/posts"}],"about":[{"href":"https:\/\/losperiodistas.com.mx\/portal\/wp-json\/wp\/v2\/types\/post"}],"author":[{"embeddable":true,"href":"https:\/\/losperiodistas.com.mx\/portal\/wp-json\/wp\/v2\/users\/1"}],"replies":[{"embeddable":true,"href":"https:\/\/losperiodistas.com.mx\/portal\/wp-json\/wp\/v2\/comments?post=6012"}],"version-history":[{"count":1,"href":"https:\/\/losperiodistas.com.mx\/portal\/wp-json\/wp\/v2\/posts\/6012\/revisions"}],"predecessor-version":[{"id":6014,"href":"https:\/\/losperiodistas.com.mx\/portal\/wp-json\/wp\/v2\/posts\/6012\/revisions\/6014"}],"wp:featuredmedia":[{"embeddable":true,"href":"https:\/\/losperiodistas.com.mx\/portal\/wp-json\/wp\/v2\/media\/6013"}],"wp:attachment":[{"href":"https:\/\/losperiodistas.com.mx\/portal\/wp-json\/wp\/v2\/media?parent=6012"}],"wp:term":[{"taxonomy":"category","embeddable":true,"href":"https:\/\/losperiodistas.com.mx\/portal\/wp-json\/wp\/v2\/categories?post=6012"},{"taxonomy":"post_tag","embeddable":true,"href":"https:\/\/losperiodistas.com.mx\/portal\/wp-json\/wp\/v2\/tags?post=6012"}],"curies":[{"name":"wp","href":"https:\/\/api.w.org\/{rel}","templated":true}]}}