{"id":6006,"date":"2021-03-21T13:50:54","date_gmt":"2021-03-21T19:50:54","guid":{"rendered":"http:\/\/losperiodistas.com.mx\/portal\/?p=6006"},"modified":"2021-03-21T13:50:55","modified_gmt":"2021-03-21T19:50:55","slug":"el-papa-se-pronuncia-en-defensa-de-las-personas-con-sindrome-de-down-necesita-ser-acogido-amado-y-cuidado-cope","status":"publish","type":"post","link":"https:\/\/losperiodistas.com.mx\/portal\/el-papa-se-pronuncia-en-defensa-de-las-personas-con-sindrome-de-down-necesita-ser-acogido-amado-y-cuidado-cope\/","title":{"rendered":"El Papa se pronuncia en defensa de las personas con s\u00edndrome de Down: \u00abNecesita ser acogido, amado y cuidado\u00bb | COPE"},"content":{"rendered":"\n<p style=\"font-size:18px\"><em>Este domingo 21 de marzo se celebra el D\u00eda del S\u00edndrome de Down, con el objetivo de sensibilizar a la sociedad acerca de esta discapacidad intelectual<\/em><\/p>\n\n\n\n<figure class=\"wp-block-image size-large\"><img fetchpriority=\"high\" decoding=\"async\" width=\"1024\" height=\"572\" src=\"https:\/\/losperiodistas.com.mx\/portal\/wp-content\/uploads\/2021\/03\/Captura-de-Pantalla-2021-03-21-a-las-13.47.05-1024x572.jpg\" alt=\"\" class=\"wp-image-6007\" srcset=\"https:\/\/losperiodistas.com.mx\/portal\/wp-content\/uploads\/2021\/03\/Captura-de-Pantalla-2021-03-21-a-las-13.47.05-1024x572.jpg 1024w, https:\/\/losperiodistas.com.mx\/portal\/wp-content\/uploads\/2021\/03\/Captura-de-Pantalla-2021-03-21-a-las-13.47.05-300x168.jpg 300w, https:\/\/losperiodistas.com.mx\/portal\/wp-content\/uploads\/2021\/03\/Captura-de-Pantalla-2021-03-21-a-las-13.47.05-768x429.jpg 768w, https:\/\/losperiodistas.com.mx\/portal\/wp-content\/uploads\/2021\/03\/Captura-de-Pantalla-2021-03-21-a-las-13.47.05.jpg 1282w\" sizes=\"(max-width: 1024px) 100vw, 1024px\" \/><\/figure>\n\n\n\n<p class=\"has-vivid-cyan-blue-color has-text-color has-medium-font-size\">CADENA COPE<\/p>\n\n\n\n<p>En el a\u00f1o 2011, l<strong>a Asamblea General de las Naciones Unidas decidi\u00f3 que el d\u00eda 21 de marzo se conmemore el D\u00eda Mundial del S\u00edndrome de Down<\/strong>, para generar mayor conciencia p\u00fablica a favor de las personas que tienen la alteraci\u00f3n que triplica el cromosoma n\u00famero 21. Asimismo, la conmemoraci\u00f3n es para recordar&nbsp;<strong>\u201cla dignidad inherente, la val\u00eda y las valiosas contribuciones de las personas con discapacidad intelectual como promotores del bienestar y de la diversidad de sus comunidades\u201d.<\/strong><\/p>\n\n\n\n<p>El Papa Francisco ha publicado en su perfil de Twitter un mensaje sobre el D\u00eda Mundial del S\u00edndrome de Down:\u00a0<strong>\u00abTodo ni\u00f1o que se anuncia en el seno de una mujer es un don que cambia la historia de una familia<\/strong>: de un padre y una madre, de los abuelos y de los hermanos.\u00a0<strong>Y este ni\u00f1o necesita ser acogido, amado y cuidado. \u00a1Siempre!\u00bb<\/strong><\/p>\n\n\n\n<figure class=\"wp-block-embed is-type-rich is-provider-twitter wp-block-embed-twitter\"><div class=\"wp-block-embed__wrapper\">\n<blockquote class=\"twitter-tweet\" data-width=\"500\" data-dnt=\"true\"><p lang=\"es\" dir=\"ltr\">Todo ni\u00f1o que se anuncia en el seno de una mujer es un don que cambia la historia de una familia: de un padre y una madre, de los abuelos y de los hermanos. Y este ni\u00f1o necesita ser acogido, amado y cuidado. \u00a1Siempre! <a href=\"https:\/\/twitter.com\/hashtag\/WorldDownSyndromeDay?src=hash&amp;ref_src=twsrc%5Etfw\">#WorldDownSyndromeDay<\/a><\/p>&mdash; Papa Francisco (@Pontifex_es) <a href=\"https:\/\/twitter.com\/Pontifex_es\/status\/1373575110209105921?ref_src=twsrc%5Etfw\">March 21, 2021<\/a><\/blockquote><script async src=\"https:\/\/platform.twitter.com\/widgets.js\" charset=\"utf-8\"><\/script>\n<\/div><\/figure>\n\n\n\n<h2 class=\"wp-block-heading\"><strong>J\u00e9r\u00f4me Lejeune en proceso de beatificaci\u00f3n<\/strong><\/h2>\n\n\n\n<p><strong>Este s\u00edndrome fue descubierto por el investigador John Langdon Down en el a\u00f1o 1866<\/strong>, aunque no supo las causas que lo provocaban. En 1958 el investigador&nbsp;<strong>J\u00e9r\u00f4me Lejeune descubri\u00f3 que se trataba de una alteraci\u00f3n cromos\u00f3mica<\/strong>: la trisom\u00eda del par cromos\u00f3mico 21, y public\u00f3 su descubrimiento en la revista Nature en 1959. La principal consecuencia del S\u00edndrome de Down es la discapacidad cognitiva, aunque se ha demostrado que con una estimulaci\u00f3n temprana \u00e9sta puede reducirse de manera significativa.<\/p>\n\n\n\n<p><strong>Lejeune estuvo nominado para el Premio Nobel<\/strong>, pero su candidatura no sali\u00f3 adelante por su postura a favor de la vida y en contra del aborto de los ni\u00f1os con esta alteraci\u00f3n gen\u00e9tica. Este cient\u00edfico franc\u00e9s&nbsp;<strong>fue nombrado por el Papa Juan Pablo II miembro de la Pontificia Academia para la Vida del Vaticano.<\/strong><\/p>\n\n\n\n<p><strong>J\u00e9r\u00f4me Lejeune&nbsp;<\/strong>naci\u00f3 el 13 de junio de 1926 en Francia y falleci\u00f3 en 1994.&nbsp;<strong>Tras su descubrimiento, sufri\u00f3 una gran decepci\u00f3n al darse cuenta que los gobiernos utilizaban la detecci\u00f3n del S\u00edndrome de Down para abortar a estos ni\u00f1os, y no para contribuir en el tratamiento de esta discapacidad.&nbsp;<\/strong>Por ello, dedic\u00f3 su vida a defender a estos ni\u00f1os y se opuso a la ley de aborto en Francia, pese a que esto le cost\u00f3 el rechazo de parte de la comunidad cient\u00edfica y dej\u00f3 de recibir donaciones para su investigaci\u00f3n.<\/p>\n\n\n\n<p>Actualmente, se encuentra en proceso de beatificaci\u00f3n. El 21 de enero de 2021,\u00a0<strong>el Papa Francisco autoriz\u00f3 la promulgaci\u00f3n del Decreto de la Congregaci\u00f3n para las Causas de los Santos que reconoce sus virtudes heroicas, paso previo para su reconocimiento como Beato.<\/strong><\/p>\n\n\n\n<p>Fuente: https:\/\/www.cope.es\/religion\/hoy-en-dia\/vaticano\/papa-francisco\/noticias\/papa-pronuncia-defensa-las-personas-con-sindrome-down-necesita-ser-acogido-amado-cuidado-20210321_1199771<\/p>\n","protected":false},"excerpt":{"rendered":"<p>Este domingo 21 de marzo se celebra el D\u00eda del S\u00edndrome de Down, con el objetivo de sensibilizar a la [&hellip;]<\/p>\n","protected":false},"author":1,"featured_media":6007,"comment_status":"open","ping_status":"open","sticky":false,"template":"","format":"standard","meta":{"site-sidebar-layout":"default","site-content-layout":"","ast-site-content-layout":"default","site-content-style":"default","site-sidebar-style":"default","ast-global-header-display":"","ast-banner-title-visibility":"","ast-main-header-display":"","ast-hfb-above-header-display":"","ast-hfb-below-header-display":"","ast-hfb-mobile-header-display":"","site-post-title":"","ast-breadcrumbs-content":"","ast-featured-img":"","footer-sml-layout":"","theme-transparent-header-meta":"","adv-header-id-meta":"","stick-header-meta":"","header-above-stick-meta":"","header-main-stick-meta":"","header-below-stick-meta":"","astra-migrate-meta-layouts":"default","ast-page-background-enabled":"default","ast-page-background-meta":{"desktop":{"background-color":"var(--ast-global-color-4)","background-image":"","background-repeat":"repeat","background-position":"center center","background-size":"auto","background-attachment":"scroll","background-type":"","background-media":"","overlay-type":"","overlay-color":"","overlay-opacity":"","overlay-gradient":""},"tablet":{"background-color":"","background-image":"","background-repeat":"repeat","background-position":"center center","background-size":"auto","background-attachment":"scroll","background-type":"","background-media":"","overlay-type":"","overlay-color":"","overlay-opacity":"","overlay-gradient":""},"mobile":{"background-color":"","background-image":"","background-repeat":"repeat","background-position":"center center","background-size":"auto","background-attachment":"scroll","background-type":"","background-media":"","overlay-type":"","overlay-color":"","overlay-opacity":"","overlay-gradient":""}},"ast-content-background-meta":{"desktop":{"background-color":"var(--ast-global-color-5)","background-image":"","background-repeat":"repeat","background-position":"center center","background-size":"auto","background-attachment":"scroll","background-type":"","background-media":"","overlay-type":"","overlay-color":"","overlay-opacity":"","overlay-gradient":""},"tablet":{"background-color":"var(--ast-global-color-5)","background-image":"","background-repeat":"repeat","background-position":"center center","background-size":"auto","background-attachment":"scroll","background-type":"","background-media":"","overlay-type":"","overlay-color":"","overlay-opacity":"","overlay-gradient":""},"mobile":{"background-color":"var(--ast-global-color-5)","background-image":"","background-repeat":"repeat","background-position":"center center","background-size":"auto","background-attachment":"scroll","background-type":"","background-media":"","overlay-type":"","overlay-color":"","overlay-opacity":"","overlay-gradient":""}},"footnotes":""},"categories":[8],"tags":[613,612],"class_list":["post-6006","post","type-post","status-publish","format-standard","has-post-thumbnail","hentry","category-noticias","tag-papa-francisco-ninos-down","tag-personas-con-sindrome-de-down"],"_links":{"self":[{"href":"https:\/\/losperiodistas.com.mx\/portal\/wp-json\/wp\/v2\/posts\/6006","targetHints":{"allow":["GET"]}}],"collection":[{"href":"https:\/\/losperiodistas.com.mx\/portal\/wp-json\/wp\/v2\/posts"}],"about":[{"href":"https:\/\/losperiodistas.com.mx\/portal\/wp-json\/wp\/v2\/types\/post"}],"author":[{"embeddable":true,"href":"https:\/\/losperiodistas.com.mx\/portal\/wp-json\/wp\/v2\/users\/1"}],"replies":[{"embeddable":true,"href":"https:\/\/losperiodistas.com.mx\/portal\/wp-json\/wp\/v2\/comments?post=6006"}],"version-history":[{"count":1,"href":"https:\/\/losperiodistas.com.mx\/portal\/wp-json\/wp\/v2\/posts\/6006\/revisions"}],"predecessor-version":[{"id":6008,"href":"https:\/\/losperiodistas.com.mx\/portal\/wp-json\/wp\/v2\/posts\/6006\/revisions\/6008"}],"wp:featuredmedia":[{"embeddable":true,"href":"https:\/\/losperiodistas.com.mx\/portal\/wp-json\/wp\/v2\/media\/6007"}],"wp:attachment":[{"href":"https:\/\/losperiodistas.com.mx\/portal\/wp-json\/wp\/v2\/media?parent=6006"}],"wp:term":[{"taxonomy":"category","embeddable":true,"href":"https:\/\/losperiodistas.com.mx\/portal\/wp-json\/wp\/v2\/categories?post=6006"},{"taxonomy":"post_tag","embeddable":true,"href":"https:\/\/losperiodistas.com.mx\/portal\/wp-json\/wp\/v2\/tags?post=6006"}],"curies":[{"name":"wp","href":"https:\/\/api.w.org\/{rel}","templated":true}]}}