{"id":6003,"date":"2021-03-21T13:38:27","date_gmt":"2021-03-21T19:38:27","guid":{"rendered":"http:\/\/losperiodistas.com.mx\/portal\/?p=6003"},"modified":"2021-03-21T13:38:28","modified_gmt":"2021-03-21T19:38:28","slug":"se-duplicara-la-pension-universal-para-adultos-mayores-anuncia-amlo-la-jornada","status":"publish","type":"post","link":"https:\/\/losperiodistas.com.mx\/portal\/se-duplicara-la-pension-universal-para-adultos-mayores-anuncia-amlo-la-jornada\/","title":{"rendered":"Se duplicar\u00e1 la pensi\u00f3n universal para adultos mayores, anuncia AMLO | La Jornada"},"content":{"rendered":"\n<figure class=\"wp-block-image size-large\"><img fetchpriority=\"high\" decoding=\"async\" width=\"1024\" height=\"567\" src=\"https:\/\/losperiodistas.com.mx\/portal\/wp-content\/uploads\/2021\/03\/Captura-de-Pantalla-2021-03-21-a-las-13.34.18-1024x567.jpg\" alt=\"\" class=\"wp-image-6004\" srcset=\"https:\/\/losperiodistas.com.mx\/portal\/wp-content\/uploads\/2021\/03\/Captura-de-Pantalla-2021-03-21-a-las-13.34.18-1024x567.jpg 1024w, https:\/\/losperiodistas.com.mx\/portal\/wp-content\/uploads\/2021\/03\/Captura-de-Pantalla-2021-03-21-a-las-13.34.18-300x166.jpg 300w, https:\/\/losperiodistas.com.mx\/portal\/wp-content\/uploads\/2021\/03\/Captura-de-Pantalla-2021-03-21-a-las-13.34.18-768x425.jpg 768w, https:\/\/losperiodistas.com.mx\/portal\/wp-content\/uploads\/2021\/03\/Captura-de-Pantalla-2021-03-21-a-las-13.34.18.jpg 1282w\" sizes=\"(max-width: 1024px) 100vw, 1024px\" \/><\/figure>\n\n\n\n<p class=\"has-vivid-cyan-blue-color has-text-color has-medium-font-size\">LA JORNADA EN L\u00cdNEA<\/p>\n\n\n\n<p><em>Guelatao, Oax.<\/em>&nbsp;El presidente Andr\u00e9s Manuel L\u00f3pez Obrador anunci\u00f3 hoy aqu\u00ed que la pensi\u00f3n universal para adultos mayores, que tiene rango constitucional, aumentar\u00e1 hasta duplicarse para llegar a unos seis mil pesos bimestrales en 2024.<\/p>\n\n\n\n<p>El mandatario dijo tambi\u00e9n que ese beneficio se entregar\u00e1 a partir de los 65 a\u00f1os de edad, y no de los 68 como es la norma actual.<\/p>\n\n\n\n<p>L\u00f3pez Obrador pareci\u00f3 zanjar de esa manera la pol\u00e9mica sobre la forma de medici\u00f3n de las pensiones, que se libra entre quienes defienden la Unidad de Medida y Actualizaci\u00f3n (UMA) y quienes reclaman la referencia del salario m\u00ednimo.<\/p>\n\n\n\n<p>En el acto por el natalicio de Benito Ju\u00e1rez, en la tierra del Benem\u00e9rito, el presidente indic\u00f3 t\u00e1citamente que prevalecer\u00e1 la medici\u00f3n en UMA, tal como lo determin\u00f3 la Suprema Corte de Justicia.<\/p>\n\n\n\n<p>Reconoci\u00f3 que el salario m\u00ednimo est\u00e1 muy por encima de la UMA, con lo cual resultan castigadas las pensiones.<\/p>\n\n\n\n<p>Pero \u201cse argumenta por parte de sectores productivos y del mismo gobierno que si se decidiera la desaparici\u00f3n de la UMA y se regresara a la base del salario m\u00ednimo, \u00e9ste no se incrementar\u00eda m\u00e1s all\u00e1 de la inflaci\u00f3n por el peso que significa el pago de las pensiones\u201d, se\u00f1al\u00f3.<\/p>\n\n\n\n<p>Expuso que bajo su gobierno el salario minimo ha crecido 44 por ciento t\u00e9rminos reales y en comparaci\u00f3n la UMA se ha reducido en un 58 por ciento.<\/p>\n\n\n\n<p>A estas alturas, la UMA equivale a 89.62 pesos, mientras el salario m\u00ednimo es este a\u00f1o de 141.70 pesos en la mayor parte del pa\u00eds y de 213.39 pesos en la frontera.<\/p>\n\n\n\n<p>El aumento progresivo a la pensi\u00f3n universal se iniciar\u00e1 en julio pr\u00f3ximo, con un alza del 15 por ciento. En enero de los siguientes tres a\u00f1os el crecimiento ser\u00e1 del 20 por ciento anual m\u00e1s la inflaci\u00f3n, hasta llegar a 6 mil pesos bimestrales, explic\u00f3 L\u00f3pez Obrador.<\/p>\n\n\n\n<p>El presidente indic\u00f3 que la medida implica un aumento del presupuesto de ese rengl\u00f3n de 135 mil millones de pesos a 240 mil millones en 2022, 300 mil millones en 2023 y 370 mil millones en 2024.<\/p>\n\n\n\n<p>El beneficio alcanzar\u00e1 a 10 millones 300 mil adultos mayores y los recursos saldr\u00e1n del presupuesto federal, \u00absin aumentar la deuda ni los impuestos y sin gasolinazos\u00bb y producto del ahorro logrado con la \u00abausteridad republicana juarista\u00bb.<\/p>\n\n\n\n<p>Fuente: https:\/\/www.jornada.com.mx\/notas\/2021\/03\/21\/politica\/se-duplicara-la-pension-universal-para-adultos-mayores-anuncia-amlo\/<\/p>\n","protected":false},"excerpt":{"rendered":"<p>LA JORNADA EN L\u00cdNEA Guelatao, Oax.&nbsp;El presidente Andr\u00e9s Manuel L\u00f3pez Obrador anunci\u00f3 hoy aqu\u00ed que la pensi\u00f3n universal para adultos [&hellip;]<\/p>\n","protected":false},"author":1,"featured_media":6004,"comment_status":"open","ping_status":"open","sticky":false,"template":"","format":"standard","meta":{"site-sidebar-layout":"default","site-content-layout":"","ast-site-content-layout":"default","site-content-style":"default","site-sidebar-style":"default","ast-global-header-display":"","ast-banner-title-visibility":"","ast-main-header-display":"","ast-hfb-above-header-display":"","ast-hfb-below-header-display":"","ast-hfb-mobile-header-display":"","site-post-title":"","ast-breadcrumbs-content":"","ast-featured-img":"","footer-sml-layout":"","theme-transparent-header-meta":"","adv-header-id-meta":"","stick-header-meta":"","header-above-stick-meta":"","header-main-stick-meta":"","header-below-stick-meta":"","astra-migrate-meta-layouts":"default","ast-page-background-enabled":"default","ast-page-background-meta":{"desktop":{"background-color":"var(--ast-global-color-4)","background-image":"","background-repeat":"repeat","background-position":"center center","background-size":"auto","background-attachment":"scroll","background-type":"","background-media":"","overlay-type":"","overlay-color":"","overlay-opacity":"","overlay-gradient":""},"tablet":{"background-color":"","background-image":"","background-repeat":"repeat","background-position":"center center","background-size":"auto","background-attachment":"scroll","background-type":"","background-media":"","overlay-type":"","overlay-color":"","overlay-opacity":"","overlay-gradient":""},"mobile":{"background-color":"","background-image":"","background-repeat":"repeat","background-position":"center center","background-size":"auto","background-attachment":"scroll","background-type":"","background-media":"","overlay-type":"","overlay-color":"","overlay-opacity":"","overlay-gradient":""}},"ast-content-background-meta":{"desktop":{"background-color":"var(--ast-global-color-5)","background-image":"","background-repeat":"repeat","background-position":"center center","background-size":"auto","background-attachment":"scroll","background-type":"","background-media":"","overlay-type":"","overlay-color":"","overlay-opacity":"","overlay-gradient":""},"tablet":{"background-color":"var(--ast-global-color-5)","background-image":"","background-repeat":"repeat","background-position":"center center","background-size":"auto","background-attachment":"scroll","background-type":"","background-media":"","overlay-type":"","overlay-color":"","overlay-opacity":"","overlay-gradient":""},"mobile":{"background-color":"var(--ast-global-color-5)","background-image":"","background-repeat":"repeat","background-position":"center center","background-size":"auto","background-attachment":"scroll","background-type":"","background-media":"","overlay-type":"","overlay-color":"","overlay-opacity":"","overlay-gradient":""}},"footnotes":""},"categories":[8],"tags":[611],"class_list":["post-6003","post","type-post","status-publish","format-standard","has-post-thumbnail","hentry","category-noticias","tag-pension-universal-adultos-mayores-mexico"],"_links":{"self":[{"href":"https:\/\/losperiodistas.com.mx\/portal\/wp-json\/wp\/v2\/posts\/6003","targetHints":{"allow":["GET"]}}],"collection":[{"href":"https:\/\/losperiodistas.com.mx\/portal\/wp-json\/wp\/v2\/posts"}],"about":[{"href":"https:\/\/losperiodistas.com.mx\/portal\/wp-json\/wp\/v2\/types\/post"}],"author":[{"embeddable":true,"href":"https:\/\/losperiodistas.com.mx\/portal\/wp-json\/wp\/v2\/users\/1"}],"replies":[{"embeddable":true,"href":"https:\/\/losperiodistas.com.mx\/portal\/wp-json\/wp\/v2\/comments?post=6003"}],"version-history":[{"count":1,"href":"https:\/\/losperiodistas.com.mx\/portal\/wp-json\/wp\/v2\/posts\/6003\/revisions"}],"predecessor-version":[{"id":6005,"href":"https:\/\/losperiodistas.com.mx\/portal\/wp-json\/wp\/v2\/posts\/6003\/revisions\/6005"}],"wp:featuredmedia":[{"embeddable":true,"href":"https:\/\/losperiodistas.com.mx\/portal\/wp-json\/wp\/v2\/media\/6004"}],"wp:attachment":[{"href":"https:\/\/losperiodistas.com.mx\/portal\/wp-json\/wp\/v2\/media?parent=6003"}],"wp:term":[{"taxonomy":"category","embeddable":true,"href":"https:\/\/losperiodistas.com.mx\/portal\/wp-json\/wp\/v2\/categories?post=6003"},{"taxonomy":"post_tag","embeddable":true,"href":"https:\/\/losperiodistas.com.mx\/portal\/wp-json\/wp\/v2\/tags?post=6003"}],"curies":[{"name":"wp","href":"https:\/\/api.w.org\/{rel}","templated":true}]}}