{"id":5996,"date":"2021-03-21T12:30:01","date_gmt":"2021-03-21T18:30:01","guid":{"rendered":"http:\/\/losperiodistas.com.mx\/portal\/?p=5996"},"modified":"2021-03-21T12:30:03","modified_gmt":"2021-03-21T18:30:03","slug":"sicarios-del-cjng-responden-al-ejercito-hasta-con-lanzacohetes-habria-caido-jefe-sinembargo","status":"publish","type":"post","link":"https:\/\/losperiodistas.com.mx\/portal\/sicarios-del-cjng-responden-al-ejercito-hasta-con-lanzacohetes-habria-caido-jefe-sinembargo\/","title":{"rendered":"Sicarios del CJNG responden al Ej\u00e9rcito hasta con lanzacohetes; habr\u00eda ca\u00eddo jefe | SinEmbargo"},"content":{"rendered":"\n<p><em>V\u00eddeos grabados desde la playa de Guayabitos que circulan en redes sociales muestran gente en p\u00e1nico por el ruido de r\u00e1fagas de metralleta y explosiones de granadas. Como resultado del episodio violento, autoridades mexicanas detuvieron a un supuesto integrante del C\u00e1rtel Jalisco Nueva Generaci\u00f3n.\u00a0<\/em><\/p>\n\n\n\n<figure class=\"wp-block-embed is-type-video is-provider-youtube wp-block-embed-youtube wp-embed-aspect-16-9 wp-has-aspect-ratio\"><div class=\"wp-block-embed__wrapper\">\nhttps:\/\/youtu.be\/JqgLQv21-7o\n<\/div><\/figure>\n\n\n\n<p class=\"has-vivid-cyan-blue-color has-text-color has-medium-font-size\">REDACCI\u00d3N SINEMBARGO \/ <\/p>\n\n\n\n<p>Ciudad de M\u00e9xico, 20 de marzo (SinEmbargo).- Un sujeto identificado como&nbsp;<strong>Erick del Toro L\u00f3pez<\/strong>, alias \u201cEl M3\u201d, se\u00f1alado como supuesto&nbsp;<strong>jefe de sicarios<\/strong>&nbsp;del C\u00e1rtel Jalisco Nueva Generaci\u00f3n (CJNG), fue aprehendido durante el&nbsp;<strong>enfrentamiento<\/strong>&nbsp;de integrantes del Ej\u00e9rcito mexicano contra civiles armados en&nbsp;<strong>Rinc\u00f3n de Guayabitos<\/strong>, una poblaci\u00f3n costera y tur\u00edstica del estado de Nayarit, en el&nbsp;<strong>Pac\u00edfico de M\u00e9xico.&nbsp;<\/strong><\/p>\n\n\n\n<p>Im\u00e1genes que circulan en redes sociales muestran el momento en que Del Toro fue conducido por elementos del Ej\u00e9rcito hasta un paraje en el que le pidieron que se identificara y dijera a qu\u00e9 grupo criminal pertenec\u00eda.<\/p>\n\n\n\n<p>\u201c\u00bfUsted a qu\u00e9 C\u00e1rtel pertenece?\u201d, cuestion\u00f3 un uniformado.\u201cJalisco\u201d, contest\u00f3 Erick.\u00a0\u201c\u00bfUsted qu\u00e9 es?\u201d, le preguntaron.\u201cSicario\u201d, dijo.\u00a0\u201cTiene derecho a permanecer en silencio. Cualquiera cosa que diga ser\u00e1 usada en su contra. Somos personal del Ej\u00e9rcito mexicano y lo vamos a poner ante las autoridades competentes.\u00a0Les respetaremos su vida y sus derechos humanos\u201d, agreg\u00f3 el militar.<\/p>\n\n\n\n<figure class=\"wp-block-image\"><img decoding=\"async\" src=\"https:\/\/i0.wp.com\/sinembargo.mx\/wp-content\/uploads\/2021\/03\/captura-de-pantalla-2021-03-20-a-las-12-59-36.png\" alt=\"\"\/><\/figure>\n\n\n\n<h4 class=\"wp-block-heading\"><a href=\"https:\/\/www.sinembargo.mx\/20-03-2021\/3953664\">VER M\u00c1S<\/a><\/h4>\n\n\n\n<h5 class=\"wp-block-heading\"><a href=\"https:\/\/www.sinembargo.mx\/20-03-2021\/3953664\">La gente grita, corre asustada. VIDEOS exhiben el p\u00e1nico por balacera en Guayabitos, Nayarit<\/a><\/h5>\n\n\n\n<p>Fotograf\u00edas del arsenal que autoridades le decomisaron a los criminales tambi\u00e9n fueron compartidas en redes sociales. La Secretar\u00eda de la Defensa Nacional (Sedena) todav\u00eda no confirma la informaci\u00f3n.<\/p>\n\n\n\n<p><img fetchpriority=\"high\" decoding=\"async\" src=\"https:\/\/i0.wp.com\/sinembargo.mx\/wp-content\/uploads\/2021\/03\/ew87bs4vcaebu_k.jpg\" alt=\"\" width=\"700\" height=\"1243\" srcset=\"https:\/\/i0.wp.com\/sinembargo.mx\/wp-content\/uploads\/2021\/03\/ew87bs4vcaebu_k.jpg 700w, https:\/\/i0.wp.com\/sinembargo.mx\/wp-content\/uploads\/2021\/03\/ew87bs4vcaebu_k-169x300.jpg 169w\"><\/p>\n\n\n\n<p>Los supuestos criminales portaban lanzacohetes. Foto: Especial.<img decoding=\"async\" src=\"https:\/\/i0.wp.com\/sinembargo.mx\/wp-content\/uploads\/2021\/03\/ew87deoucaq3rgc.jpg\" alt=\"\" width=\"700\" height=\"1243\" srcset=\"https:\/\/i0.wp.com\/sinembargo.mx\/wp-content\/uploads\/2021\/03\/ew87deoucaq3rgc.jpg 700w, https:\/\/i0.wp.com\/sinembargo.mx\/wp-content\/uploads\/2021\/03\/ew87deoucaq3rgc-169x300.jpg 169w\"><\/p>\n\n\n\n<p>Se desconoce cu\u00e1ntas personas fueron aprehendidas por los hechos. Foto: Especial.<\/p>\n\n\n\n<p>El Gobernador de Nayarit, Antonio Echevarr\u00eda Garc\u00eda, expuso que respaldan la pronta respuesta de las Fuerzas Armadas para restablecer el orden en la zona y pidi\u00f3 a la sociedad actuar con prudencia.<\/p>\n\n\n\n<p>\u201cRefrendamos tambi\u00e9n nuestro compromiso de trabajar de forma coordinada con las instituciones federales para mantener la paz en el estado\u201d, poste\u00f3 el mandatario en su cuenta de Twitter.<\/p>\n\n\n\n<blockquote class=\"wp-block-quote is-style-large is-layout-flow wp-block-quote-is-layout-flow\"><p>La Secretar\u00eda de Seguridad y Protecci\u00f3n Ciudadana de Nayarit inform\u00f3 en un breve mensaje en redes que los hechos tuvieron lugar \u201csobre la carretera federal 200 a la altura de Guayabitos\u201d y que miembros del Ej\u00e9rcito, la Guardia Nacional, la Polic\u00eda estatal y municipal \u201cse encuentran en el lugar\u201d.<\/p><\/blockquote>\n\n\n\n<p>V\u00eddeos grabados desde la playa de Guayabitos que circulan en redes sociales muestran gente en p\u00e1nico por el ruido de r\u00e1fagas de metralleta y explosiones de granadas.<\/p>\n\n\n\n<p>De acuerdo con medios locales, los disparos se debieron a un enfrentamiento entre un grupo armado y las autoridades, luego de que militares hubieran interceptado en la carretera a los presuntos criminales.<\/p>\n\n\n\n<p>Rinc\u00f3n de Guayabitos se encuentra en el peque\u00f1o estado de Nayarit, conocido por las playas de la llamada Riviera Nayarita, que atraen a turismo nacional e internacional.<\/p>\n\n\n\n<p>Se ubica a solo 70 kil\u00f3metros de Puerto Vallarta, una tur\u00edstica ciudad de playa del vecino estado de Jalisco.<\/p>\n\n\n\n<figure class=\"wp-block-embed is-type-rich is-provider-twitter wp-block-embed-twitter\"><div class=\"wp-block-embed__wrapper\">\n<blockquote class=\"twitter-tweet\" data-width=\"500\" data-dnt=\"true\"><p lang=\"es\" dir=\"ltr\">Fuerte balacera en Rinc\u00f3n de Guayabitos, y autoridades de aquel estado no han dicho nada&#8230;. <a href=\"https:\/\/t.co\/X3f90O11GJ\">pic.twitter.com\/X3f90O11GJ<\/a><\/p>&mdash; Diego Garc\u00eda \u300b Reportero (@DiegoGarciaH) <a href=\"https:\/\/twitter.com\/DiegoGarciaH\/status\/1373322454135926784?ref_src=twsrc%5Etfw\">March 20, 2021<\/a><\/blockquote><script async src=\"https:\/\/platform.twitter.com\/widgets.js\" charset=\"utf-8\"><\/script>\n<\/div><\/figure>\n\n\n\n<figure class=\"wp-block-embed is-type-rich is-provider-twitter wp-block-embed-twitter\"><div class=\"wp-block-embed__wrapper\">\n<blockquote class=\"twitter-tweet\" data-width=\"500\" data-dnt=\"true\"><p lang=\"es\" dir=\"ltr\">Otro de los videos que captaron pescadores en Guayabitos, Nayarit, hace una hora donde se registra enfrentamiento <a href=\"https:\/\/t.co\/jCs74Autlc\">pic.twitter.com\/jCs74Autlc<\/a><\/p>&mdash; Eloy Arellano (@Eloy_Arellano) <a href=\"https:\/\/twitter.com\/Eloy_Arellano\/status\/1373318542725107713?ref_src=twsrc%5Etfw\">March 20, 2021<\/a><\/blockquote><script async src=\"https:\/\/platform.twitter.com\/widgets.js\" charset=\"utf-8\"><\/script>\n<\/div><\/figure>\n\n\n\n<figure class=\"wp-block-embed is-type-rich is-provider-twitter wp-block-embed-twitter\"><div class=\"wp-block-embed__wrapper\">\n<blockquote class=\"twitter-tweet\" data-width=\"500\" data-dnt=\"true\"><p lang=\"es\" dir=\"ltr\">Heavy gunfire reported in Rinc\u00f3n de Guayabitos in Nayarit. <a href=\"https:\/\/t.co\/Fi6qOmEXho\">pic.twitter.com\/Fi6qOmEXho<\/a><\/p>&mdash; DEMOLER (@DEMOLER_) <a href=\"https:\/\/twitter.com\/DEMOLER_\/status\/1373345415467241474?ref_src=twsrc%5Etfw\">March 20, 2021<\/a><\/blockquote><script async src=\"https:\/\/platform.twitter.com\/widgets.js\" charset=\"utf-8\"><\/script>\n<\/div><\/figure>\n\n\n\n<figure class=\"wp-block-embed is-type-rich is-provider-twitter wp-block-embed-twitter\"><div class=\"wp-block-embed__wrapper\">\nhttps:\/\/twitter.com\/PacoGuillenMX\/status\/1373330317927313413?ref_src=twsrc%5Etfw%7Ctwcamp%5Etweetembed%7Ctwterm%5E1373330317927313413%7Ctwgr%5E%7Ctwcon%5Es1_c10&#038;ref_url=https%3A%2F%2Fwww.sinembargo.mx%2F20-03-2021%2F3953703\n<\/div><\/figure>\n\n\n\n<p>Jalisco es adem\u00e1s sede del C\u00e1rtel Jalisco Nueva Generaci\u00f3n (CJNG), considerado el grupo criminal de mayor crecimiento y violencia de M\u00e9xico.<img decoding=\"async\" src=\"https:\/\/i0.wp.com\/sinembargo.mx\/wp-content\/uploads\/2021\/03\/cuartoscuro_728517_digital-2.jpg\" alt=\"\"><\/p>\n\n\n\n<h4 class=\"wp-block-heading\"><a href=\"https:\/\/www.sinembargo.mx\/13-03-2021\/3950558\">VER M\u00c1S<\/a><\/h4>\n\n\n\n<h5 class=\"wp-block-heading\"><a href=\"https:\/\/www.sinembargo.mx\/13-03-2021\/3950558\">La violencia cimbra a M\u00e9xico, y el temprano 2021 suma 21 masacres que dejan al menos 122 muertos<\/a><\/h5>\n\n\n\n<p>El jefe del Comando Norte de Estados Unidos, el general Glen VanHerck, se\u00f1al\u00f3 el martes pasado en una rueda de prensa desde el Pent\u00e1gono que entre el 30 por ciento y el 35 por ciento del territorio mexicano es controlado por organizaciones criminales.<\/p>\n\n\n\n<p>El Gobierno mexicano neg\u00f3 estos se\u00f1alamientos el viernes, solo un d\u00eda despu\u00e9s de una emboscada que dej\u00f3 13 agentes de seguridad muertos en el central Estado de M\u00e9xico.<\/p>\n\n\n\n<p>Cuestionada sobre el control territorial de los grupos delictivos, la secretaria de Seguridad, Rosa Icela Rodr\u00edguez, dijo: \u201cDe ninguna manera, esa afirmaci\u00f3n no es real. Tajantemente la negamos\u201d.<\/p>\n\n\n\n<p>M\u00e9xico cerr\u00f3 en 2020 con 34 mil 531 v\u00edctimas de homicidio doloso, una cifra ligeramente inferior a los 34 mil 648 casos de 2019, considerado el a\u00f1o m\u00e1s violento en la historia contempor\u00e1nea del pa\u00eds.<\/p>\n\n\n\n<p>Fuente: https:\/\/www.sinembargo.mx\/20-03-2021\/3953703<\/p>\n","protected":false},"excerpt":{"rendered":"<p>V\u00eddeos grabados desde la playa de Guayabitos que circulan en redes sociales muestran gente en p\u00e1nico por el ruido de [&hellip;]<\/p>\n","protected":false},"author":1,"featured_media":5997,"comment_status":"open","ping_status":"open","sticky":false,"template":"","format":"standard","meta":{"site-sidebar-layout":"default","site-content-layout":"","ast-site-content-layout":"default","site-content-style":"default","site-sidebar-style":"default","ast-global-header-display":"","ast-banner-title-visibility":"","ast-main-header-display":"","ast-hfb-above-header-display":"","ast-hfb-below-header-display":"","ast-hfb-mobile-header-display":"","site-post-title":"","ast-breadcrumbs-content":"","ast-featured-img":"","footer-sml-layout":"","theme-transparent-header-meta":"","adv-header-id-meta":"","stick-header-meta":"","header-above-stick-meta":"","header-main-stick-meta":"","header-below-stick-meta":"","astra-migrate-meta-layouts":"default","ast-page-background-enabled":"default","ast-page-background-meta":{"desktop":{"background-color":"var(--ast-global-color-4)","background-image":"","background-repeat":"repeat","background-position":"center center","background-size":"auto","background-attachment":"scroll","background-type":"","background-media":"","overlay-type":"","overlay-color":"","overlay-opacity":"","overlay-gradient":""},"tablet":{"background-color":"","background-image":"","background-repeat":"repeat","background-position":"center center","background-size":"auto","background-attachment":"scroll","background-type":"","background-media":"","overlay-type":"","overlay-color":"","overlay-opacity":"","overlay-gradient":""},"mobile":{"background-color":"","background-image":"","background-repeat":"repeat","background-position":"center center","background-size":"auto","background-attachment":"scroll","background-type":"","background-media":"","overlay-type":"","overlay-color":"","overlay-opacity":"","overlay-gradient":""}},"ast-content-background-meta":{"desktop":{"background-color":"var(--ast-global-color-5)","background-image":"","background-repeat":"repeat","background-position":"center center","background-size":"auto","background-attachment":"scroll","background-type":"","background-media":"","overlay-type":"","overlay-color":"","overlay-opacity":"","overlay-gradient":""},"tablet":{"background-color":"var(--ast-global-color-5)","background-image":"","background-repeat":"repeat","background-position":"center center","background-size":"auto","background-attachment":"scroll","background-type":"","background-media":"","overlay-type":"","overlay-color":"","overlay-opacity":"","overlay-gradient":""},"mobile":{"background-color":"var(--ast-global-color-5)","background-image":"","background-repeat":"repeat","background-position":"center center","background-size":"auto","background-attachment":"scroll","background-type":"","background-media":"","overlay-type":"","overlay-color":"","overlay-opacity":"","overlay-gradient":""}},"footnotes":""},"categories":[8],"tags":[372,610,609],"class_list":["post-5996","post","type-post","status-publish","format-standard","has-post-thumbnail","hentry","category-noticias","tag-cjng","tag-el-m3","tag-erick-del-toro-lopez"],"_links":{"self":[{"href":"https:\/\/losperiodistas.com.mx\/portal\/wp-json\/wp\/v2\/posts\/5996","targetHints":{"allow":["GET"]}}],"collection":[{"href":"https:\/\/losperiodistas.com.mx\/portal\/wp-json\/wp\/v2\/posts"}],"about":[{"href":"https:\/\/losperiodistas.com.mx\/portal\/wp-json\/wp\/v2\/types\/post"}],"author":[{"embeddable":true,"href":"https:\/\/losperiodistas.com.mx\/portal\/wp-json\/wp\/v2\/users\/1"}],"replies":[{"embeddable":true,"href":"https:\/\/losperiodistas.com.mx\/portal\/wp-json\/wp\/v2\/comments?post=5996"}],"version-history":[{"count":1,"href":"https:\/\/losperiodistas.com.mx\/portal\/wp-json\/wp\/v2\/posts\/5996\/revisions"}],"predecessor-version":[{"id":5998,"href":"https:\/\/losperiodistas.com.mx\/portal\/wp-json\/wp\/v2\/posts\/5996\/revisions\/5998"}],"wp:featuredmedia":[{"embeddable":true,"href":"https:\/\/losperiodistas.com.mx\/portal\/wp-json\/wp\/v2\/media\/5997"}],"wp:attachment":[{"href":"https:\/\/losperiodistas.com.mx\/portal\/wp-json\/wp\/v2\/media?parent=5996"}],"wp:term":[{"taxonomy":"category","embeddable":true,"href":"https:\/\/losperiodistas.com.mx\/portal\/wp-json\/wp\/v2\/categories?post=5996"},{"taxonomy":"post_tag","embeddable":true,"href":"https:\/\/losperiodistas.com.mx\/portal\/wp-json\/wp\/v2\/tags?post=5996"}],"curies":[{"name":"wp","href":"https:\/\/api.w.org\/{rel}","templated":true}]}}