{"id":59922,"date":"2023-09-29T08:21:11","date_gmt":"2023-09-29T13:21:11","guid":{"rendered":"http:\/\/losperiodistas.com.mx\/portal\/?p=59922"},"modified":"2023-09-29T08:21:13","modified_gmt":"2023-09-29T13:21:13","slug":"aspirantes-independientes-a-la-gubernatura-deberan-reunir-al-menos-146-mil-firmas-oem","status":"publish","type":"post","link":"https:\/\/losperiodistas.com.mx\/portal\/aspirantes-independientes-a-la-gubernatura-deberan-reunir-al-menos-146-mil-firmas-oem\/","title":{"rendered":"Aspirantes independientes a la gubernatura deber\u00e1n reunir al menos 146 mil firmas | OEM"},"content":{"rendered":"\n<h3 class=\"has-pale-pink-background-color has-background has-medium-font-size wp-block-heading\">La publicaci\u00f3n de la convocatoria estar\u00e1 vigente a partir del 4 y hasta el 28 de octubre de este a\u00f1o<\/h3>\n\n\n\n<figure class=\"wp-block-image size-large is-style-default\"><img fetchpriority=\"high\" decoding=\"async\" width=\"1024\" height=\"727\" src=\"https:\/\/losperiodistas.com.mx\/portal\/wp-content\/uploads\/2023\/09\/Captura-de-Pantalla-2023-09-29-a-las-7.15.58-1024x727.jpg\" alt=\"\" class=\"wp-image-59923\" srcset=\"https:\/\/losperiodistas.com.mx\/portal\/wp-content\/uploads\/2023\/09\/Captura-de-Pantalla-2023-09-29-a-las-7.15.58-1024x727.jpg 1024w, https:\/\/losperiodistas.com.mx\/portal\/wp-content\/uploads\/2023\/09\/Captura-de-Pantalla-2023-09-29-a-las-7.15.58-300x213.jpg 300w, https:\/\/losperiodistas.com.mx\/portal\/wp-content\/uploads\/2023\/09\/Captura-de-Pantalla-2023-09-29-a-las-7.15.58-768x545.jpg 768w, https:\/\/losperiodistas.com.mx\/portal\/wp-content\/uploads\/2023\/09\/Captura-de-Pantalla-2023-09-29-a-las-7.15.58.jpg 1496w\" sizes=\"(max-width: 1024px) 100vw, 1024px\" \/><\/figure>\n\n\n\n<p><\/p>\n\n\n\n<p class=\"has-vivid-red-color has-text-color has-medium-font-size\"><strong>VICTORIA VENTURA \/ EL SOL DE PUEBLA<\/strong><\/p>\n\n\n\n<p>Las personas<strong>&nbsp;interesadas en contender por la gubernatura de Puebla<\/strong>, por la v\u00eda&nbsp;<strong>independiente<\/strong>, deber\u00e1n contar con el respaldo de m\u00e1s de<strong>&nbsp;146 mil ciudadanos en un plazo de 60 d\u00edas<\/strong>&nbsp;y, de conseguir los niveles que estipula el \u00f3rgano electoral en el estado, podr\u00e1n ser inscritos como candidatos.<\/p>\n\n\n\n<p>As\u00ed lo determinaron los<strong>\u00a0consejeros y consejeras del Instituto Electoral del Estado<\/strong>\u00a0(IEE), quienes aprobaron la convocatoria para que los interesados en buscar un cargo de elecci\u00f3n popular a nivel local \u2013 gubernatura, diputaciones y presidencias municipales\u2014sin el respaldo de los partidos pol\u00edticos.<\/p>\n\n\n\n<p>Se explic\u00f3 que la publicaci\u00f3n de la convocatoria&nbsp;<strong>estar\u00e1 vigente a partir del 4 y hasta el 28 de octubre<\/strong>&nbsp;de este a\u00f1o y tambi\u00e9n tendr\u00e1n que hacer la presentaci\u00f3n de su manifestaci\u00f3n de intenci\u00f3n.<\/p>\n\n\n\n<p>Despu\u00e9s de un an\u00e1lisis que emprenda el \u00f3rgano electoral, a m\u00e1s tardar el 6 de noviembre los interesados que hayan cumplido con los requisitos de la convocatoria&nbsp;<strong>ser\u00e1n notificados sobre la determinaci\u00f3n del IEE.<\/strong><\/p>\n\n\n\n<p><a href=\"https:\/\/www.elsoldepuebla.com.mx\/local\/\">LOCAL<\/a><\/p>\n\n\n\n<figure class=\"wp-block-image is-style-default\"><a href=\"https:\/\/www.elsoldepuebla.com.mx\/local\/corcholatas-de-morena-han-gastado-mas-de-200-mdp-en-promocion-jesus-zaldivar-10764500.html\"><img decoding=\"async\" src=\"https:\/\/www.elsoldepuebla.com.mx\/local\/1jjttu-jesus-zaldivar-denuncia-contra-aspirante-de-morena-por-espectaculares-.jpg\/alternates\/LANDSCAPE_200\/jesus%20zaldivar%20denuncia%20contra%20aspirante%20de%20Morena%20por%20espectaculares%20.jpg\" alt=\"\" title=\"jesus zaldivar denuncia contra aspirante de Morena por espectaculares .jpg\"\/><\/a><\/figure>\n\n\n\n<h4 class=\"wp-block-heading\"><a href=\"https:\/\/www.elsoldepuebla.com.mx\/local\/corcholatas-de-morena-han-gastado-mas-de-200-mdp-en-promocion-jesus-zaldivar-10764500.html\">Corcholatas de Morena han gastado m\u00e1s de 200 mdp en promoci\u00f3n: Jesus Zaldivar<\/a><\/h4>\n\n\n\n<p>Mientras que del 23 de noviembre al 21 de enero de 2024 los y las aspirantes a un cargo de poder en la entidad<strong>&nbsp;deber\u00e1n recolectar las firmas de la ciudadan\u00eda<\/strong>, para que el 22 de enero env\u00eden al servicio de apoyos de la ciudadan\u00eda guardados en dispositivos telef\u00f3nicos o entrega f\u00edsica de las c\u00e9dulas de apoyo.<\/p>\n\n\n\n<p>En este punto, el consejero y presidente de la Comisi\u00f3n Permanente de Organizaci\u00f3n Electoral,<strong>&nbsp;Arturo Baltazar Trujano,<\/strong>&nbsp;precis\u00f3 que se realiz\u00f3 una ampliaci\u00f3n en el periodo de tiempo para la recolecci\u00f3n de firmas,&nbsp;<strong>pasando de 30 a 60 d\u00edas<\/strong>, como parte de una sentencia de orden federal.<\/p>\n\n\n\n<p>Con ello, se espera que sea<strong>&nbsp;el 30 de marzo del pr\u00f3ximo a\u00f1o cuando<\/strong>&nbsp;el IEE haga un pronunciamiento sobre aquellas solicitudes que resultan procedentes para poder participar en el proceso electoral mediante dicho mecanismo.<\/p>\n\n\n\n<p>Asimismo, se detall\u00f3 que los apoyos de la ciudadan\u00eda<strong>&nbsp;deber\u00e1n representar el tres por ciento del listado nominal del estado,<\/strong>&nbsp;distrito o municipio, dependiendo el cargo al que se aspire. Es decir, en el caso del gobierno de Puebla deber\u00e1 contar con 146 mil 457 firmas, pues seg\u00fan la lista nominal del Instituto Nacional Electoral (INE) el registro de Puebla asciende a 4 millones 881 mil 912.<\/p>\n\n\n\n<p>Entre otros requisitos que se necesitan para aspirar a un cargo por la v\u00eda independiente destacan, tener 18 a\u00f1os cumplidos el d\u00eda de la elecci\u00f3n,&nbsp;<strong>30 para el caso de la gubernatura;<\/strong>&nbsp;asistir al curso de paridad de g\u00e9nero, derechos humanos y no discriminaci\u00f3n, as\u00ed como de prevenci\u00f3n, atenci\u00f3n y erradicaci\u00f3n de la violencia pol\u00edtica de g\u00e9nero que imparta el IEE.<\/p>\n\n\n\n<p>Tampoco haber sido sancionado(a) con sentencia firme por violencia sexual, familiar, pol\u00edtica de g\u00e9nero ni haber sido declarado(a) como persona deudora alimentaria morosa.<\/p>\n\n\n\n<p>Fuente: <a href=\"https:\/\/www.elsoldepuebla.com.mx\/local\/aspirantes-independientes-a-la-gubernatura-deberan-reunir-al-menos-146-mil-firmas-10767017.html\">https:\/\/www.elsoldepuebla.com.mx\/local\/aspirantes-independientes-a-la-gubernatura-deberan-reunir-al-menos-146-mil-firmas-10767017.html<\/a><\/p>\n","protected":false},"excerpt":{"rendered":"<p>La publicaci\u00f3n de la convocatoria estar\u00e1 vigente a partir del 4 y hasta el 28 de octubre de este a\u00f1o [&hellip;]<\/p>\n","protected":false},"author":1,"featured_media":59923,"comment_status":"open","ping_status":"open","sticky":false,"template":"","format":"standard","meta":{"site-sidebar-layout":"default","site-content-layout":"","ast-site-content-layout":"default","site-content-style":"default","site-sidebar-style":"default","ast-global-header-display":"","ast-banner-title-visibility":"","ast-main-header-display":"","ast-hfb-above-header-display":"","ast-hfb-below-header-display":"","ast-hfb-mobile-header-display":"","site-post-title":"","ast-breadcrumbs-content":"","ast-featured-img":"","footer-sml-layout":"","theme-transparent-header-meta":"","adv-header-id-meta":"","stick-header-meta":"","header-above-stick-meta":"","header-main-stick-meta":"","header-below-stick-meta":"","astra-migrate-meta-layouts":"default","ast-page-background-enabled":"default","ast-page-background-meta":{"desktop":{"background-color":"var(--ast-global-color-4)","background-image":"","background-repeat":"repeat","background-position":"center center","background-size":"auto","background-attachment":"scroll","background-type":"","background-media":"","overlay-type":"","overlay-color":"","overlay-opacity":"","overlay-gradient":""},"tablet":{"background-color":"","background-image":"","background-repeat":"repeat","background-position":"center center","background-size":"auto","background-attachment":"scroll","background-type":"","background-media":"","overlay-type":"","overlay-color":"","overlay-opacity":"","overlay-gradient":""},"mobile":{"background-color":"","background-image":"","background-repeat":"repeat","background-position":"center center","background-size":"auto","background-attachment":"scroll","background-type":"","background-media":"","overlay-type":"","overlay-color":"","overlay-opacity":"","overlay-gradient":""}},"ast-content-background-meta":{"desktop":{"background-color":"var(--ast-global-color-5)","background-image":"","background-repeat":"repeat","background-position":"center center","background-size":"auto","background-attachment":"scroll","background-type":"","background-media":"","overlay-type":"","overlay-color":"","overlay-opacity":"","overlay-gradient":""},"tablet":{"background-color":"var(--ast-global-color-5)","background-image":"","background-repeat":"repeat","background-position":"center center","background-size":"auto","background-attachment":"scroll","background-type":"","background-media":"","overlay-type":"","overlay-color":"","overlay-opacity":"","overlay-gradient":""},"mobile":{"background-color":"var(--ast-global-color-5)","background-image":"","background-repeat":"repeat","background-position":"center center","background-size":"auto","background-attachment":"scroll","background-type":"","background-media":"","overlay-type":"","overlay-color":"","overlay-opacity":"","overlay-gradient":""}},"footnotes":""},"categories":[8],"tags":[19238,5486,3392,13297],"class_list":["post-59922","post","type-post","status-publish","format-standard","has-post-thumbnail","hentry","category-noticias","tag-candidatos-independientes","tag-elecciones-2024","tag-gobierno-puebla","tag-iee"],"_links":{"self":[{"href":"https:\/\/losperiodistas.com.mx\/portal\/wp-json\/wp\/v2\/posts\/59922","targetHints":{"allow":["GET"]}}],"collection":[{"href":"https:\/\/losperiodistas.com.mx\/portal\/wp-json\/wp\/v2\/posts"}],"about":[{"href":"https:\/\/losperiodistas.com.mx\/portal\/wp-json\/wp\/v2\/types\/post"}],"author":[{"embeddable":true,"href":"https:\/\/losperiodistas.com.mx\/portal\/wp-json\/wp\/v2\/users\/1"}],"replies":[{"embeddable":true,"href":"https:\/\/losperiodistas.com.mx\/portal\/wp-json\/wp\/v2\/comments?post=59922"}],"version-history":[{"count":1,"href":"https:\/\/losperiodistas.com.mx\/portal\/wp-json\/wp\/v2\/posts\/59922\/revisions"}],"predecessor-version":[{"id":59924,"href":"https:\/\/losperiodistas.com.mx\/portal\/wp-json\/wp\/v2\/posts\/59922\/revisions\/59924"}],"wp:featuredmedia":[{"embeddable":true,"href":"https:\/\/losperiodistas.com.mx\/portal\/wp-json\/wp\/v2\/media\/59923"}],"wp:attachment":[{"href":"https:\/\/losperiodistas.com.mx\/portal\/wp-json\/wp\/v2\/media?parent=59922"}],"wp:term":[{"taxonomy":"category","embeddable":true,"href":"https:\/\/losperiodistas.com.mx\/portal\/wp-json\/wp\/v2\/categories?post=59922"},{"taxonomy":"post_tag","embeddable":true,"href":"https:\/\/losperiodistas.com.mx\/portal\/wp-json\/wp\/v2\/tags?post=59922"}],"curies":[{"name":"wp","href":"https:\/\/api.w.org\/{rel}","templated":true}]}}