{"id":59898,"date":"2023-09-28T12:10:42","date_gmt":"2023-09-28T17:10:42","guid":{"rendered":"http:\/\/losperiodistas.com.mx\/portal\/?p=59898"},"modified":"2023-09-28T12:10:44","modified_gmt":"2023-09-28T17:10:44","slug":"monologos-de-menade-morena-y-el-efecto-mariposa","status":"publish","type":"post","link":"https:\/\/losperiodistas.com.mx\/portal\/monologos-de-menade-morena-y-el-efecto-mariposa\/","title":{"rendered":"Mon\u00f3logos de M\u00e9nade | Morena y el efecto mariposa"},"content":{"rendered":"\n<p class=\"has-medium-font-size\">Puebla, Morena y el efecto mariposa\u2026 al final nos vamos a tener que conformar con lo que nos toca.<\/p>\n\n\n\n<p><\/p>\n\n\n\n<figure class=\"wp-block-image size-large is-style-default\"><img fetchpriority=\"high\" decoding=\"async\" width=\"1024\" height=\"576\" src=\"https:\/\/losperiodistas.com.mx\/portal\/wp-content\/uploads\/2023\/09\/Morena-y-el-efecto-mariposa-1024x576.jpg\" alt=\"\" class=\"wp-image-59899\" srcset=\"https:\/\/losperiodistas.com.mx\/portal\/wp-content\/uploads\/2023\/09\/Morena-y-el-efecto-mariposa-1024x576.jpg 1024w, https:\/\/losperiodistas.com.mx\/portal\/wp-content\/uploads\/2023\/09\/Morena-y-el-efecto-mariposa-300x169.jpg 300w, https:\/\/losperiodistas.com.mx\/portal\/wp-content\/uploads\/2023\/09\/Morena-y-el-efecto-mariposa-768x432.jpg 768w, https:\/\/losperiodistas.com.mx\/portal\/wp-content\/uploads\/2023\/09\/Morena-y-el-efecto-mariposa.jpg 1200w\" sizes=\"(max-width: 1024px) 100vw, 1024px\" \/><\/figure>\n\n\n\n<p><\/p>\n\n\n\n<p><\/p>\n\n\n\n<p class=\"has-vivid-red-color has-text-color\" style=\"font-size:26px\"><strong><em>Por Itandehui Rodr\u00edguez Mart\u00ednez<\/em><\/strong><\/p>\n\n\n\n<p>@Itandehui_RoMa<\/p>\n\n\n\n<p><\/p>\n\n\n\n<p>Lo que estamos viendo a nivel nacional, terminar\u00e1 repercutiendo en Puebla. Esta pel\u00edcula se llama \u201cMorena y el efecto mariposa\u201d.<\/p>\n\n\n\n<p>No, no hay romance entre Claudia Sheinbaum y Andr\u00e9s Manuel L\u00f3pez Obrador, por algo ayer Alejandro Encinas mand\u00f3 un mensaje demoledor. La decisi\u00f3n de impulsar a Omar Garc\u00eda Harfuch, mejor conocido como \u201cOmar, bomb\u00f3n, te quiero en mi colch\u00f3n\u201d, le est\u00e1 generando costos muy altos a la Coordinadora Nacional de los Comit\u00e9s de Defensa de la 4T.<\/p>\n\n\n\n<p>Le entregaron el bast\u00f3n de mando, s\u00ed, pero le entregaron uno de juguete, porque no es ella la verdadera tomadora de decisiones. Esto comienza a encender las alarmas en Palacio Nacional\u2026 Claudia est\u00e1 queriendo salirse del huacal y eso no le gusta a cabecita de algod\u00f3n.<\/p>\n\n\n\n<p>El guap\u00edsimo Omar Garc\u00eda Harfuch no puede borrar su pasado y su cercan\u00eda con el enemigo n\u00famero 2 del lopezobradorismo. Porque el 1 es Felipe Calder\u00f3n y, el 2, es Genaro Garc\u00eda Luna.<\/p>\n\n\n\n<p>Las plumas de Presidencia no se han cansado de se\u00f1alar el error de la exjefa de Gobierno. Pero el mensaje de Alejandro Encinas, repito, le lanz\u00f3 una flecha derecha. Fue un: \u201cClaudia, te est\u00e1s equivocando y no te lo vamos a permitir\u201d.<\/p>\n\n\n\n<p>Lo que suceda aqu\u00ed con el Consejo Estatal, los jaloneos, los pleitos son verdaderamente intramusculares, con todo el respeto que me merecen los que lo componen. No es m\u00e1s que un montaje al que se est\u00e1n prestando.<\/p>\n\n\n\n<p>Es eso, nada m\u00e1s, eso es todo, finito\u2026 capito. Todas y cada una de las decisiones, las tomar\u00e1 la Comisi\u00f3n de Elecciones, compuesta por 5 personas, entre ellas, Mario Delgado y Citlali Hern\u00e1ndez. Con la aprobaci\u00f3n del jefe supremo, obviamente.<\/p>\n\n\n\n<p>Van a meter a quien quieran, van a sacar a quien quieran, van a aparecer y desaparecer a quien quieran. Porque las decisiones se tomaron, se toman y se seguir\u00e1n tomando desde el centro, \u00a1abran los ojos! Es algo que no hemos querido aceptar ni acabado de entender a pesar de tantos a\u00f1os de presenciar designaciones de candidatos a la gubernatura.<\/p>\n\n\n\n<p>Hablemos de la CDMX, quedan dos opciones reales, el Doctor Muerte, alias Hugo L\u00f3pez-Gatell\u2026 No, no me equivoqu\u00e9, despu\u00e9s del p\u00e9simo manejo de la pandemia, su nombre es Doctor Muerte. Bueno, pero quedan dos opciones, el Doctor Muerte y Clara Brugada y, claramente, Clara Brugada s\u00ed tiene con qu\u00e9 pelear la candidatura.<\/p>\n\n\n\n<p>La designaci\u00f3n del Doctor Muerte u \u201cOmar bomb\u00f3n, te quiero en mi colch\u00f3n\u201d representar\u00eda el riesgo inminente de que se pierda no solo la Ciudad de M\u00e9xico, sino la cuarta circunscripci\u00f3n. Aprovecho para recordarles, la cuarta circunscripci\u00f3n est\u00e1 compuesta por la CDMX, Morelos, Tlaxcala, Puebla y Guerrero.<\/p>\n\n\n\n<p>Eso modificar\u00e1 la conformaci\u00f3n de los bloques de competitividad. Adem\u00e1s, si se toma en cuenta el resultado de la elecci\u00f3n de 2018, Puebla se va al primer bloque con CDMX y Tabasco. En este bloque se designar\u00eda a una mujer y dos hombres, para que, en los otros dos, se designaran dos mujeres.<\/p>\n\n\n\n<p>En el caso de que se considere la elecci\u00f3n de 2019, entonces Puebla se va al segundo bloque. Entrar\u00eda con Veracruz y Morelos, en Veracruz va Roc\u00edo Nahle y depender\u00edamos de la decisi\u00f3n de Morelos.<\/p>\n\n\n\n<p>Si va Rabindranath Salazar Solorio o la senadora Luc\u00eda Meza Guzm\u00e1n, s\u00ed va Rabin, en Puebla, toca mujer, si va Luc\u00eda, en Puebla toca hombre.<\/p>\n\n\n\n<p>Te recomiendo:&nbsp;<a href=\"https:\/\/www.apartadomex.com\/politica\/omar-garcia-harfuch-va-por-la-jefatura-de-gobierno-de-la-cdmx\/20294\/\">Omar Garc\u00eda Harfuch va por la Jefatura de Gobierno de la CDMX<\/a>.<\/p>\n\n\n\n<p>S\u00ed, aunque Usted no lo crea, nuestro futuro depende, en buena parte, de la decisi\u00f3n de Morelos. Y Usted dir\u00e1 \u00bfnosotros qu\u00e9 culpa? Lo mismo dije yo. Pero es lo que hay.<\/p>\n\n\n\n<p>En el caso de Puebla, lo digo con todo el dolor de mi coraz\u00f3n, porque poder femenino, ninguna mujer es competitiva frente a Eduardo Rivera. Si la decisi\u00f3n recayera en Alejandro Armenta o en Nacho Mier, hay m\u00e1s posibilidades de que&nbsp;<a href=\"https:\/\/morena.org\/\">Morena<\/a>&nbsp;mantenga la gubernatura.<\/p>\n\n\n\n<p>Pero con mujer, es misi\u00f3n imposible.<\/p>\n\n\n\n<p>Y todo este desgarriate se desprende de la decisi\u00f3n de Claudia Sheimbaum, o m\u00e1s bien, del nivel de berrinche, si se aferra a imponer a Omar Garc\u00eda Harfuch contra los deseos del presidente o no. Bendito, hermoso y sensual efecto mariposa y sus repercusiones en Morena.<\/p>\n\n\n\n<p>Y s\u00ed, entret\u00e9nganse viendo el jaloneo del Consejo Estatal y que si est\u00e1n comprando consejeros y que si estoy preparando la narrativa para argumentar que me hicieron de chivo los tamales. Peero no va a servir para m\u00e1s.<\/p>\n\n\n\n<p>La decisi\u00f3n la van a tomar 5 personas, bueno, 6 con Claudia Sheinbaum y alguien m\u00e1s avalar\u00e1 y nadie m\u00e1s tendr\u00e1 vela en el entierro.<\/p>\n\n\n\n<p>Por eso les dec\u00eda, Morena y el efecto mariposa, dependemos de Claudia, de la elecci\u00f3n que tomen en cuenta, de la decisi\u00f3n de Morelos\u2026 \u00a1Qu\u00e9 complicado!<\/p>\n\n\n\n<p>De despedida, les dejo un acertijo: \u00bfqui\u00e9n fue el \u00fanico aspirante que no le organiz\u00f3 eventos a Claudia Sheinbaum en Puebla? Que adem\u00e1s se prest\u00f3 para obstaculizar que el candidato de L\u00f3pezcraist, nuestro se\u00f1or\u2026 presidente, presidiera el Senado, su nombre empieza con \u201cA\u201d y termina con \u201clejandro\u201d. La o el primero en adivinar, se llevar\u00e1 un emoji de corazoncito. &nbsp;<\/p>\n\n\n\n<p>No te pierdas:<\/p>\n\n\n\n<blockquote class=\"wp-block-quote is-layout-flow wp-block-quote-is-layout-flow\"><p><a href=\"https:\/\/www.apartadomex.com\/viral\/alejandro-encinas-presenta-informe-sobre-caso-ayotzinapa-y-confirma-que-garcia-harfuch-si-participo\/20887\/\">Alejandro Encinas presenta informe sobre caso Ayotzinapa y confirma que Garc\u00eda Harfuch s\u00ed particip\u00f3.<\/a><\/p><\/blockquote>\n","protected":false},"excerpt":{"rendered":"<p>Puebla, Morena y el efecto mariposa\u2026 al final nos vamos a tener que conformar con lo que nos toca. Por [&hellip;]<\/p>\n","protected":false},"author":1,"featured_media":59899,"comment_status":"open","ping_status":"open","sticky":false,"template":"","format":"standard","meta":{"site-sidebar-layout":"default","site-content-layout":"","ast-site-content-layout":"default","site-content-style":"default","site-sidebar-style":"default","ast-global-header-display":"","ast-banner-title-visibility":"","ast-main-header-display":"","ast-hfb-above-header-display":"","ast-hfb-below-header-display":"","ast-hfb-mobile-header-display":"","site-post-title":"","ast-breadcrumbs-content":"","ast-featured-img":"","footer-sml-layout":"","theme-transparent-header-meta":"","adv-header-id-meta":"","stick-header-meta":"","header-above-stick-meta":"","header-main-stick-meta":"","header-below-stick-meta":"","astra-migrate-meta-layouts":"default","ast-page-background-enabled":"default","ast-page-background-meta":{"desktop":{"background-color":"var(--ast-global-color-4)","background-image":"","background-repeat":"repeat","background-position":"center center","background-size":"auto","background-attachment":"scroll","background-type":"","background-media":"","overlay-type":"","overlay-color":"","overlay-opacity":"","overlay-gradient":""},"tablet":{"background-color":"","background-image":"","background-repeat":"repeat","background-position":"center center","background-size":"auto","background-attachment":"scroll","background-type":"","background-media":"","overlay-type":"","overlay-color":"","overlay-opacity":"","overlay-gradient":""},"mobile":{"background-color":"","background-image":"","background-repeat":"repeat","background-position":"center center","background-size":"auto","background-attachment":"scroll","background-type":"","background-media":"","overlay-type":"","overlay-color":"","overlay-opacity":"","overlay-gradient":""}},"ast-content-background-meta":{"desktop":{"background-color":"var(--ast-global-color-5)","background-image":"","background-repeat":"repeat","background-position":"center center","background-size":"auto","background-attachment":"scroll","background-type":"","background-media":"","overlay-type":"","overlay-color":"","overlay-opacity":"","overlay-gradient":""},"tablet":{"background-color":"var(--ast-global-color-5)","background-image":"","background-repeat":"repeat","background-position":"center center","background-size":"auto","background-attachment":"scroll","background-type":"","background-media":"","overlay-type":"","overlay-color":"","overlay-opacity":"","overlay-gradient":""},"mobile":{"background-color":"var(--ast-global-color-5)","background-image":"","background-repeat":"repeat","background-position":"center center","background-size":"auto","background-attachment":"scroll","background-type":"","background-media":"","overlay-type":"","overlay-color":"","overlay-opacity":"","overlay-gradient":""}},"footnotes":""},"categories":[8,22],"tags":[8711,725],"class_list":["post-59898","post","type-post","status-publish","format-standard","has-post-thumbnail","hentry","category-noticias","category-opinion-invitada","tag-elecciones-puebla-2024","tag-morena-puebla"],"_links":{"self":[{"href":"https:\/\/losperiodistas.com.mx\/portal\/wp-json\/wp\/v2\/posts\/59898","targetHints":{"allow":["GET"]}}],"collection":[{"href":"https:\/\/losperiodistas.com.mx\/portal\/wp-json\/wp\/v2\/posts"}],"about":[{"href":"https:\/\/losperiodistas.com.mx\/portal\/wp-json\/wp\/v2\/types\/post"}],"author":[{"embeddable":true,"href":"https:\/\/losperiodistas.com.mx\/portal\/wp-json\/wp\/v2\/users\/1"}],"replies":[{"embeddable":true,"href":"https:\/\/losperiodistas.com.mx\/portal\/wp-json\/wp\/v2\/comments?post=59898"}],"version-history":[{"count":1,"href":"https:\/\/losperiodistas.com.mx\/portal\/wp-json\/wp\/v2\/posts\/59898\/revisions"}],"predecessor-version":[{"id":59902,"href":"https:\/\/losperiodistas.com.mx\/portal\/wp-json\/wp\/v2\/posts\/59898\/revisions\/59902"}],"wp:featuredmedia":[{"embeddable":true,"href":"https:\/\/losperiodistas.com.mx\/portal\/wp-json\/wp\/v2\/media\/59899"}],"wp:attachment":[{"href":"https:\/\/losperiodistas.com.mx\/portal\/wp-json\/wp\/v2\/media?parent=59898"}],"wp:term":[{"taxonomy":"category","embeddable":true,"href":"https:\/\/losperiodistas.com.mx\/portal\/wp-json\/wp\/v2\/categories?post=59898"},{"taxonomy":"post_tag","embeddable":true,"href":"https:\/\/losperiodistas.com.mx\/portal\/wp-json\/wp\/v2\/tags?post=59898"}],"curies":[{"name":"wp","href":"https:\/\/api.w.org\/{rel}","templated":true}]}}