{"id":59893,"date":"2023-09-28T11:06:55","date_gmt":"2023-09-28T16:06:55","guid":{"rendered":"http:\/\/losperiodistas.com.mx\/portal\/?p=59893"},"modified":"2023-09-28T12:03:55","modified_gmt":"2023-09-28T17:03:55","slug":"ayuntamiento-de-puebla-recibe-notificacion-e-la-scjn-sobre-los-parquimetros","status":"publish","type":"post","link":"https:\/\/losperiodistas.com.mx\/portal\/ayuntamiento-de-puebla-recibe-notificacion-e-la-scjn-sobre-los-parquimetros\/","title":{"rendered":"Ayuntamiento de Puebla recibe notificaci\u00f3n e la SCJN sobre los parqu\u00edmetros"},"content":{"rendered":"\n<p class=\"has-medium-font-size\">-Se dar\u00e1 cumplimiento a la resoluci\u00f3n respecto al cobro, por lo que <strong>el programa continuar\u00e1 en operaci\u00f3n con tarifa cero<\/strong><\/p>\n\n\n\n<p><\/p>\n\n\n\n<div data-wp-interactive=\"core\/file\" class=\"wp-block-file\"><object data-wp-bind--hidden=\"!state.hasPdfPreview\" hidden class=\"wp-block-file__embed\" data=\"https:\/\/losperiodistas.com.mx\/portal\/wp-content\/uploads\/2023\/09\/B788_2023.pdf\" type=\"application\/pdf\" style=\"width:100%;height:600px\" aria-label=\"Incrustado de Incrustado de B788_2023..\"><\/object><a id=\"wp-block-file--media-b246fc3b-7920-44a7-9140-6f4e04ef8994\" href=\"https:\/\/losperiodistas.com.mx\/portal\/wp-content\/uploads\/2023\/09\/B788_2023.pdf\">B788_2023<\/a><a href=\"https:\/\/losperiodistas.com.mx\/portal\/wp-content\/uploads\/2023\/09\/B788_2023.pdf\" class=\"wp-block-file__button\" download aria-describedby=\"wp-block-file--media-b246fc3b-7920-44a7-9140-6f4e04ef8994\">Descarga<\/a><\/div>\n\n\n\n<p><\/p>\n\n\n\n<p><\/p>\n\n\n\n<p class=\"has-vivid-red-color has-text-color has-medium-font-size\"><strong>COMUNICADO<\/strong><\/p>\n\n\n\n<p>El Ayuntamiento de Puebla recibi\u00f3 formalmente la notificaci\u00f3n de la Suprema Corte de Justicia de la Naci\u00f3n en relaci\u00f3n a los parqu\u00edmetros.<\/p>\n\n\n\n<p>Para dar cumplimiento a la resoluci\u00f3n emitida, a partir de este jueves 28 de septiembre, la tarifa ser\u00e1 de 0 pesos y as\u00ed permanecer\u00e1 hasta nuevo aviso.<\/p>\n\n\n\n<p>Debido a que la disposici\u00f3n de la SCJN \u00fanicamente tiene efecto en el cobro, el programa continuar\u00e1 bajo las mismas normas de funcionamiento, como una medida de ordenamiento vehicular.<\/p>\n\n\n\n<p>Por lo anterior, los usuarios deber\u00e1n registrar su placa para el uso de los cajones de estacionamiento hasta por un m\u00e1ximo de 5 horas. Se mantendr\u00e1n las sanciones por exceder el l\u00edmite de tiempo o por no registrarse en el sistema, entre otras que se contemplan dentro del Coremun, toda vez que estas disposiciones no fueron controvertidas, por lo que permanecen vigentes.<\/p>\n\n\n\n<p>Cabe destacar que el uso de los parqu\u00edmetros en el Centro Hist\u00f3rico ha contribuido positivamente al ordenamiento de la zona y a mejorar la movilidad de miles de ciudadanos.<\/p>\n","protected":false},"excerpt":{"rendered":"<p>-Se dar\u00e1 cumplimiento a la resoluci\u00f3n respecto al cobro, por lo que el programa continuar\u00e1 en operaci\u00f3n con tarifa cero [&hellip;]<\/p>\n","protected":false},"author":1,"featured_media":59895,"comment_status":"open","ping_status":"open","sticky":false,"template":"","format":"standard","meta":{"site-sidebar-layout":"default","site-content-layout":"","ast-site-content-layout":"default","site-content-style":"default","site-sidebar-style":"default","ast-global-header-display":"","ast-banner-title-visibility":"","ast-main-header-display":"","ast-hfb-above-header-display":"","ast-hfb-below-header-display":"","ast-hfb-mobile-header-display":"","site-post-title":"","ast-breadcrumbs-content":"","ast-featured-img":"","footer-sml-layout":"","theme-transparent-header-meta":"","adv-header-id-meta":"","stick-header-meta":"","header-above-stick-meta":"","header-main-stick-meta":"","header-below-stick-meta":"","astra-migrate-meta-layouts":"default","ast-page-background-enabled":"default","ast-page-background-meta":{"desktop":{"background-color":"var(--ast-global-color-4)","background-image":"","background-repeat":"repeat","background-position":"center center","background-size":"auto","background-attachment":"scroll","background-type":"","background-media":"","overlay-type":"","overlay-color":"","overlay-opacity":"","overlay-gradient":""},"tablet":{"background-color":"","background-image":"","background-repeat":"repeat","background-position":"center center","background-size":"auto","background-attachment":"scroll","background-type":"","background-media":"","overlay-type":"","overlay-color":"","overlay-opacity":"","overlay-gradient":""},"mobile":{"background-color":"","background-image":"","background-repeat":"repeat","background-position":"center center","background-size":"auto","background-attachment":"scroll","background-type":"","background-media":"","overlay-type":"","overlay-color":"","overlay-opacity":"","overlay-gradient":""}},"ast-content-background-meta":{"desktop":{"background-color":"var(--ast-global-color-5)","background-image":"","background-repeat":"repeat","background-position":"center center","background-size":"auto","background-attachment":"scroll","background-type":"","background-media":"","overlay-type":"","overlay-color":"","overlay-opacity":"","overlay-gradient":""},"tablet":{"background-color":"var(--ast-global-color-5)","background-image":"","background-repeat":"repeat","background-position":"center center","background-size":"auto","background-attachment":"scroll","background-type":"","background-media":"","overlay-type":"","overlay-color":"","overlay-opacity":"","overlay-gradient":""},"mobile":{"background-color":"var(--ast-global-color-5)","background-image":"","background-repeat":"repeat","background-position":"center center","background-size":"auto","background-attachment":"scroll","background-type":"","background-media":"","overlay-type":"","overlay-color":"","overlay-opacity":"","overlay-gradient":""}},"footnotes":""},"categories":[8],"tags":[7279,19234],"class_list":["post-59893","post","type-post","status-publish","format-standard","has-post-thumbnail","hentry","category-noticias","tag-contigoyconrumbo","tag-parquimetros-tarifa-cero"],"_links":{"self":[{"href":"https:\/\/losperiodistas.com.mx\/portal\/wp-json\/wp\/v2\/posts\/59893","targetHints":{"allow":["GET"]}}],"collection":[{"href":"https:\/\/losperiodistas.com.mx\/portal\/wp-json\/wp\/v2\/posts"}],"about":[{"href":"https:\/\/losperiodistas.com.mx\/portal\/wp-json\/wp\/v2\/types\/post"}],"author":[{"embeddable":true,"href":"https:\/\/losperiodistas.com.mx\/portal\/wp-json\/wp\/v2\/users\/1"}],"replies":[{"embeddable":true,"href":"https:\/\/losperiodistas.com.mx\/portal\/wp-json\/wp\/v2\/comments?post=59893"}],"version-history":[{"count":2,"href":"https:\/\/losperiodistas.com.mx\/portal\/wp-json\/wp\/v2\/posts\/59893\/revisions"}],"predecessor-version":[{"id":59897,"href":"https:\/\/losperiodistas.com.mx\/portal\/wp-json\/wp\/v2\/posts\/59893\/revisions\/59897"}],"wp:featuredmedia":[{"embeddable":true,"href":"https:\/\/losperiodistas.com.mx\/portal\/wp-json\/wp\/v2\/media\/59895"}],"wp:attachment":[{"href":"https:\/\/losperiodistas.com.mx\/portal\/wp-json\/wp\/v2\/media?parent=59893"}],"wp:term":[{"taxonomy":"category","embeddable":true,"href":"https:\/\/losperiodistas.com.mx\/portal\/wp-json\/wp\/v2\/categories?post=59893"},{"taxonomy":"post_tag","embeddable":true,"href":"https:\/\/losperiodistas.com.mx\/portal\/wp-json\/wp\/v2\/tags?post=59893"}],"curies":[{"name":"wp","href":"https:\/\/api.w.org\/{rel}","templated":true}]}}