{"id":59881,"date":"2023-09-28T08:58:33","date_gmt":"2023-09-28T13:58:33","guid":{"rendered":"http:\/\/losperiodistas.com.mx\/portal\/?p=59881"},"modified":"2023-09-28T08:58:35","modified_gmt":"2023-09-28T13:58:35","slug":"peso-bajo-presion-y-esta-en-su-nivel-mas-debil-desde-mayo-el-economista","status":"publish","type":"post","link":"https:\/\/losperiodistas.com.mx\/portal\/peso-bajo-presion-y-esta-en-su-nivel-mas-debil-desde-mayo-el-economista\/","title":{"rendered":"Peso bajo presi\u00f3n y est\u00e1 en su nivel m\u00e1s d\u00e9bil desde mayo\u00a0| El Economista"},"content":{"rendered":"\n<p class=\"has-background has-medium-font-size\" style=\"background-color:#fad689\">El pr\u00f3ximo a\u00f1o, podr\u00eda reducirse el diferencial de tasas entre M\u00e9xico y Estados Unidos, lo que aunado a una desaceleraci\u00f3n econ\u00f3mica en ambos pa\u00edses, depreciar\u00eda al peso, de acuerdo con Moody\u2019s.<\/p>\n\n\n\n<figure class=\"wp-block-image size-large is-style-default\"><img fetchpriority=\"high\" decoding=\"async\" width=\"1024\" height=\"724\" src=\"https:\/\/losperiodistas.com.mx\/portal\/wp-content\/uploads\/2023\/09\/Captura-de-Pantalla-2023-09-28-a-las-7.54.43-1024x724.jpg\" alt=\"\" class=\"wp-image-59882\" srcset=\"https:\/\/losperiodistas.com.mx\/portal\/wp-content\/uploads\/2023\/09\/Captura-de-Pantalla-2023-09-28-a-las-7.54.43-1024x724.jpg 1024w, https:\/\/losperiodistas.com.mx\/portal\/wp-content\/uploads\/2023\/09\/Captura-de-Pantalla-2023-09-28-a-las-7.54.43-300x212.jpg 300w, https:\/\/losperiodistas.com.mx\/portal\/wp-content\/uploads\/2023\/09\/Captura-de-Pantalla-2023-09-28-a-las-7.54.43-768x543.jpg 768w, https:\/\/losperiodistas.com.mx\/portal\/wp-content\/uploads\/2023\/09\/Captura-de-Pantalla-2023-09-28-a-las-7.54.43.jpg 1486w\" sizes=\"(max-width: 1024px) 100vw, 1024px\" \/><\/figure>\n\n\n\n<p><\/p>\n\n\n\n<p>JUDITH SANTIAGO \/ EL ECONOMISTA<\/p>\n\n\n\n<p>El peso mexicano sigue sin respiro frente al d\u00f3lar y este mi\u00e9rcoles la paridad cerr\u00f3 en su mayor nivel desde mayo, ante la fortaleza de la moneda estadounidense y a la espera de la decisi\u00f3n de pol\u00edtica monetaria del Banco de M\u00e9xico (Banxico).<\/p>\n\n\n\n<p>El d\u00f3lar interbancario cerr\u00f3 la jornada en 17.6880 pesos, tras apuntar una depreciaci\u00f3n intrad\u00eda de 0.87% o 15.21 centavos. Es el mayor cierre del tipo de cambio desde el 31 de mayo pasado (17.6886 unidades).<\/p>\n\n\n\n<p>Es la tercera jornada consecutiva (desde el lunes) en la que el peso se deprecia frente al d\u00f3lar, durante las cuales ha perdido 2.94 por ciento.<\/p>\n\n\n\n<p>El \u00edndice d\u00f3lar -que mide la fortaleza de la divisa estadounidense frente a una canasta de seis monedas- subi\u00f3 0.41% este mi\u00e9rcoles, con lo que hil\u00f3 cinco d\u00edas consecutivos al alza, cerrando en su mayor nivel en 10 meses.<\/p>\n\n\n\n<p>Janneth Quiroz, directora de An\u00e1lisis en Monex Casa de Bolsa, dijo que la depreciaci\u00f3n del peso y la fortaleza del d\u00f3lar en los \u00faltimos d\u00edas se explica por tres factores. El primero tiene que ver con la ret\u00f3rica restrictiva de la Reserva Federal (Fed) estadounidense que apunta a que las tasas de inter\u00e9s podr\u00edan aumentar m\u00e1s y permanecer elevadas por m\u00e1s tiempo.<\/p>\n\n\n\n<p>Igualmente incide el nerviosismo por el deterioro del sector inmobiliario en China, en particular, sobre el destino de Evergrande despu\u00e9s de que los reveses a su plan de reestructuraci\u00f3n aumentaron a\u00fan m\u00e1s los riesgos.<\/p>\n\n\n\n<p>Otro tema est\u00e1 relacionado con el hecho de que Estados Unidos est\u00e1 en camino nuevamente de un cierre del gobierno el 1 de octubre.<\/p>\n\n\n\n<p>Este \u00faltimo punto lo destacan tambi\u00e9n analistas de CI Banco al exponer que los operadores siguen vendiendo acciones y monedas de econom\u00edas emergentes y comprando d\u00f3lares ante la incertidumbre por un cierre de oficinas del gobierno de Estados Unidos.<\/p>\n\n\n\n<p>\u201cHay avances respecto a un acuerdo de financiaci\u00f3n a las agencias federales de seis semanas, pero obtener la aprobaci\u00f3n del Senado ser\u00e1 un desaf\u00edo. El Freedom Caucus de la C\u00e1mara, un grupo de republicanos de l\u00ednea dura, exigen recortes de gastos m\u00e1s pronunciados\u201d, se lee en la nota de CIBanco.<\/p>\n\n\n\n<p>Incluso, tiene como escenario pactar un acuerdo antes de la fecha l\u00edmite, el 30 de septiembre.<\/p>\n\n\n\n<p>Gabriela Siller, directora de An\u00e1lisis en Banco Base, explic\u00f3 que este mi\u00e9rcoles se publicaron datos econ\u00f3micos positivos, con los bienes durables mostrando un crecimiento mensual de 0.2% en agosto, con lo que se sigue reforzando la especulaci\u00f3n de que la Fed hacer un nuevo incremento a su tasa de inter\u00e9s.<\/p>\n\n\n\n<p>Las presiones para la moneda mexicana, agregaron los analistas de CI Banco, podr\u00edan atenuarse si el Banxico env\u00eda \u201cun mensaje hawkish\u201d en el anuncio de pol\u00edtica monetaria de este jueves.<\/p>\n\n\n\n<p>En el \u00faltimo mes, la moneda mexicana se ha depreciado m\u00e1s de 5.0%, luego de que a finales de agosto la Comisi\u00f3n de Cambios decidi\u00f3 reducir el programa de coberturas cambiarias, lo que provoc\u00f3 que el tipo de cambio repuntara por encima de las 17 unidades.<\/p>\n\n\n\n<p>Con ello, agosto se perfila para ser el mes en el que m\u00e1s se ha depreciado el peso frente al d\u00f3lar desde finales de 2021.<\/p>\n\n\n\n<h2 class=\"wp-block-heading\">Riesgos para el 2024<\/h2>\n\n\n\n<p>Arianne Ortiz-Bollin, vicepresidenta senior de cr\u00e9dito en Moody&#8217;s Investors Service, consider\u00f3 que hay diferentes factores de riesgo que podr\u00edan debilitar a la moneda el pr\u00f3ximo a\u00f1o.<\/p>\n\n\n\n<p>\u201cVemos que el pr\u00f3ximo a\u00f1o se puede dar el fen\u00f3meno de que el diferencial de tasas entre Estados Unidos y M\u00e9xico sea m\u00e1s peque\u00f1o, y eso hace menos favorable el carry trade que ha sido una parte importante detr\u00e1s del \u2018s\u00faper\u2019 peso\u201d, dijo la vicepresidenta s\u00e9nior de cr\u00e9dito en Moody\u2019s.<\/p>\n\n\n\n<p>Agreg\u00f3 que igualmente podr\u00eda pesar sobre la perspectiva de la moneda una desaceleraci\u00f3n econ\u00f3mica en Estados Unidos y M\u00e9xico el pr\u00f3ximo a\u00f1o, as\u00ed como el d\u00e9ficit hist\u00f3rico propuesto por el gobierno federal en el Paquete Econ\u00f3mico 2024.<\/p>\n\n\n\n<p>\u201cS\u00ed creemos que este nivel de \u2018s\u00faper\u2019 peso y de una apreciaci\u00f3n tan fuerte como la de este a\u00f1o, empiece a disminuir. \u00bfAhora qu\u00e9 tanto se va a depreciar? S\u00ed creemos que va a seguir fuerte, no vemos que vaya a depreciarse m\u00e1s all\u00e1 de los 20 pesos por d\u00f3lar\u201d, dijo Ortiz-Boll\u00edn.<\/p>\n\n\n\n<p>Asegur\u00f3 que Moody\u2019s estima que el tipo de cambio peso-d\u00f3lar opere en un rango de entre 16 y 18 unidades por d\u00f3lar. \u201cEntonces va a seguir siendo un peso fuerte, pero no tan fuerte\u201d, agreg\u00f3.<\/p>\n\n\n\n<p>La segunda<\/p>\n\n\n\n<p>En lo que va del 2023, el peso se ha apreciado 9.33% frente al d\u00f3lar, con lo que es la segunda moneda que m\u00e1s gana, s\u00f3lo superada por el peso colombiano (m\u00e1s de 15%).<\/p>\n\n\n\n<p>La vicepresidenta s\u00e9nior de cr\u00e9dito de Moody\u2019s afirm\u00f3 que la fortaleza de la econom\u00eda mexicana en los \u00faltimos dos a\u00f1os (en parte por el fen\u00f3meno de relocalizaci\u00f3n de empresas o nearshoring) es junto con el diferencial de tasas, uno de los principales factores que explican la apreciaci\u00f3n de la moneda local.<\/p>\n\n\n\n<p>\u201cEsperamos que este impulso del nearshoring sea real. \u00bfQu\u00e9 tanto puede transformar a la econom\u00eda mexicana? Hay muchas limitantes estructurales, pero s\u00ed es algo que favorece las perspectivas del peso\u201d, asegur\u00f3 Arianne Ortiz-Bollin.<\/p>\n\n\n\n<p>Agreg\u00f3 que a pesar de que el d\u00e9ficit fiscal propuesto para 2024 ser\u00e1 el m\u00e1s grande en d\u00e9cadas, siguen siendo niveles de deuda relativamente favorables.<\/p>\n\n\n\n<p>Ello, sobre todo si se compara con otros pa\u00edses con los cuales compite M\u00e9xico para atraer inversi\u00f3n.<\/p>\n\n\n\n<p><a href=\"mailto:termometro.economico@eleconomista.mx\">termometro.economico@eleconomista.mx<\/a><\/p>\n\n\n\n<p>Fuente: <a href=\"https:\/\/www.eleconomista.com.mx\/mercados\/Peso-bajo-presion-y-esta-en-su-nivel--mas-debil-desde-mayo-20230928-0009.html\">https:\/\/www.eleconomista.com.mx\/mercados\/Peso-bajo-presion-y-esta-en-su-nivel&#8211;mas-debil-desde-mayo-20230928-0009.html<\/a><\/p>\n\n\n\n<hr class=\"wp-block-separator\"\/>\n\n\n\n<p><a href=\"https:\/\/t.me\/LosPeriodistasLive\">S\u00edguenos en Telegram: Los Periodistas<\/a><\/p>\n","protected":false},"excerpt":{"rendered":"<p>El pr\u00f3ximo a\u00f1o, podr\u00eda reducirse el diferencial de tasas entre M\u00e9xico y Estados Unidos, lo que aunado a una desaceleraci\u00f3n [&hellip;]<\/p>\n","protected":false},"author":1,"featured_media":59882,"comment_status":"open","ping_status":"open","sticky":false,"template":"","format":"standard","meta":{"site-sidebar-layout":"default","site-content-layout":"","ast-site-content-layout":"default","site-content-style":"default","site-sidebar-style":"default","ast-global-header-display":"","ast-banner-title-visibility":"","ast-main-header-display":"","ast-hfb-above-header-display":"","ast-hfb-below-header-display":"","ast-hfb-mobile-header-display":"","site-post-title":"","ast-breadcrumbs-content":"","ast-featured-img":"","footer-sml-layout":"","theme-transparent-header-meta":"","adv-header-id-meta":"","stick-header-meta":"","header-above-stick-meta":"","header-main-stick-meta":"","header-below-stick-meta":"","astra-migrate-meta-layouts":"default","ast-page-background-enabled":"default","ast-page-background-meta":{"desktop":{"background-color":"var(--ast-global-color-4)","background-image":"","background-repeat":"repeat","background-position":"center center","background-size":"auto","background-attachment":"scroll","background-type":"","background-media":"","overlay-type":"","overlay-color":"","overlay-opacity":"","overlay-gradient":""},"tablet":{"background-color":"","background-image":"","background-repeat":"repeat","background-position":"center center","background-size":"auto","background-attachment":"scroll","background-type":"","background-media":"","overlay-type":"","overlay-color":"","overlay-opacity":"","overlay-gradient":""},"mobile":{"background-color":"","background-image":"","background-repeat":"repeat","background-position":"center center","background-size":"auto","background-attachment":"scroll","background-type":"","background-media":"","overlay-type":"","overlay-color":"","overlay-opacity":"","overlay-gradient":""}},"ast-content-background-meta":{"desktop":{"background-color":"var(--ast-global-color-5)","background-image":"","background-repeat":"repeat","background-position":"center center","background-size":"auto","background-attachment":"scroll","background-type":"","background-media":"","overlay-type":"","overlay-color":"","overlay-opacity":"","overlay-gradient":""},"tablet":{"background-color":"var(--ast-global-color-5)","background-image":"","background-repeat":"repeat","background-position":"center center","background-size":"auto","background-attachment":"scroll","background-type":"","background-media":"","overlay-type":"","overlay-color":"","overlay-opacity":"","overlay-gradient":""},"mobile":{"background-color":"var(--ast-global-color-5)","background-image":"","background-repeat":"repeat","background-position":"center center","background-size":"auto","background-attachment":"scroll","background-type":"","background-media":"","overlay-type":"","overlay-color":"","overlay-opacity":"","overlay-gradient":""}},"footnotes":""},"categories":[8],"tags":[14477,13773,19231],"class_list":["post-59881","post","type-post","status-publish","format-standard","has-post-thumbnail","hentry","category-noticias","tag-desaceleracion-economica","tag-peso-mexicano","tag-presiones-economicas"],"_links":{"self":[{"href":"https:\/\/losperiodistas.com.mx\/portal\/wp-json\/wp\/v2\/posts\/59881","targetHints":{"allow":["GET"]}}],"collection":[{"href":"https:\/\/losperiodistas.com.mx\/portal\/wp-json\/wp\/v2\/posts"}],"about":[{"href":"https:\/\/losperiodistas.com.mx\/portal\/wp-json\/wp\/v2\/types\/post"}],"author":[{"embeddable":true,"href":"https:\/\/losperiodistas.com.mx\/portal\/wp-json\/wp\/v2\/users\/1"}],"replies":[{"embeddable":true,"href":"https:\/\/losperiodistas.com.mx\/portal\/wp-json\/wp\/v2\/comments?post=59881"}],"version-history":[{"count":1,"href":"https:\/\/losperiodistas.com.mx\/portal\/wp-json\/wp\/v2\/posts\/59881\/revisions"}],"predecessor-version":[{"id":59883,"href":"https:\/\/losperiodistas.com.mx\/portal\/wp-json\/wp\/v2\/posts\/59881\/revisions\/59883"}],"wp:featuredmedia":[{"embeddable":true,"href":"https:\/\/losperiodistas.com.mx\/portal\/wp-json\/wp\/v2\/media\/59882"}],"wp:attachment":[{"href":"https:\/\/losperiodistas.com.mx\/portal\/wp-json\/wp\/v2\/media?parent=59881"}],"wp:term":[{"taxonomy":"category","embeddable":true,"href":"https:\/\/losperiodistas.com.mx\/portal\/wp-json\/wp\/v2\/categories?post=59881"},{"taxonomy":"post_tag","embeddable":true,"href":"https:\/\/losperiodistas.com.mx\/portal\/wp-json\/wp\/v2\/tags?post=59881"}],"curies":[{"name":"wp","href":"https:\/\/api.w.org\/{rel}","templated":true}]}}