{"id":59875,"date":"2023-09-28T07:37:00","date_gmt":"2023-09-28T12:37:00","guid":{"rendered":"http:\/\/losperiodistas.com.mx\/portal\/?p=59875"},"modified":"2023-09-28T07:37:02","modified_gmt":"2023-09-28T12:37:02","slug":"dia-mundial-de-las-noticias-did","status":"publish","type":"post","link":"https:\/\/losperiodistas.com.mx\/portal\/dia-mundial-de-las-noticias-did\/","title":{"rendered":"D\u00eda Mundial de las Noticias | DID"},"content":{"rendered":"\n<figure class=\"wp-block-image size-large is-style-default\"><img fetchpriority=\"high\" decoding=\"async\" width=\"1024\" height=\"657\" src=\"https:\/\/losperiodistas.com.mx\/portal\/wp-content\/uploads\/2023\/09\/Captura-de-Pantalla-2023-09-28-a-las-6.32.17-1024x657.jpg\" alt=\"\" class=\"wp-image-59876\" srcset=\"https:\/\/losperiodistas.com.mx\/portal\/wp-content\/uploads\/2023\/09\/Captura-de-Pantalla-2023-09-28-a-las-6.32.17-1024x657.jpg 1024w, https:\/\/losperiodistas.com.mx\/portal\/wp-content\/uploads\/2023\/09\/Captura-de-Pantalla-2023-09-28-a-las-6.32.17-300x192.jpg 300w, https:\/\/losperiodistas.com.mx\/portal\/wp-content\/uploads\/2023\/09\/Captura-de-Pantalla-2023-09-28-a-las-6.32.17-768x492.jpg 768w, https:\/\/losperiodistas.com.mx\/portal\/wp-content\/uploads\/2023\/09\/Captura-de-Pantalla-2023-09-28-a-las-6.32.17-1536x985.jpg 1536w, https:\/\/losperiodistas.com.mx\/portal\/wp-content\/uploads\/2023\/09\/Captura-de-Pantalla-2023-09-28-a-las-6.32.17.jpg 1544w\" sizes=\"(max-width: 1024px) 100vw, 1024px\" \/><\/figure>\n\n\n\n<p><\/p>\n\n\n\n<p><\/p>\n\n\n\n<p class=\"has-vivid-red-color has-text-color has-medium-font-size\"><strong>REDACCI\u00d3N D\u00cdA INTERNACIONAL DE<\/strong><\/p>\n\n\n\n<p><strong>El 28 de septiembre se celebra el D\u00eda Mundial de las Noticias<\/strong>, con la finalidad de destacar la importancia del periodismo en la emisi\u00f3n y acceso a las noticias e informaciones cre\u00edbles y confiables, as\u00ed como su impacto social.<\/p>\n\n\n\n<p>Gracias a las noticias, las personas se mantienen actualizadas sobre diversos t\u00f3picos y hechos noticiosos, acontecidos alrededor del mundo: pol\u00edtica, finanzas, clima, sociales, deportes y muchos otros temas de inter\u00e9s colectivo.<\/p>\n\n\n\n<h2 class=\"wp-block-heading\" id=\"resTit_1\">\u00bfC\u00f3mo se origin\u00f3 el D\u00eda Mundial de las Noticias?<\/h2>\n\n\n\n<p>La iniciativa de este d\u00eda mundial, en el a\u00f1o 2018, ha sido gracias a las organizaciones Foro Mundial de Editores (WEF), la red de editores dentro de la\u00a0<strong>Asociaci\u00f3n Mundial de Editores de Noticias (WAN-IFRA)<\/strong>\u00a0y la\u00a0<strong>Fundaci\u00f3n Canadiense de Periodismo (CJF)<\/strong>.<\/p>\n\n\n\n<p>Su objetivo es destacar la importancia de la credibilidad del periodismo, basado en hechos y noticias fidedignas y confiables. Cuenta con el respaldo a nivel mundial de m\u00e1s de 500 organizaciones de noticias.<\/p>\n\n\n\n<h2 class=\"wp-block-heading\" id=\"resTit_2\">Lema 2023<\/h2>\n\n\n\n<p>El D\u00eda Mundial de las Noticias en 2023 destacar\u00e1 la importancia fundamental del periodismo cre\u00edble para brindar informaci\u00f3n confiable.<\/p>\n\n\n\n<h2 class=\"wp-block-heading\" id=\"resTit_3\">Las noticias en primera plana<\/h2>\n\n\n\n<p>Uno de los aspectos m\u00e1s importantes de una noticia es que debe ser ver\u00eddica y confiable. Sin embargo, se observa en algunos casos que la calidad de la informaci\u00f3n ha disminuido.<\/p>\n\n\n\n<p>Unido a ello, el uso de las nuevas tecnolog\u00edas de comunicaci\u00f3n en la transmisi\u00f3n de noticias por diversas v\u00edas, como las redes sociales, no es generalmente confiable, surgiendo las denominadas noticias falsas o Fake News.<\/p>\n\n\n\n<p>En tal sentido, es fundamental el rol de los periodistas en la b\u00fasqueda, verificaci\u00f3n y objetividad de informaci\u00f3n fidedigna. Ello contribuye a que el p\u00fablico pueda generar una opini\u00f3n objetiva.<\/p>\n\n\n\n<h2 class=\"wp-block-heading\" id=\"resTit_4\">Filmograf\u00eda<\/h2>\n\n\n\n<p>Mostramos a continuaci\u00f3n algunos t\u00edtulos de documentales y pel\u00edculas interesantes, sobre hechos noticiosos reales y ficticios:<\/p>\n\n\n\n<ul class=\"wp-block-list\"><li><em><strong>Truth (EEUU. Director: James Vanderbilt. A\u00f1o 2015):<\/strong><\/em>&nbsp;durante las elecciones estadounidenses del a\u00f1o 2004 la cadena televisiva CBS mostr\u00f3 un hecho noticioso que puede cambiar el curso de las elecciones.<\/li><li><strong>Spotlight: en primera plana (EEUU. Director: Tom Mc Carthy. A\u00f1o 2015):&nbsp;<\/strong>describe el caso real de un grupo de periodistas del peri\u00f3dico Boston Globe. Expusieron a la luz p\u00fablica el mayor esc\u00e1ndalo de pedofilia de la Iglesia Cat\u00f3lica.<\/li><li><em><strong>Rolling Papers (EEUU. Director: Mitch Dickman. A\u00f1o 2015):&nbsp;<\/strong><\/em>documental que muestra la pol\u00e9mica secci\u00f3n inaugurada por The Denver Post, dedicada a la cultura del cannabis.<\/li><li><strong><em>Buenas noches y buena suerte (EEUU. Director: George Clooney. A\u00f1o 2005):&nbsp;<\/em><\/strong>pel\u00edcula basada en hechos reales ocurridos en los a\u00f1os cincuenta sobre el caso de un piloto expulsado de la Armada. Fue rese\u00f1ado en el programa See It Now, transmitido por la cadena televisiva CBS.<\/li><li><em><strong>Crimen verdadero (EEUU. Director: Clint Eastwood. A\u00f1o 1999):&nbsp;<\/strong><\/em>un periodista veterano ha sido designado para cubrir la noticia sobre las \u00faltimas horas de un condenado a muerte. Pero decide investigar m\u00e1s a fondo, para demostrar la inocencia del acusado.<\/li><li><em><strong>El informante (EEUU. Director: Michael Mann. A\u00f1o1999):<\/strong><\/em>&nbsp;pel\u00edcula basada en hechos reales que muestra la cobertura efectuada por el programa 60 minutes de la CBS, en relaci\u00f3n al caso de la batalla contra las principales tabacaleras norteamericanas.<\/li><li><em><strong>Detr\u00e1s de las noticias (EEUU. Director: James L. Brooks. A\u00f1o 1987):&nbsp;<\/strong><\/em>una productora que trabaja para una cadena de noticias en Washington est\u00e1 obsesionada por controlar todo lo que sucede en la redacci\u00f3n de informativos.<\/li><\/ul>\n\n\n\n<h2 class=\"wp-block-heading\" id=\"resTit_5\">\u00bfC\u00f3mo se celebra este d\u00eda mundial?<\/h2>\n\n\n\n<p>En la celebraci\u00f3n del&nbsp;<strong>D\u00eda Mundial de las Noticias&nbsp;<\/strong>se llevan a cabo eventos presenciales y virtuales, como foros, conferencias y webcasts. Asimismo, se realizan publicaciones period\u00edsticas y art\u00edculos editoriales en sitios web especializados en noticias.<\/p>\n\n\n\n<p>Comparte informaci\u00f3n \u00fatil e interesante sobre el D\u00eda Mundial de las Noticias en las redes sociales. Utiliza el hashtag\u00a0<em><strong>#WorldNewsDay<\/strong><\/em><\/p>\n\n\n\n<p>Fuente: <a href=\"https:\/\/www.diainternacionalde.com\/ficha\/dia-mundial-noticias\">https:\/\/www.diainternacionalde.com\/ficha\/dia-mundial-noticias<\/a><\/p>\n","protected":false},"excerpt":{"rendered":"<p>REDACCI\u00d3N D\u00cdA INTERNACIONAL DE El 28 de septiembre se celebra el D\u00eda Mundial de las Noticias, con la finalidad de [&hellip;]<\/p>\n","protected":false},"author":1,"featured_media":59876,"comment_status":"open","ping_status":"open","sticky":false,"template":"","format":"standard","meta":{"site-sidebar-layout":"default","site-content-layout":"","ast-site-content-layout":"default","site-content-style":"default","site-sidebar-style":"default","ast-global-header-display":"","ast-banner-title-visibility":"","ast-main-header-display":"","ast-hfb-above-header-display":"","ast-hfb-below-header-display":"","ast-hfb-mobile-header-display":"","site-post-title":"","ast-breadcrumbs-content":"","ast-featured-img":"","footer-sml-layout":"","theme-transparent-header-meta":"","adv-header-id-meta":"","stick-header-meta":"","header-above-stick-meta":"","header-main-stick-meta":"","header-below-stick-meta":"","astra-migrate-meta-layouts":"default","ast-page-background-enabled":"default","ast-page-background-meta":{"desktop":{"background-color":"var(--ast-global-color-4)","background-image":"","background-repeat":"repeat","background-position":"center center","background-size":"auto","background-attachment":"scroll","background-type":"","background-media":"","overlay-type":"","overlay-color":"","overlay-opacity":"","overlay-gradient":""},"tablet":{"background-color":"","background-image":"","background-repeat":"repeat","background-position":"center center","background-size":"auto","background-attachment":"scroll","background-type":"","background-media":"","overlay-type":"","overlay-color":"","overlay-opacity":"","overlay-gradient":""},"mobile":{"background-color":"","background-image":"","background-repeat":"repeat","background-position":"center center","background-size":"auto","background-attachment":"scroll","background-type":"","background-media":"","overlay-type":"","overlay-color":"","overlay-opacity":"","overlay-gradient":""}},"ast-content-background-meta":{"desktop":{"background-color":"var(--ast-global-color-5)","background-image":"","background-repeat":"repeat","background-position":"center center","background-size":"auto","background-attachment":"scroll","background-type":"","background-media":"","overlay-type":"","overlay-color":"","overlay-opacity":"","overlay-gradient":""},"tablet":{"background-color":"var(--ast-global-color-5)","background-image":"","background-repeat":"repeat","background-position":"center center","background-size":"auto","background-attachment":"scroll","background-type":"","background-media":"","overlay-type":"","overlay-color":"","overlay-opacity":"","overlay-gradient":""},"mobile":{"background-color":"var(--ast-global-color-5)","background-image":"","background-repeat":"repeat","background-position":"center center","background-size":"auto","background-attachment":"scroll","background-type":"","background-media":"","overlay-type":"","overlay-color":"","overlay-opacity":"","overlay-gradient":""}},"footnotes":""},"categories":[8],"tags":[19221,19223,26,19222],"class_list":["post-59875","post","type-post","status-publish","format-standard","has-post-thumbnail","hentry","category-noticias","tag-worldnewsday","tag-dia-mundial-de-las-noticias","tag-noticias","tag-wan-ifra"],"_links":{"self":[{"href":"https:\/\/losperiodistas.com.mx\/portal\/wp-json\/wp\/v2\/posts\/59875","targetHints":{"allow":["GET"]}}],"collection":[{"href":"https:\/\/losperiodistas.com.mx\/portal\/wp-json\/wp\/v2\/posts"}],"about":[{"href":"https:\/\/losperiodistas.com.mx\/portal\/wp-json\/wp\/v2\/types\/post"}],"author":[{"embeddable":true,"href":"https:\/\/losperiodistas.com.mx\/portal\/wp-json\/wp\/v2\/users\/1"}],"replies":[{"embeddable":true,"href":"https:\/\/losperiodistas.com.mx\/portal\/wp-json\/wp\/v2\/comments?post=59875"}],"version-history":[{"count":1,"href":"https:\/\/losperiodistas.com.mx\/portal\/wp-json\/wp\/v2\/posts\/59875\/revisions"}],"predecessor-version":[{"id":59877,"href":"https:\/\/losperiodistas.com.mx\/portal\/wp-json\/wp\/v2\/posts\/59875\/revisions\/59877"}],"wp:featuredmedia":[{"embeddable":true,"href":"https:\/\/losperiodistas.com.mx\/portal\/wp-json\/wp\/v2\/media\/59876"}],"wp:attachment":[{"href":"https:\/\/losperiodistas.com.mx\/portal\/wp-json\/wp\/v2\/media?parent=59875"}],"wp:term":[{"taxonomy":"category","embeddable":true,"href":"https:\/\/losperiodistas.com.mx\/portal\/wp-json\/wp\/v2\/categories?post=59875"},{"taxonomy":"post_tag","embeddable":true,"href":"https:\/\/losperiodistas.com.mx\/portal\/wp-json\/wp\/v2\/tags?post=59875"}],"curies":[{"name":"wp","href":"https:\/\/api.w.org\/{rel}","templated":true}]}}