{"id":5985,"date":"2021-03-20T09:32:45","date_gmt":"2021-03-20T15:32:45","guid":{"rendered":"http:\/\/losperiodistas.com.mx\/portal\/?p=5985"},"modified":"2021-03-20T09:32:47","modified_gmt":"2021-03-20T15:32:47","slug":"se-avecina-un-mexico-que-definira-si-continua-o-no-el-proyecto-de-amlo-julio-astillero-sinembargo","status":"publish","type":"post","link":"https:\/\/losperiodistas.com.mx\/portal\/se-avecina-un-mexico-que-definira-si-continua-o-no-el-proyecto-de-amlo-julio-astillero-sinembargo\/","title":{"rendered":"Se avecina un M\u00e9xico que definir\u00e1 si contin\u00faa o no el proyecto de AMLO: Julio Astillero | SinEmbargo"},"content":{"rendered":"\n<p style=\"font-size:18px\"><em>El pa\u00eds que tienen enfrente los mexicanos representar\u00e1 un reto e implicar\u00e1 el definirse ante diversos aspectos del acontecer nacional. As\u00ed lo se\u00f1ala Julio Hern\u00e1ndez L\u00f3pez, mejor conocido como Julio Astillero, quien en entrevista comparte sus apreciaciones sobre la realidad pol\u00edtica de M\u00e9xico.<\/em><\/p>\n\n\n\n<figure class=\"wp-block-image size-large\"><img fetchpriority=\"high\" decoding=\"async\" width=\"1024\" height=\"577\" src=\"https:\/\/losperiodistas.com.mx\/portal\/wp-content\/uploads\/2021\/03\/Captura-de-Pantalla-2021-03-20-a-las-9.28.24-1024x577.jpg\" alt=\"\" class=\"wp-image-5986\" srcset=\"https:\/\/losperiodistas.com.mx\/portal\/wp-content\/uploads\/2021\/03\/Captura-de-Pantalla-2021-03-20-a-las-9.28.24-1024x577.jpg 1024w, https:\/\/losperiodistas.com.mx\/portal\/wp-content\/uploads\/2021\/03\/Captura-de-Pantalla-2021-03-20-a-las-9.28.24-300x169.jpg 300w, https:\/\/losperiodistas.com.mx\/portal\/wp-content\/uploads\/2021\/03\/Captura-de-Pantalla-2021-03-20-a-las-9.28.24-768x433.jpg 768w, https:\/\/losperiodistas.com.mx\/portal\/wp-content\/uploads\/2021\/03\/Captura-de-Pantalla-2021-03-20-a-las-9.28.24-1536x866.jpg 1536w, https:\/\/losperiodistas.com.mx\/portal\/wp-content\/uploads\/2021\/03\/Captura-de-Pantalla-2021-03-20-a-las-9.28.24-2048x1155.jpg 2048w\" sizes=\"(max-width: 1024px) 100vw, 1024px\" \/><\/figure>\n\n\n\n<p class=\"has-vivid-cyan-blue-color has-text-color has-medium-font-size\">OBED ROSAS \/ SINEMBARGO<\/p>\n\n\n\n<p>Ciudad de M\u00e9xico, 20 de marzo (SinEmbargo).- El<strong>&nbsp;M\u00e9xico que se avecina<\/strong>&nbsp;es un pa\u00eds en donde ser\u00e1 crucial la toma de definiciones con respecto a la vida p\u00fablica de la naci\u00f3n, un proceso para el cual ser\u00e1 necesario redefinir muchos aspectos presupuestales, de relaciones empresariales, de equilibrios pol\u00edticos y sobre todo de continuidad o no al proyecto de&nbsp;<strong>Gobierno de Andr\u00e9s Manuel L\u00f3pez Obrador<\/strong>, plantea el periodista y columnista&nbsp;<strong>Julio Hern\u00e1ndez L\u00f3pez<\/strong>, mejor conocido como&nbsp;<strong>Julio Astillero<\/strong>.<\/p>\n\n\n\n<p>\u201cMe parece que el M\u00e9xico que se avecina es un M\u00e9xico de definiciones m\u00e1s profundas que hasta ahora hemos ido tomando en nuestra vida p\u00fablica. Creo que hasta ahora una gran definici\u00f3n que tomaron los mexicanos fue el entregar el poder pol\u00edtico a una opci\u00f3n progresista o de izquierda que ha ido caminando con zigzagueos, con contradicciones, pero sobre todo con el enorme peso de lo que ha significado todo el fen\u00f3menos de la pandemia y sus consecuencias econ\u00f3micas\u201d, comparte Julio Astillero en entrevista con&nbsp;<strong>SinEmbargo<\/strong>&nbsp;con motivo de&nbsp;<strong><em>El M\u00e9xico que se avecina<\/em><\/strong>&nbsp;(HarperCollins 2021), del cual es coordinador.<\/p>\n\n\n\n<p>El libro recoge la visi\u00f3n de 11 periodistas en activo: el propio Julio Hern\u00e1ndez, Elisa Alan\u00eds, Arturo Cano, \u00c1lvaro Delgado, J Jes\u00fas Esquivel, Frida Guerrera, Alejandro P\u00e1ez Varela, Ricardo Raphael, Carolina Rocha, Arturo Rodr\u00edguez y Claudia Villegas, quienes analizan diferentes aspectos con los que tendr\u00e1 que lidiar el pa\u00eds.\u00a0<\/p>\n\n\n\n<figure class=\"wp-block-image\"><img decoding=\"async\" src=\"https:\/\/i0.wp.com\/sinembargo.mx\/wp-content\/uploads\/2017\/05\/635a0058.jpg\" alt=\"\"\/><\/figure>\n\n\n\n<h4 class=\"wp-block-heading\"><a href=\"https:\/\/www.sinembargo.mx\/06-05-2017\/3208532\">VER M\u00c1S<\/a><\/h4>\n\n\n\n<h5 class=\"wp-block-heading\"><a href=\"https:\/\/www.sinembargo.mx\/06-05-2017\/3208532\">Julio Hern\u00e1ndez, \u201cAstillero\u201d: El pa\u00eds est\u00e1 muy encabronado\u2026 y entonces, \u00bfqu\u00e9 hacer en 2018?<\/a><\/h5>\n\n\n\n<blockquote class=\"wp-block-quote is-style-large is-layout-flow wp-block-quote-is-layout-flow\"><p>\u201cLa importancia de su punto de vista proviene de que no se dedican solamente a opinar (lo cual, desde luego, tiene su val\u00eda), sino que vienen del mundo profesional de la nota informativa, el reportaje, la cr\u00f3nica, el art\u00edculo de opini\u00f3n, la columna, el tuiteo y el diario zambullido alerta y gozoso en los r\u00edos noticiosos, el conocimiento directo de los hechos informativos y sus actores, y la acumulaci\u00f3n de revelaciones, conexiones y pistas a las que s\u00f3lo el periodista verdadero llega a tener acceso\u201d, escribe Astillero en la presentaci\u00f3n del texto.&nbsp;<\/p><\/blockquote>\n\n\n\n<p>De esta manera se analizan el presente y porvenir de la educaci\u00f3n y la cultura pol\u00edtica; de la izquierda social frente a la electoral, la oposici\u00f3n, la migraci\u00f3n y la relaci\u00f3n con Estados Unidos, la violencia de g\u00e9nero, el problema de la pacificaci\u00f3n del pa\u00eds, la pol\u00edtica social, la lucha contra la corrupci\u00f3n, la pandemia y la crisis econ\u00f3mica.PUBLICIDAD<\/p>\n\n\n\n<p>\u201cCreo que lo que resta del proceso del t\u00e9rmino constitucional del ejercicio del poder de L\u00f3pez&nbsp;Obrador nos vamos a topar con la necesidad de redefinir de una manera forzosa muchos aspectos presupuestales, de relaciones empresariales, de equilibrios pol\u00edticos y sobre todo de continuidad o no de un proceso que ha gozado en su inicio de un gran apoyo popular, pero que hoy se encuentra un tanto estacionado o atrapado en los entretelones de este punto no contemplado originalmente que era el de la pandemia y de sus consecuencias econ\u00f3micas\u201d, menciona al respecto Julio Astillero.<a href=\"https:\/\/i0.wp.com\/sinembargo.mx\/wp-content\/uploads\/2021\/03\/portada_-el-mx-que-se-avecina.jpg\"><\/a><\/p>\n\n\n\n<p>Julio Hern\u00e1ndez coordina El M\u00e9xico que se avecina (HarperCollins 2021).<\/p>\n\n\n\n<h1 class=\"wp-block-heading\"><strong>***<\/strong><\/h1>\n\n\n\n<p>\u2014\u00bfQu\u00e9 tipo de M\u00e9xico es el que se avecina a partir de la pandemia, de la segunda recta del Gobierno de Andr\u00e9s Manuel? <video preload=\"none\" src=\"https:\/\/nv.vi-serve.com\/vis-media\/101\/269\/uiAXT3gBr27Gz-Fm2LAs_720p.mp4\"><\/p>\n\n\n\n<p>\u2014El M\u00e9xico que se avecina me parece que es un M\u00e9xico en el cual se van a tener que tomar muchas definiciones, los ciudadanos tendremos que entrar en procesos de una mayor austeridad en nuestra forma de vida, de una mayor definici\u00f3n pol\u00edtica, de valorar las opciones, no s\u00f3lo por lo que ret\u00f3rica o discursivamente nos digan, sino por las posibilidades de concreci\u00f3n real que puedan tener esas propuestas, entonces creo que el M\u00e9xico que se avecina es el de muchas tomas de definici\u00f3n como creo que nunca se hab\u00eda presentado una oportunidad as\u00ed a los mexicanos.&nbsp;<\/p>\n\n\n\n<p>\u2014Puede ser temprano para hablar de ello, \u00bfpero qu\u00e9 esperar en lo que respecta al proceso electoral de 2024?<\/p>\n\n\n\n<p>\u2014Y ni tan temprano, el propio Presidente de la Rep\u00fablica acaba de decir que hay todo un relevo generacional, ubic\u00f3 ya incluso una edad, los 50 a\u00f1os de edad hacia arriba, y bueno creo que de una manera muy peculiar porque la administraci\u00f3n de L\u00f3pez Obrador es una administraci\u00f3n que concentra toda la fuerza pol\u00edtica en \u00e9l, es una administraci\u00f3n muy personalizada, con un tim\u00f3n muy individualizado, y con un L\u00f3pez Obrador que est\u00e1 atento a todos los detalles, y sin embargo, \u00e9l mismo est\u00e1 abriendo el camino a la especulaci\u00f3n de lo que viene en 2024.&nbsp;<\/p>\n\n\n\n<p>Es muy interesante ver lo que sucedi\u00f3 luego del Gobierno del Presidente L\u00e1zaro C\u00e1rdenas, que en lugar de entregar el poder a una opci\u00f3n de izquierda, que era la que parec\u00eda naturalmente heredera para darle continuidad al proceso del general C\u00e1rdenas, en lugar de entregarlo al general Francisco M\u00fajica, que era el hombre de izquierda, el hombre que evidentemente continuar\u00eda la obra del general C\u00e1rdenas, opt\u00f3 L\u00e1zaro C\u00e1rdenas por un hombre de derecha como fue Manuel \u00c1vila Camacho, un hombre caracterizado por la decencia, cat\u00f3lico, practicante, en fin.&nbsp;<\/p>\n\n\n\n<p>L\u00f3pez Obrador va a tener que definir en 2024 si opta por una continuidad con alguien fuerte de un esquema de izquierda como podr\u00eda ser (Claudia) Sheinbaum o si se va a decantar por una opci\u00f3n de continuidad del sistema que ser\u00eda la de Marcelo Ebrard, pero desde ahora el propio L\u00f3pez Obrador ha dicho su temor de las propuestas que hoy hace lleguen a no tener continuidad aunque Morena ganara la pr\u00f3xima elecci\u00f3n.&nbsp;<img decoding=\"async\" src=\"https:\/\/i0.wp.com\/sinembargo.mx\/wp-content\/uploads\/2021\/03\/sondeo-sobre-quien-puede-ser-el-relevo-de-amlo.jpg\" alt=\"\"><\/p>\n\n\n\n<h4 class=\"wp-block-heading\"><a href=\"https:\/\/www.sinembargo.mx\/11-03-2021\/3949785\">VER M\u00c1S<\/a><\/h4>\n\n\n\n<h5 class=\"wp-block-heading\"><a href=\"https:\/\/www.sinembargo.mx\/11-03-2021\/3949785\">\u00bfQui\u00e9n puede ser el relevo de AMLO? Una votaci\u00f3n espont\u00e1nea por Telegram pone a 2 a la cabeza<\/a><\/h5>\n\n\n\n<p>\u2014\u00bfCu\u00e1les son los principales obst\u00e1culos que tiene enfrente el proyecto de Gobierno de Andr\u00e9s Manuel L\u00f3pez Obrador, la autodenominada Cuarta Transformaci\u00f3n?<\/p>\n\n\n\n<p>\u2014En primer lugar y de una manera muy voluminosa pues el problema de la pandemia y las consecuencias econ\u00f3micas. Nunca sabremos si L\u00f3pez Obrador realmente pudo haber llevado a cabo todas las transformaciones que propuso en el escenario normal que correspond\u00eda cuando tom\u00f3 el poder porque entra en escena la COVID-19, los problemas econ\u00f3micos, y eso me parece a m\u00ed que desde hoy ya trastoc\u00f3 profundamente ese proyecto, y si alguna probabilidad tuvo de que se concretaran las propuestas de la 4T, con la pandemia y la crisis econ\u00f3mica eso queda totalmente anulado y L\u00f3pez Obrador lo \u00fanico que va a seguir haciendo de aqu\u00ed hasta al final es tratar de salvar sus proyectos estrat\u00e9gicos esenciales, tratar de mantener el poder, que es algo en lo que est\u00e1 afanosamente metido, pero todas las propuestas ambiciosas de la llamada 4T pues no se van a cumplir por, entre otras cosas, lo que he mencionado de la cuesti\u00f3n de la pandemia y de la crisis econ\u00f3mica, pero por s\u00ed mismas las grandes propuestas de L\u00f3pez Obrador me parece que han estado condicionadas con el hecho de que el enorme poder de los votos depositado en urnas en julio de 2018 no son suficientes en un sistema pol\u00edtico como el mexicano para garantizar que haya cambios verdaderos.&nbsp;<\/p>\n\n\n\n<p>La realidad econ\u00f3mica sigue constri\u00f1endo al propio L\u00f3pez Obrador, no ha podido doblegar a los grandes poderes econ\u00f3micos, tiene que seguir en entendimientos b\u00e1sicos con los grandes capitales mexicanos, por un lado, y por otra parte tampoco ha habido la transformaci\u00f3n ni pol\u00edtica, ni medi\u00e1tica en M\u00e9xico como era de esperarse. Muchos de los vicios tradicionales del sistema pol\u00edtico mexicano est\u00e1n siendo recogidos, adaptados e incluso aumentados en varias de las actividades de su partido, Morena. No hablo solamente del caso de F\u00e9lix Salgado Macedonio, sino de muchos otros casos en los cuales, lo peor de la pr\u00e1ctica pol\u00edtica nacional est\u00e1 siendo recuperada por Morena para lanzarlos de candidatos a diputados, a presidentes municipales a gobernadores, es decir no est\u00e1 habiendo una regeneraci\u00f3n de la vida pol\u00edtica nacional, por un lado.<\/p>\n\n\n\n<p>En t\u00e9rminos medi\u00e1ticos tampoco ha podido superar la preeminencia y la fuerza de los medios de comunicaci\u00f3n convencionales, no ha podido oponerle, el Gobierno de L\u00f3pez Obrador, un renacimiento y un relanzamiento de los medios p\u00fablicos que pudieran convertirse en polos de inter\u00e9s masivo. O sea, los medios p\u00fablicos han estado tan disminuidos en su audiencia como lo estuvieron en el pasado, cuando se les ten\u00eda en casi una especie de condici\u00f3n marginal para que ni ruido le hicieran a los medios convencionales de televisi\u00f3n, de radio, de prensa. Entonces, son varios puntos en los cuales no se ha logrado un cambio verdadero.<img decoding=\"async\" src=\"https:\/\/i0.wp.com\/sinembargo.mx\/wp-content\/uploads\/2021\/02\/cuartoscuro_799381_digital.jpeg\" alt=\"\"><\/p>\n\n\n\n<h4 class=\"wp-block-heading\"><a href=\"https:\/\/www.sinembargo.mx\/10-02-2021\/3936619\">VER M\u00c1S<\/a><\/h4>\n\n\n\n<h5 class=\"wp-block-heading\"><a href=\"https:\/\/www.sinembargo.mx\/10-02-2021\/3936619\">AMLO rechaza regular las redes sociales, como propone Morena, pero pide terminar con \u201ccensura\u201d<\/a><\/h5>\n\n\n\n<p>\u2014Hablas de otra realidad, la que existe en las redes sociales, a la cual ha hecho eco el presidente como parte de este cambio de paradigma, \u00bfqu\u00e9 M\u00e9xico refleja esta otra realidad virtual?<\/p>\n\n\n\n<p>\u2014Si nos atenemos a lo que refleja esa realidad virtual de las redes socio digitales, h\u00edjole, ser\u00edamos un pa\u00eds casi al borde de la guerra civil, porque el cruce de ofensas, la inviabilidad del di\u00e1logo, el envenenamiento de las aguas para ser tomadas por uno o por otro, es terrible.<\/p>\n\n\n\n<p>La verdad es que si uno se queda viviendo en esa realidad virtual las cosas parecen terribles. Sale uno a la calle y platica con la gente de carne y hueso, y platica del resto de las cosas, y no est\u00e1 tan polarizado el ambiente ni es tan grave la situaci\u00f3n, pero lo que originalmente hab\u00eda sido una v\u00eda de difusi\u00f3n, de informaci\u00f3n, de noticias, de di\u00e1logo, de captaci\u00f3n de puntos de vista interesantes, se convirti\u00f3 en una especie de terreno minado con las minas a punto de explotar con cualquier comentario que t\u00fa hagas.<\/p>\n\n\n\n<p>Eso forma parte de las nuevas guerras que se dan por el control de la opini\u00f3n p\u00fablica y en las cuales todos los pol\u00edticos y todas las corrientes invierten y todos tienen sus ej\u00e9rcitos de voz, de troles y de estrategias diarias que van ajustando conforme a la realidad. Ah\u00ed se est\u00e1 dando la nueva guerra pol\u00edtica por el control y el dise\u00f1o de la opini\u00f3n p\u00fablica generalizada.<\/p>\n\n\n\n<p>\u2014Mencionas que en esta realidad digital parte de la conversaci\u00f3n gira en torno a AMLO, con posturas a favor y encontra, lo cierto es que el presidente ha impuesto agenda y no hay al momento una figura que le haga contrapeso, \u00bfAMLO necesita a un AMLO como opositor? \u00bfEsta figura podr\u00eda nacer dentro de Morena?<\/p>\n\n\n\n<p>\u2014Uno de los grandes problemas es que no hay quien pueda ir haciendo ese contrapeso a decisiones que cada vez el Presidente L\u00f3pez Obrador pareciera tomar m\u00e1s en el \u00e1mbito exclusivo de su persona. Es decir, es un Gobierno muy personalista, muy concentrado en \u00e9l, exclusivamente, y s\u00f3lo hay dos personajes que destacan y tienen una condici\u00f3n de cierta fuerza que son: Marcelo Ebrard, que funge como una especie de vicepresidente ejecutivo multitareas, por un lado, y el otro el general Secretario de la Defensa Nacional, Luis Cresencio Sandoval, que es otro hombre con toda la confianza y con un mont\u00f3n de tareas delegadas, muchas de ellas correspondientes al \u00e1mbito civil, pero L\u00f3pez Obrador no tiene, y creo que no va a tener un personaje que le haga sombra o contrapeso, porque ese personaje no se puede construir de la noche a la ma\u00f1ana, se necesita una historia de lucha, de relaciones pol\u00edticas.&nbsp;<\/p>\n\n\n\n<p>Por eso me parece que de una manera no s\u00f3lo ir\u00f3nica sino que delata esa carencia de nuevos cuadros y de nuevas propuestas me parece el hecho de que haya aparecido como la cabeza del movimiento contra L\u00f3pez Obrador, Diego Fern\u00e1ndez de Cevallos, que es un personaje anquilosado, rebasado, del pasado pol\u00edtico ya superado y recurren a \u00e9l para que salga como si pudiese hacer el milagro de convertirse en el hombre que pudiera hacerle frente a L\u00f3pez Obrador.<\/p>\n\n\n\n<p>Por otro lado, hay un movimiento que es el del feminismo que es el \u00fanico que le ha arrebatado la agenda a L\u00f3pez Obrador, es el \u00fanico que ha logrado meter a L\u00f3pez Obrador en la din\u00e1mica de ese movimiento. La imagen de la valla met\u00e1lica convertida en memorial con todos los nombres de v\u00edctimas y con todo el color y el calor humano que fueron a ponerle familiares de mujeres desaparecidas, es un golpe pol\u00edtico, el golpe m\u00e1s fuerte que, creo yo, ha recibido L\u00f3pez Obrador, y que va a perdurar. El feminismo puede ser el tal\u00f3n de Aquiles de L\u00f3pez Obrador.&nbsp;<img decoding=\"async\" src=\"https:\/\/i0.wp.com\/sinembargo.mx\/wp-content\/uploads\/2021\/03\/photo_2021-03-17-16-30-32.jpeg\" alt=\"\"><\/p>\n\n\n\n<h4 class=\"wp-block-heading\"><a href=\"https:\/\/www.sinembargo.mx\/17-03-2021\/3952332\">VER M\u00c1S<\/a><\/h4>\n\n\n\n<h5 class=\"wp-block-heading\"><a href=\"https:\/\/www.sinembargo.mx\/17-03-2021\/3952332\">ENTREVISTA | Votar por quien est\u00e1 denunciado por violaci\u00f3n te vuelve un encubridor: Las Tesis<\/a><\/h5>\n\n\n\n<p>\u2014\u00bfPor qu\u00e9 L\u00f3pez Obrador no encuentra dentro de su concepci\u00f3n pol\u00edtica la manera de poder atender los reclamos del movimiento feminista?<\/p>\n\n\n\n<p>\u2014Yo lo atribuyo a dos cosas. Uno, una porci\u00f3n del pensamiento pol\u00edtico de L\u00f3pez Obrador es profundamente conservador, reaccionario, m\u00e1s cercano a la derecha que a la izquierda. En todo lo que se refiere a diversidad sexual, derechos de minor\u00edas, es un personaje que demostradamente, una y otra vez, ha actuado de una manera conservadora. Todo lo que se refiere a esos temas le provoca suspicacia y le provoca una reacci\u00f3n adversa porque en esos terrenos es un hombre de pensamiento conservador.&nbsp;<\/p>\n\n\n\n<p>Por otro lado, tambi\u00e9n su formaci\u00f3n pol\u00edtica es una formaci\u00f3n anclada en el pasado. \u00c9l sigue gobernando y actuando pol\u00edticamente conforme a una visi\u00f3n de un M\u00e9xico que \u00e9l conoci\u00f3. En ciertos momentos, gobierna tratando de restituir lo bueno del PRI que \u00e9l conoci\u00f3, es decir \u00e9l quisiera recuperar los segmentos del nacionalismo revolucionario, del asistencialismo a los pobres conforme a lo que \u00e9l vivi\u00f3 y conoci\u00f3, pero enfrentado ahora a una realidad distinta que es la del feminismo que nos resulta muy dif\u00edcil, y hablo en plural porque creo que a muchos nos pasa, que nos resulta muy dif\u00edcil entender, apropiar, valorar todos los segmentos intelectuales y de conocimiento para entender qu\u00e9 es el feminismo, L\u00f3pez Obrador no ha dado ese paso, no entiende todav\u00eda lo que es la fuerza, la potencia y la condici\u00f3n revolucionaria del feminismo.<\/p>\n\n\n\n<p>\u2014Por otra parte est\u00e1 Ricardo Anaya, quien ha buscado configurarse como esa figura opositora, incluso ha imitado parte de la f\u00f3rmula de L\u00f3pez Obrador de recorrer el pa\u00eds con miras a 2024, \u00bfle alcanzar\u00e1 el tiempo y el discurso?<\/p>\n\n\n\n<p>\u2014M\u00e1s all\u00e1 de las filias y las fobias pol\u00edticas, me parece que no, me parece que Ricardo Anaya est\u00e1 cometiendo desde ahora una muy detallada tarea de atentado contra s\u00ed mismo. Es decir, cada uno de los videos que ha estado poniendo lo reflejan como alguien tan distante de la realidad mexicana, tan ignorante de lo que viven los mexicanos, en posiciones como de falsedad, como de simulaci\u00f3n, como de oportunismo, y eso brinca porque lo ves t\u00fa y dices: \u2018no, esto no es aut\u00e9ntico\u2019.<\/p>\n\n\n\n<p>Adem\u00e1s pues no s\u00e9 si va a aguantar el paso, cuatro a\u00f1os, de andar de verdad caminando entre estos lugares, o simplemente haciendo estos videos. Hasta hoy, con lo que ha mostrado Ricardo Anaya, me parece que est\u00e1 incluso actuando en contra de su propio inter\u00e9s porque en cada una de estas piezas se muestra en una condici\u00f3n de falsedad. Entonces, no, no lo veo. Creo que va a zucumbir entre los pleitos internos del PAN, que creo que se van a poner cada vez m\u00e1s fuertes entre ellos, y no lo veo como una alternativa.<img decoding=\"async\" src=\"https:\/\/i0.wp.com\/sinembargo.mx\/wp-content\/uploads\/2021\/03\/captura-de-pantalla-2021-03-09-a-las-18-15-29.png\" alt=\"\"><\/p>\n\n\n\n<h4 class=\"wp-block-heading\"><a href=\"https:\/\/www.sinembargo.mx\/09-03-2021\/3948958\">VER M\u00c1S<\/a><\/h4>\n\n\n\n<h5 class=\"wp-block-heading\"><a href=\"https:\/\/www.sinembargo.mx\/09-03-2021\/3948958\">VIDEO: Joven le revira a Anaya: \u201cNo es un M\u00e9xico desconocido, g\u00fcey; es el que no has querido ver\u201d<\/a><\/h5>\n\n\n\n<p>\u2014\u00bfY Felipe Calder\u00f3n y Margarita Zavala, les servir\u00e1 a\u00fan el discurso de opositores para trazar un nuevo proyecto pol\u00edtico rumbo al pr\u00f3ximo proceso electoral presidencial?<\/p>\n\n\n\n<p>\u2014Hay m\u00e1s consistencia discursiva dir\u00eda yo hasta ideol\u00f3gica, en Felipe Calder\u00f3n que en Ricardo Anaya. Es decir, creo que Felipe Calder\u00f3n mantiene una postura que s\u00ed atrae a cierto segmento de mexicanos que est\u00e1n muy en contra de L\u00f3pez Obrador. El gran problema de Felipe Calder\u00f3n es que aqu\u00ed s\u00ed su pasado lo delata, y su pasado lo acusa, y su pasado lo crucifica porque finalmente todo lo que dice Felipe Calder\u00f3n y todo lo que arguye, si no tuviera \u00e9l todo el pasado funerario tras de s\u00ed y todas las cabriolas y malabares que ha tenido que hacer para tratar de colocar a su esposa como una elecci\u00f3n electoral, sino tuviera todo eso, el discurso de Felipe Calder\u00f3n podr\u00eda concentrar a todo el segmento opositor a L\u00f3pez Obrador, pero para fortuna de L\u00f3pez Obrador, Felipe Calder\u00f3n tiene tras de s\u00ed toda la historia de toda la locura de la guerra contra el narcotr\u00e1fico y creo que ya Felipe Calder\u00f3n y su grupo lo que est\u00e1n buscando solamente es una viabilidad a mediano plazo, es decir no creo que en ellos haya la posibilidad de aspirar seriamente a la Presidencia de la Rep\u00fablica en 2024, creo que lo que quieren es acomodarse en este 2021.<\/p>\n\n\n\n<p>\u2014En cuanto al proceso electoral de este a\u00f1o, \u00bfes posible esperar unas campa\u00f1as en las que no haya intromisi\u00f3n del Presidente? \u00bfcu\u00e1nto le afectar\u00e1 a Morena competir si un apoyo visible de AMLO? \u00bfy al PRI, PAN y PRD, qu\u00e9 tanto les cobrar\u00e1 factura su peculiar alianza?<\/p>\n\n\n\n<p>\u2014Es imposible que el Presidente de la Rep\u00fablica, Andr\u00e9s Manuel L\u00f3pez Obrador, no se meta en las pr\u00f3ximas elecciones. \u00c9l es un hombre dise\u00f1ado pol\u00edticamente para estar presente, activo y metido en todo lo que sea su partido aunque \u00e9l diga obviamente que no est\u00e1 metido en estos temas, pero es un Presidente hiperactivo que va a estar metido, est\u00e1 metido, en todo lo que es esta cuesti\u00f3n pol\u00edtica y electoral. \u00bfEsta intromisi\u00f3n del Presidente puede generarle r\u00e9ditos electorales adversos? Creo que no, creo que se va a mantener esa aureola obradorista en la mayor\u00eda de los lugares con gente que est\u00e1 dispuesta a votar por el partido de L\u00f3pez Obrador, presente a quien presente de candidato.<\/p>\n\n\n\n<p>Por otra parte, \u00bfqu\u00e9 va a pasar con los partidos que se han coaligado, que est\u00e1n aliados, de tal manera que han sumado al agua y al aceite en t\u00e9rminos ideol\u00f3gicos?, pueden tener resultados electorales m\u00e1s positivos de los que tendr\u00edan si fueran individualmente. En algunos lugares van a poder dar una pelea y le van a escamotear algo al volumen de triunfos previsibles de Morena, y se van a separar de nuevo, particularmente el PRI. Yo creo que el PRI est\u00e1 muy a disgusto en esa relaci\u00f3n con el PAN, porque en todo caso los gui\u00f1os de Morena o de L\u00f3pez Obrador les interesan m\u00e1s que los del propio Partido Acci\u00f3n Nacional. Y pues estamos en una elecci\u00f3n at\u00edpica, distinta, en la cual luego de ella tendr\u00e1 que haber los ajustes en los diferentes partidos para tratar de recuperar su fisonom\u00eda, tratar de recomponerse y tratar de ver hacia el 2024.<\/p>\n\n\n\n<p>Fuente: https:\/\/www.sinembargo.mx\/20-03-2021\/3953444<\/p>\n","protected":false},"excerpt":{"rendered":"<p>El pa\u00eds que tienen enfrente los mexicanos representar\u00e1 un reto e implicar\u00e1 el definirse ante diversos aspectos del acontecer nacional. [&hellip;]<\/p>\n","protected":false},"author":1,"featured_media":5986,"comment_status":"open","ping_status":"open","sticky":false,"template":"","format":"standard","meta":{"site-sidebar-layout":"default","site-content-layout":"","ast-site-content-layout":"default","site-content-style":"default","site-sidebar-style":"default","ast-global-header-display":"","ast-banner-title-visibility":"","ast-main-header-display":"","ast-hfb-above-header-display":"","ast-hfb-below-header-display":"","ast-hfb-mobile-header-display":"","site-post-title":"","ast-breadcrumbs-content":"","ast-featured-img":"","footer-sml-layout":"","theme-transparent-header-meta":"","adv-header-id-meta":"","stick-header-meta":"","header-above-stick-meta":"","header-main-stick-meta":"","header-below-stick-meta":"","astra-migrate-meta-layouts":"default","ast-page-background-enabled":"default","ast-page-background-meta":{"desktop":{"background-color":"var(--ast-global-color-4)","background-image":"","background-repeat":"repeat","background-position":"center center","background-size":"auto","background-attachment":"scroll","background-type":"","background-media":"","overlay-type":"","overlay-color":"","overlay-opacity":"","overlay-gradient":""},"tablet":{"background-color":"","background-image":"","background-repeat":"repeat","background-position":"center center","background-size":"auto","background-attachment":"scroll","background-type":"","background-media":"","overlay-type":"","overlay-color":"","overlay-opacity":"","overlay-gradient":""},"mobile":{"background-color":"","background-image":"","background-repeat":"repeat","background-position":"center center","background-size":"auto","background-attachment":"scroll","background-type":"","background-media":"","overlay-type":"","overlay-color":"","overlay-opacity":"","overlay-gradient":""}},"ast-content-background-meta":{"desktop":{"background-color":"var(--ast-global-color-5)","background-image":"","background-repeat":"repeat","background-position":"center center","background-size":"auto","background-attachment":"scroll","background-type":"","background-media":"","overlay-type":"","overlay-color":"","overlay-opacity":"","overlay-gradient":""},"tablet":{"background-color":"var(--ast-global-color-5)","background-image":"","background-repeat":"repeat","background-position":"center center","background-size":"auto","background-attachment":"scroll","background-type":"","background-media":"","overlay-type":"","overlay-color":"","overlay-opacity":"","overlay-gradient":""},"mobile":{"background-color":"var(--ast-global-color-5)","background-image":"","background-repeat":"repeat","background-position":"center center","background-size":"auto","background-attachment":"scroll","background-type":"","background-media":"","overlay-type":"","overlay-color":"","overlay-opacity":"","overlay-gradient":""}},"footnotes":""},"categories":[8],"tags":[608,607],"class_list":["post-5985","post","type-post","status-publish","format-standard","has-post-thumbnail","hentry","category-noticias","tag-futuro-politico-de-mexico","tag-julio-astillero"],"_links":{"self":[{"href":"https:\/\/losperiodistas.com.mx\/portal\/wp-json\/wp\/v2\/posts\/5985","targetHints":{"allow":["GET"]}}],"collection":[{"href":"https:\/\/losperiodistas.com.mx\/portal\/wp-json\/wp\/v2\/posts"}],"about":[{"href":"https:\/\/losperiodistas.com.mx\/portal\/wp-json\/wp\/v2\/types\/post"}],"author":[{"embeddable":true,"href":"https:\/\/losperiodistas.com.mx\/portal\/wp-json\/wp\/v2\/users\/1"}],"replies":[{"embeddable":true,"href":"https:\/\/losperiodistas.com.mx\/portal\/wp-json\/wp\/v2\/comments?post=5985"}],"version-history":[{"count":1,"href":"https:\/\/losperiodistas.com.mx\/portal\/wp-json\/wp\/v2\/posts\/5985\/revisions"}],"predecessor-version":[{"id":5987,"href":"https:\/\/losperiodistas.com.mx\/portal\/wp-json\/wp\/v2\/posts\/5985\/revisions\/5987"}],"wp:featuredmedia":[{"embeddable":true,"href":"https:\/\/losperiodistas.com.mx\/portal\/wp-json\/wp\/v2\/media\/5986"}],"wp:attachment":[{"href":"https:\/\/losperiodistas.com.mx\/portal\/wp-json\/wp\/v2\/media?parent=5985"}],"wp:term":[{"taxonomy":"category","embeddable":true,"href":"https:\/\/losperiodistas.com.mx\/portal\/wp-json\/wp\/v2\/categories?post=5985"},{"taxonomy":"post_tag","embeddable":true,"href":"https:\/\/losperiodistas.com.mx\/portal\/wp-json\/wp\/v2\/tags?post=5985"}],"curies":[{"name":"wp","href":"https:\/\/api.w.org\/{rel}","templated":true}]}}