{"id":59823,"date":"2023-09-27T14:48:50","date_gmt":"2023-09-27T19:48:50","guid":{"rendered":"http:\/\/losperiodistas.com.mx\/portal\/?p=59823"},"modified":"2023-09-27T14:48:52","modified_gmt":"2023-09-27T19:48:52","slug":"no-es-exagerado-el-registro-de-22-aspirantes-en-morena-cespedes-llama-a-la-unidad-y-a-respetar-la-encuesta-ljo","status":"publish","type":"post","link":"https:\/\/losperiodistas.com.mx\/portal\/no-es-exagerado-el-registro-de-22-aspirantes-en-morena-cespedes-llama-a-la-unidad-y-a-respetar-la-encuesta-ljo\/","title":{"rendered":"No es \u201cexagerado\u201d el registro de 22 aspirantes en Morena: C\u00e9spedes; llama a la unidad y a respetar la encuesta | LJO"},"content":{"rendered":"\n<figure class=\"wp-block-embed is-type-video is-provider-youtube wp-block-embed-youtube wp-embed-aspect-16-9 wp-has-aspect-ratio\"><div class=\"wp-block-embed__wrapper\">\n<iframe title=\"Sobre registro de 22 aspirantes a la gubernatura por Morena, C\u00e9spedes afirma que &quot;hay mucho capital&quot;\" width=\"500\" height=\"281\" src=\"https:\/\/www.youtube.com\/embed\/ECCxROoJ7mI?feature=oembed\" frameborder=\"0\" allow=\"accelerometer; autoplay; clipboard-write; encrypted-media; gyroscope; picture-in-picture; web-share\" referrerpolicy=\"strict-origin-when-cross-origin\" allowfullscreen><\/iframe>\n<\/div><\/figure>\n\n\n\n<p><\/p>\n\n\n\n<p class=\"has-vivid-red-color has-text-color has-medium-font-size\"><strong>YADIRA LLAVEN ANZURES \/ LA JORNADA DE ORIENTE<\/strong><\/p>\n\n\n\n<p>De cara al proceso electoral de 2024, el gobernador de Puebla hizo un llamado a los 22 aspirantes con registro en el proceso interno de Morena a que mantengan la unidad y respeten los resultados de la encuesta.<\/p>\n\n\n\n<p><strong>Te puede interesar:&nbsp;<\/strong><a href=\"https:\/\/www.lajornadadeoriente.com.mx\/puebla\/se-registra-norma-layon-en-el-proceso-interno-de-morena-en-pos-de-la-gubernatura\/\" target=\"_blank\" rel=\"noreferrer noopener\">Se registra Norma Lay\u00f3n en el proceso interno de Morena en pos de la gubernatura<\/a><\/p>\n\n\n\n<p>En entrevista, el mandatario estatal descart\u00f3 que sea una \u201cexageraci\u00f3n\u201d el n\u00famero de participantes que se han inscrito, al contrario, dijo que es muestra de \u201cel gran capital\u201d pol\u00edtico que existe en la entidad.<\/p>\n\n\n\n<p>Se\u00f1al\u00f3 que despu\u00e9s de la evaluaci\u00f3n que haga el Comit\u00e9 Nacional de Elecciones en Puebla habr\u00e1 un s\u00f3lo ganador o ganadora, por lo que el resto exhort\u00f3 tendr\u00e1 que generar unidad.<\/p>\n\n\n\n<p>Sobre el registro de&nbsp;<a href=\"https:\/\/twitter.com\/TonyGaliLopez\" target=\"_blank\" rel=\"noreferrer noopener\">Antonio Gali L\u00f3pez<\/a>, hijo del exgobernador del mismo nombre, C\u00e9spedes Peregrina apunt\u00f3 que es una se\u00f1al de que \u201cel movimiento es amplio\u201d y se generan diversas condiciones.<\/p>\n\n\n\n<p>Al final, recalc\u00f3 que \u201cel pueblo es el que decide y el que premia\u201d.<\/p>\n\n\n\n<p>Acerca de la visita de\u00a0<strong>Claudia Sheinbaum<\/strong>\u00a0para este s\u00e1bado, inform\u00f3 que acompa\u00f1ar\u00e1 a la coordinadora nacional de los Comit\u00e9s de Defensa de la Cuarta Transformaci\u00f3n en su gira por Puebla.<\/p>\n\n\n\n<p>Mientras que de los gemelos Romero Figueroa que fueron vinculados a proceso por golpear a Ernesto Calder\u00f3n declar\u00f3 es un caso lamentable, sin embargo, sentenci\u00f3 que toda acci\u00f3n tiene una consecuencia.<\/p>\n\n\n\n<p>Al respecto, asegur\u00f3 el gobernador&nbsp;<strong><a href=\"https:\/\/twitter.com\/SergioSalomonC\" target=\"_blank\" rel=\"noreferrer noopener\">Sergio Salom\u00f3n C\u00e9spedes Peregrina<\/a>&nbsp;que el caso no quedar\u00e1 impune<\/strong>, pues se pronunci\u00f3 porque la justicia siga su curso.&nbsp;<\/p>\n\n\n\n<p>Posterior a la ceremonia por el 202 Aniversario de la Consumaci\u00f3n de la Independencia de M\u00e9xico, consider\u00f3 que m\u00e1s all\u00e1 de las sanciones contra los gemelos Luis y Francisco Romero Figueroa haya una reflexi\u00f3n por parte de los padres de familia para que los hijos no incurran en actos de violencia y mejoren su comportamiento con la sociedad.&nbsp;<\/p>\n\n\n\n<blockquote class=\"wp-block-quote is-layout-flow wp-block-quote-is-layout-flow\"><p>\u201cEs un tema muy lamentable, sin embargo, toda acci\u00f3n tiene consecuencias y ojal\u00e1 nunca hubiera ocurrido, ni el primer, ni el segundo episodio que estamos viviendo hoy en d\u00eda, por eso es que tome la palabra para hacer un llamado a la reflexi\u00f3n de toda la ciudadan\u00eda\u201d, resalt\u00f3.&nbsp;<\/p><p>Adem\u00e1s, dijo que \u201cla justicia seguir\u00e1 su curso, pero no podemos nosotros seguir viendo que suceda, sin nosotros como padres asumamos la responsabilidad\u201d.&nbsp;<\/p><\/blockquote>\n\n\n\n<p>Insisti\u00f3 que tanto las autoridades, sociedad y las escuelas deben de trabajar de manera conjunta para mejorar los valores en los j\u00f3venes, a fin de que respeten a sus compa\u00f1eros de clases y cuando salen los fines de semana a recrearse, as\u00ed como a evitar actos violentos y mejorar el entorno social.&nbsp;<\/p>\n\n\n\n<p>Este martes, casi a la medianoche, fueron vinculados a proceso los gemelos Luis y Francisco Romero Figueroa por lesiones y discriminaci\u00f3n contra&nbsp;<a href=\"https:\/\/www.lajornadadeoriente.com.mx\/puebla\/al-penal-de-san-miguel-los-dos-agresores-de-ernesto-calderon\/\" target=\"_blank\" rel=\"noreferrer noopener\">Ernesto Calder\u00f3n<\/a>, luego de que lo llamaron \u201cnaco\u201d, le aventaron una lata de cerveza y lo golpearon brutalmente hasta casi perder un ojo.<\/p>\n\n\n\n<p>Los hechos ocurrieron al salir de un bar en la Isla de Angel\u00f3polis, a principios de septiembre. Los dos ya fueron trasladados al Penal de San Miguel.<\/p>\n\n\n\n<p>Fuente: <a href=\"https:\/\/www.lajornadadeoriente.com.mx\/puebla\/cespedes-pide-a-22-aspirantes-de-morena-cerrar-filas\/\">https:\/\/www.lajornadadeoriente.com.mx\/puebla\/cespedes-pide-a-22-aspirantes-de-morena-cerrar-filas\/<\/a><\/p>\n","protected":false},"excerpt":{"rendered":"<p>YADIRA LLAVEN ANZURES \/ LA JORNADA DE ORIENTE De cara al proceso electoral de 2024, el gobernador de Puebla hizo [&hellip;]<\/p>\n","protected":false},"author":1,"featured_media":59824,"comment_status":"open","ping_status":"open","sticky":false,"template":"","format":"standard","meta":{"site-sidebar-layout":"default","site-content-layout":"","ast-site-content-layout":"default","site-content-style":"default","site-sidebar-style":"default","ast-global-header-display":"","ast-banner-title-visibility":"","ast-main-header-display":"","ast-hfb-above-header-display":"","ast-hfb-below-header-display":"","ast-hfb-mobile-header-display":"","site-post-title":"","ast-breadcrumbs-content":"","ast-featured-img":"","footer-sml-layout":"","theme-transparent-header-meta":"","adv-header-id-meta":"","stick-header-meta":"","header-above-stick-meta":"","header-main-stick-meta":"","header-below-stick-meta":"","astra-migrate-meta-layouts":"default","ast-page-background-enabled":"default","ast-page-background-meta":{"desktop":{"background-color":"var(--ast-global-color-4)","background-image":"","background-repeat":"repeat","background-position":"center center","background-size":"auto","background-attachment":"scroll","background-type":"","background-media":"","overlay-type":"","overlay-color":"","overlay-opacity":"","overlay-gradient":""},"tablet":{"background-color":"","background-image":"","background-repeat":"repeat","background-position":"center center","background-size":"auto","background-attachment":"scroll","background-type":"","background-media":"","overlay-type":"","overlay-color":"","overlay-opacity":"","overlay-gradient":""},"mobile":{"background-color":"","background-image":"","background-repeat":"repeat","background-position":"center center","background-size":"auto","background-attachment":"scroll","background-type":"","background-media":"","overlay-type":"","overlay-color":"","overlay-opacity":"","overlay-gradient":""}},"ast-content-background-meta":{"desktop":{"background-color":"var(--ast-global-color-5)","background-image":"","background-repeat":"repeat","background-position":"center center","background-size":"auto","background-attachment":"scroll","background-type":"","background-media":"","overlay-type":"","overlay-color":"","overlay-opacity":"","overlay-gradient":""},"tablet":{"background-color":"var(--ast-global-color-5)","background-image":"","background-repeat":"repeat","background-position":"center center","background-size":"auto","background-attachment":"scroll","background-type":"","background-media":"","overlay-type":"","overlay-color":"","overlay-opacity":"","overlay-gradient":""},"mobile":{"background-color":"var(--ast-global-color-5)","background-image":"","background-repeat":"repeat","background-position":"center center","background-size":"auto","background-attachment":"scroll","background-type":"","background-media":"","overlay-type":"","overlay-color":"","overlay-opacity":"","overlay-gradient":""}},"footnotes":""},"categories":[8],"tags":[5486,19198,19160],"class_list":["post-59823","post","type-post","status-publish","format-standard","has-post-thumbnail","hentry","category-noticias","tag-elecciones-2024","tag-morena-puebla-corcholata-puebla","tag-salomon-cespedes"],"_links":{"self":[{"href":"https:\/\/losperiodistas.com.mx\/portal\/wp-json\/wp\/v2\/posts\/59823","targetHints":{"allow":["GET"]}}],"collection":[{"href":"https:\/\/losperiodistas.com.mx\/portal\/wp-json\/wp\/v2\/posts"}],"about":[{"href":"https:\/\/losperiodistas.com.mx\/portal\/wp-json\/wp\/v2\/types\/post"}],"author":[{"embeddable":true,"href":"https:\/\/losperiodistas.com.mx\/portal\/wp-json\/wp\/v2\/users\/1"}],"replies":[{"embeddable":true,"href":"https:\/\/losperiodistas.com.mx\/portal\/wp-json\/wp\/v2\/comments?post=59823"}],"version-history":[{"count":1,"href":"https:\/\/losperiodistas.com.mx\/portal\/wp-json\/wp\/v2\/posts\/59823\/revisions"}],"predecessor-version":[{"id":59825,"href":"https:\/\/losperiodistas.com.mx\/portal\/wp-json\/wp\/v2\/posts\/59823\/revisions\/59825"}],"wp:featuredmedia":[{"embeddable":true,"href":"https:\/\/losperiodistas.com.mx\/portal\/wp-json\/wp\/v2\/media\/59824"}],"wp:attachment":[{"href":"https:\/\/losperiodistas.com.mx\/portal\/wp-json\/wp\/v2\/media?parent=59823"}],"wp:term":[{"taxonomy":"category","embeddable":true,"href":"https:\/\/losperiodistas.com.mx\/portal\/wp-json\/wp\/v2\/categories?post=59823"},{"taxonomy":"post_tag","embeddable":true,"href":"https:\/\/losperiodistas.com.mx\/portal\/wp-json\/wp\/v2\/tags?post=59823"}],"curies":[{"name":"wp","href":"https:\/\/api.w.org\/{rel}","templated":true}]}}