{"id":59714,"date":"2023-09-26T06:49:45","date_gmt":"2023-09-26T11:49:45","guid":{"rendered":"http:\/\/losperiodistas.com.mx\/portal\/?p=59714"},"modified":"2023-09-26T06:51:13","modified_gmt":"2023-09-26T11:51:13","slug":"van-8-por-gubernatura-de-puebla-se-registran-en-proceso-interno-de-morena-e-consulta","status":"publish","type":"post","link":"https:\/\/losperiodistas.com.mx\/portal\/van-8-por-gubernatura-de-puebla-se-registran-en-proceso-interno-de-morena-e-consulta\/","title":{"rendered":"Van 8 por gubernatura de Puebla; se registran en proceso interno de Morena | E-Consulta"},"content":{"rendered":"\n<p class=\"has-medium-font-size\">Los perfiles interesados en competir por la gubernatura de Puebla en 2024 tienen hasta el martes 26 para completar su registro<\/p>\n\n\n\n<div class=\"wp-block-image is-style-default\"><figure class=\"aligncenter size-full\"><img fetchpriority=\"high\" decoding=\"async\" width=\"640\" height=\"426\" src=\"https:\/\/losperiodistas.com.mx\/portal\/wp-content\/uploads\/2023\/09\/van_8_por_gubernatura_de_puebla_se_registran_en_proceso_interno_de_morena.jpg\" alt=\"\" class=\"wp-image-59715\" srcset=\"https:\/\/losperiodistas.com.mx\/portal\/wp-content\/uploads\/2023\/09\/van_8_por_gubernatura_de_puebla_se_registran_en_proceso_interno_de_morena.jpg 640w, https:\/\/losperiodistas.com.mx\/portal\/wp-content\/uploads\/2023\/09\/van_8_por_gubernatura_de_puebla_se_registran_en_proceso_interno_de_morena-300x200.jpg 300w\" sizes=\"(max-width: 640px) 100vw, 640px\" \/><figcaption>Foto \/ e-consulta<br><br><a href=\"\/\/www.e-consulta.com\/nota\/2023-09-25\/elecciones\/van-8-por-gubernatura-de-puebla-se-registran-en-proceso-interno-de-morena\" target=\"_blank\" rel=\"noreferrer noopener\"><\/a><\/figcaption><\/figure><\/div>\n\n\n\n<p>Septiembre 26\/ 2023<\/p>\n\n\n\n<p class=\"has-vivid-red-color has-text-color has-medium-font-size\"><strong>ANAID PI\u00d1AS \/ E-CONSULTA<\/strong><\/p>\n\n\n\n<p><strong>Ocho fueron los perfiles<\/strong>&nbsp;que este lunes se registraron como&nbsp;<strong><a href=\"https:\/\/www.e-consulta.com\/nota\/2023-09-25\/elecciones\/armenta-huerta-y-salomon-se-registran-candidatura-de-morena-en-puebla\">aspirantes de Morena a la gubernatura de Puebla<\/a><\/strong>, a trav\u00e9s de la Coordinaci\u00f3n de Defensa de la Cuarta Transformaci\u00f3n en la entidad, y se espera que este martes lo hagan otros tres o cuatro.<\/p>\n\n\n\n<p>En los primeros minutos del 25 de septiembre lo hicieron la exsecretaria de Econom\u00eda,&nbsp;<strong>Olivia<\/strong>&nbsp;<strong>Salom\u00f3n Vivaldo<\/strong>; el exsecretario de Gobernaci\u00f3n,&nbsp;<strong>Julio Huerta G\u00f3mez<\/strong>&nbsp;y el senador&nbsp;<strong>Alejandro<\/strong>&nbsp;<strong>Armenta Mier<\/strong>.<\/p>\n\n\n\n<p>Poco despu\u00e9s lo har\u00edan la expresidenta municipal de Puebla,&nbsp;<strong><a href=\"https:\/\/www.e-consulta.com\/nota\/2023-09-25\/elecciones\/claudia-rivera-vivanco-se-registra-en-interna-de-morena\">Claudia Rivera Vivanco<\/a><\/strong>; el coordinador de la fracci\u00f3n de Morena en la C\u00e1mara de Diputados,&nbsp;<strong><a href=\"https:\/\/www.e-consulta.com\/nota\/2023-09-25\/elecciones\/ignacio-mier-completa-su-registro-va-por-coordinacion-de-la-4t-en-puebla\">Ignacio Mier Velazco<\/a><\/strong>; y la viuda del gobernador Miguel Barbosa,&nbsp;<strong>Rosario Orozco Caballero<\/strong>.<\/p>\n\n\n\n<p>Por la tarde quedaron inscritos el exsecretario de Educaci\u00f3n,&nbsp;<strong>Melit\u00f3n Lozano P\u00e9rez<\/strong>, y el exsecretario de Gobernaci\u00f3n y l\u00edder del Movimiento Poblano por la Cuarta Transformaci\u00f3n,&nbsp;<strong>David M\u00e9ndez M\u00e1rquez<\/strong>.<\/p>\n\n\n\n<p>Te puede interesar:<\/p>\n\n\n\n<p><a href=\"https:\/\/www.e-consulta.com\/nota\/2023-09-25\/elecciones\/rosario-orozco-se-registra-en-contiende-de-morena-por-gubernatura-de\">Rosario Orozco se registra en contiende de Morena por gubernatura de Puebla<\/a><\/p>\n\n\n\n<p>En las pr\u00f3ximas horas, antes de que venza el registro, se espera que se inscriban en la plataforma, tal como lo establece la convocatoria publicada el lunes de la semana pasada, la secretaria de Bienestar,&nbsp;<strong><a href=\"https:\/\/www.e-consulta.com\/nota\/2023-09-25\/elecciones\/liz-sanchez-la-unica-apuesta-del-pt-para-la-gubernatura-de-puebla\">Lizeth S\u00e1nchez Garc\u00eda<\/a><\/strong>, como cuota del Partido del Trabajo (PT); el exdelegado de la Secretar\u00eda de Bienestar,&nbsp;<strong>Rodrigo<\/strong>&nbsp;<strong>Abdala Dartigues<\/strong>; el exsecretario de Salud,&nbsp;<strong>Jos\u00e9<\/strong>&nbsp;<strong>Antonio Mart\u00ednez Garc\u00eda<\/strong>; y la presidenta municipal de San Mart\u00edn Texmelucan,&nbsp;<strong>Norma Lay\u00f3n Aarum<\/strong>.<\/p>\n\n\n\n<h2 class=\"wp-block-heading\"><strong>Realizan eventos para anunciar su inscripci\u00f3n<\/strong><\/h2>\n\n\n\n<p>Luego de realizar su registro en l\u00ednea para contender por la Coordinaci\u00f3n de Defensa de la Cuarta Transformaci\u00f3n de Puebla, y posteriormente buscar la gubernatura, los&nbsp;<strong>primos<\/strong>&nbsp;<strong>Mier<\/strong>&nbsp;<strong>anunciaron p\u00fablicamente su participaci\u00f3n&nbsp;<\/strong>en ruedas de prensa.<\/p>\n\n\n\n<p>Desde distintos puntos del Centro Hist\u00f3rico, llamaron a la unidad y se comprometieron a trabajar a favor del movimiento, en especial, a ser un&nbsp;<strong>apoyo importante&nbsp;<\/strong>para la virtual candidata a la presidencia de la Rep\u00fablica por Morena,&nbsp;<strong>Claudia<\/strong>&nbsp;<strong>Sheinbaum Pardo<\/strong>.<\/p>\n\n\n\n<p>Te puede interesar:<\/p>\n\n\n\n<p><a href=\"https:\/\/www.e-consulta.com\/nota\/2023-09-25\/elecciones\/liz-sanchez-la-unica-apuesta-del-pt-para-la-gubernatura-de-puebla\">Liz S\u00e1nchez, la \u00fanica apuesta del PT para la gubernatura de Puebla<\/a><\/p>\n\n\n\n<p>Por la tarde, la expresidenta honoraria del Sistema Estatal para el Desarrollo Integral de la Familia (SEDIF),&nbsp;<strong>Rosario \u201cCharito\u201d Orozco Caballero<\/strong>&nbsp;y el l\u00edder del Movimiento Poblano por la Cuarta Transformaci\u00f3n,&nbsp;<strong>David M\u00e9ndez M\u00e1rquez<\/strong>, realizaron&nbsp;<strong>encuentros especiales&nbsp;<\/strong>para sumarse al proceso de designaci\u00f3n interno.<\/p>\n\n\n\n<p>Orozco Caballero sostuvo un&nbsp;<strong>encuentro privado<\/strong>&nbsp;con militantes y consejeros estatales de Morena, en el que&nbsp;<strong>se asumi\u00f3 como la mejor opci\u00f3n<\/strong>&nbsp;para encabezar el proyecto izquierdista en Puebla; en tanto, M\u00e9ndez M\u00e1rquez fue cobijado por sus&nbsp;<strong>excolegas del gobierno estatal<\/strong>&nbsp;e integrantes del grupo denominado opci\u00f3n progresista, social y de izquierda.<\/p>\n\n\n\n<h2 class=\"wp-block-heading\"><strong>Comparten su registro en redes sociales<\/strong><\/h2>\n\n\n\n<p>Por otra parte, hubo aspirantes que&nbsp;<strong>prefirieron ser m\u00e1s discretos&nbsp;<\/strong>al confirmar su participaci\u00f3n en la contienda interna de Morena y se limitaron a anunciar su registro a trav\u00e9s de redes sociales.<\/p>\n\n\n\n<p>Tal fue el caso de la expresidenta municipal de Puebla,&nbsp;<strong>Claudia Rivera Vivanco<\/strong>, qui\u00e9n comparti\u00f3 un video en el que recalc\u00f3 que en Puebla \u201c<strong>es tiempo de las mujeres<\/strong>&nbsp;\u201c y record\u00f3 que ella es&nbsp;<strong>fundadora del Movimiento Regeneraci\u00f3n Nacional<\/strong>&nbsp;(Morena); adem\u00e1s, afirm\u00f3 que cuenta con \u201cel amor y la capacidad\u201d para coordinar el proyecto del presidente&nbsp;<strong>Andr\u00e9s Manuel L\u00f3pez<\/strong>&nbsp;en el estado.<\/p>\n\n\n\n<p>Tambi\u00e9n el del exsecretario de Gobernaci\u00f3n,&nbsp;<strong>Julio Miguel Huerta G\u00f3mez<\/strong>, quien afirm\u00f3 en su cuenta de X, antes Twitter, que&nbsp;<strong>este proceso es democr\u00e1tico<\/strong>&nbsp;y apuesta a la unidad de Morena y sus partidos aliados, al&nbsp;<strong>abanderar una causa en com\u00fan y no un proyecto personal<\/strong>.<\/p>\n\n\n\n<p>Un caso similar ocurri\u00f3 con los&nbsp;<strong>exfuncionarios estatales<\/strong>&nbsp;Olivia Salom\u00f3n Vivaldo, de la&nbsp;<strong>Secretar\u00eda de Econom\u00eda<\/strong>, y Melit\u00f3n Lozano P\u00e9rez, de la&nbsp;<strong>Secretar\u00eda de Educaci\u00f3n<\/strong>.<\/p>\n\n\n\n<p>La primera destac\u00f3 su experiencia en el servicio p\u00fablico y el respeto a los principios de Morena como forma de vida; el segundo,&nbsp;<strong>cuestion\u00f3 el proceso<\/strong>&nbsp;y pidi\u00f3 que se transparenten los criterios bajo los cuales el&nbsp;<strong>Consejo Estatal de Morena&nbsp;<\/strong>realizar\u00e1 la&nbsp;<strong>selecci\u00f3n de los perfiles<\/strong>.<\/p>\n\n\n\n<p>De acuerdo con la convocatoria emitida por el Comit\u00e9 Ejecutivo Nacional (CEN) de Morena, los interesados en participar&nbsp;<strong>tendr\u00e1n que inscribirse en l\u00ednea el 25 y 26 de septiembre<\/strong>. No es necesario que se separen de sus cargos para hacerlo.<\/p>\n\n\n\n<p>El pr\u00f3ximo jueves 28, el\u00a0<strong>Consejo Estatal de Moren<\/strong>a se pronunciar\u00e1 por\u00a0<strong>dos hombres y dos mujeres\u00a0<\/strong>para avanzar a la siguiente ronda y ser medidos en la encuesta, ya que\u00a0<strong>no habr\u00e1 periodo de promoci\u00f3n<\/strong>. El 30 de septiembre la Comisi\u00f3n Nacional de Elecciones anunciar\u00e1 a la o el ganador.<\/p>\n\n\n\n<p>Fuente: <a href=\"https:\/\/www.e-consulta.com\/nota\/2023-09-25\/elecciones\/van-8-por-gubernatura-de-puebla-se-registran-en-proceso-interno-de-morena\">https:\/\/www.e-consulta.com\/nota\/2023-09-25\/elecciones\/van-8-por-gubernatura-de-puebla-se-registran-en-proceso-interno-de-morena<\/a><\/p>\n","protected":false},"excerpt":{"rendered":"<p>Los perfiles interesados en competir por la gubernatura de Puebla en 2024 tienen hasta el martes 26 para completar su [&hellip;]<\/p>\n","protected":false},"author":1,"featured_media":59715,"comment_status":"open","ping_status":"open","sticky":false,"template":"","format":"standard","meta":{"site-sidebar-layout":"default","site-content-layout":"","ast-site-content-layout":"default","site-content-style":"default","site-sidebar-style":"default","ast-global-header-display":"","ast-banner-title-visibility":"","ast-main-header-display":"","ast-hfb-above-header-display":"","ast-hfb-below-header-display":"","ast-hfb-mobile-header-display":"","site-post-title":"","ast-breadcrumbs-content":"","ast-featured-img":"","footer-sml-layout":"","theme-transparent-header-meta":"","adv-header-id-meta":"","stick-header-meta":"","header-above-stick-meta":"","header-main-stick-meta":"","header-below-stick-meta":"","astra-migrate-meta-layouts":"default","ast-page-background-enabled":"default","ast-page-background-meta":{"desktop":{"background-color":"var(--ast-global-color-4)","background-image":"","background-repeat":"repeat","background-position":"center center","background-size":"auto","background-attachment":"scroll","background-type":"","background-media":"","overlay-type":"","overlay-color":"","overlay-opacity":"","overlay-gradient":""},"tablet":{"background-color":"","background-image":"","background-repeat":"repeat","background-position":"center center","background-size":"auto","background-attachment":"scroll","background-type":"","background-media":"","overlay-type":"","overlay-color":"","overlay-opacity":"","overlay-gradient":""},"mobile":{"background-color":"","background-image":"","background-repeat":"repeat","background-position":"center center","background-size":"auto","background-attachment":"scroll","background-type":"","background-media":"","overlay-type":"","overlay-color":"","overlay-opacity":"","overlay-gradient":""}},"ast-content-background-meta":{"desktop":{"background-color":"var(--ast-global-color-5)","background-image":"","background-repeat":"repeat","background-position":"center center","background-size":"auto","background-attachment":"scroll","background-type":"","background-media":"","overlay-type":"","overlay-color":"","overlay-opacity":"","overlay-gradient":""},"tablet":{"background-color":"var(--ast-global-color-5)","background-image":"","background-repeat":"repeat","background-position":"center center","background-size":"auto","background-attachment":"scroll","background-type":"","background-media":"","overlay-type":"","overlay-color":"","overlay-opacity":"","overlay-gradient":""},"mobile":{"background-color":"var(--ast-global-color-5)","background-image":"","background-repeat":"repeat","background-position":"center center","background-size":"auto","background-attachment":"scroll","background-type":"","background-media":"","overlay-type":"","overlay-color":"","overlay-opacity":"","overlay-gradient":""}},"footnotes":""},"categories":[8],"tags":[5486,725,19159],"class_list":["post-59714","post","type-post","status-publish","format-standard","has-post-thumbnail","hentry","category-noticias","tag-elecciones-2024","tag-morena-puebla","tag-proceso-interno-morena"],"_links":{"self":[{"href":"https:\/\/losperiodistas.com.mx\/portal\/wp-json\/wp\/v2\/posts\/59714","targetHints":{"allow":["GET"]}}],"collection":[{"href":"https:\/\/losperiodistas.com.mx\/portal\/wp-json\/wp\/v2\/posts"}],"about":[{"href":"https:\/\/losperiodistas.com.mx\/portal\/wp-json\/wp\/v2\/types\/post"}],"author":[{"embeddable":true,"href":"https:\/\/losperiodistas.com.mx\/portal\/wp-json\/wp\/v2\/users\/1"}],"replies":[{"embeddable":true,"href":"https:\/\/losperiodistas.com.mx\/portal\/wp-json\/wp\/v2\/comments?post=59714"}],"version-history":[{"count":2,"href":"https:\/\/losperiodistas.com.mx\/portal\/wp-json\/wp\/v2\/posts\/59714\/revisions"}],"predecessor-version":[{"id":59718,"href":"https:\/\/losperiodistas.com.mx\/portal\/wp-json\/wp\/v2\/posts\/59714\/revisions\/59718"}],"wp:featuredmedia":[{"embeddable":true,"href":"https:\/\/losperiodistas.com.mx\/portal\/wp-json\/wp\/v2\/media\/59715"}],"wp:attachment":[{"href":"https:\/\/losperiodistas.com.mx\/portal\/wp-json\/wp\/v2\/media?parent=59714"}],"wp:term":[{"taxonomy":"category","embeddable":true,"href":"https:\/\/losperiodistas.com.mx\/portal\/wp-json\/wp\/v2\/categories?post=59714"},{"taxonomy":"post_tag","embeddable":true,"href":"https:\/\/losperiodistas.com.mx\/portal\/wp-json\/wp\/v2\/tags?post=59714"}],"curies":[{"name":"wp","href":"https:\/\/api.w.org\/{rel}","templated":true}]}}