{"id":597,"date":"2020-10-28T06:11:27","date_gmt":"2020-10-28T12:11:27","guid":{"rendered":"http:\/\/losperiodistas.com.mx\/portal\/?p=597"},"modified":"2020-10-28T06:11:27","modified_gmt":"2020-10-28T12:11:27","slug":"falla-otro-intento-por-tomar-fondo-de-salud-oposicion-revienta-sesion-en-camara-de-diputados","status":"publish","type":"post","link":"https:\/\/losperiodistas.com.mx\/portal\/falla-otro-intento-por-tomar-fondo-de-salud-oposicion-revienta-sesion-en-camara-de-diputados\/","title":{"rendered":"Falla otro intento por tomar fondo de salud; oposici\u00f3n revienta sesi\u00f3n en C\u00e1mara de Diputados"},"content":{"rendered":"\n<ul class=\"wp-block-list\"><li>Morena quiso imponer su mayor\u00eda para aprobar fast track una reforma que dar\u00e1 al gobierno el control de 33 mil millones de pesos, pero PAN, PRI, PRD y MC dejaron sin qu\u00f3rum al pleno<\/li><\/ul>\n\n\n\n<p><\/p>\n\n\n\n<p class=\"has-vivid-cyan-blue-color has-text-color has-medium-font-size\">XIMENA MEJ\u00cdA E IVONNE MELGAR\/ EXCELSIOR<\/p>\n\n\n\n<p><\/p>\n\n\n\n<p>CIUDAD DE M\u00c9XICO.<\/p>\n\n\n\n<p>Morena y sus aliados en la C\u00e1mara de Diputados volvieron a toparse con pared.<\/p>\n\n\n\n<p>Legisladores de oposici\u00f3n impidieron que la mayor\u00eda parlamentaria se impusiera y aprobara&nbsp;<em>fast track<\/em>&nbsp;reformas al art\u00edculo 77 bis de la Ley General de Salud para que el gobierno federal pueda disponer de 33 mil millones de pesos contenidos en el Fondo de Salud para el Bienestar, destinados a cubrir el costo de enfermedades catastr\u00f3ficas.<\/p>\n\n\n\n<p>Diputados del PAN, PRI, PRD, MC, incluso del PVEM, PES y PT dejaron sin qu\u00f3rum la sesi\u00f3n del pleno. En una primera ocasi\u00f3n se emitieron 227 votos, pero al solicitarse la rectificaci\u00f3n del qu\u00f3rum se alcanzaron 239, por lo que Dulce Mar\u00eda Sauri, presidenta de la Mesa Directiva, dio por concluida la sesi\u00f3n y cit\u00f3 hoy para continuar con el desahogo del tema.<\/p>\n\n\n\n<p>Con este rev\u00e9s, por cuarta ocasi\u00f3n el grupo parlamentario de Morena no logr\u00f3 materializar que los recursos del fondo pasen a la Tesorer\u00eda de la Federaci\u00f3n.<\/p>\n\n\n\n<p>Por la ma\u00f1ana el dictamen fue aprobado en la Comisi\u00f3n de Presupuesto. Luego, sin reuni\u00f3n previa de la Jucopo, Morena, PT y PES presentaron un acuerdo a la Mesa Directiva para llevar la discusi\u00f3n al pleno, lo que fue rechazado por PAN, PRD y MC. El coordinador del PRI, Ren\u00e9 Ju\u00e1rez, dijo que no recibi\u00f3 la solicitud de llevar al pleno este debate.<\/p>\n\n\n\n<p>En su intento por frenar la discusi\u00f3n, diputadas del PAN quisieron tomar la tribuna. \u00c9ctor Ram\u00edrez Barba, su compa\u00f1ero de bancada, alert\u00f3 que ante la larga sesi\u00f3n hab\u00eda riesgo de que hubiera contagios de covid-19.<\/p>\n\n\n\n<p>El morenista Iv\u00e1n P\u00e9rez Negr\u00f3n, impulsor de la iniciativa, rechaz\u00f3 que el gobierno quiera eliminar este fondo, ya que cuenta con los recursos suficientes para atender a los ni\u00f1os enfermos con c\u00e1ncer.<\/p>\n\n\n\n<p><strong>Frenan recorte a Fondo de Salud<\/strong><\/p>\n\n\n\n<p>De nueva cuenta, Morena intent\u00f3 disponer de 33 mil mdp destinados a enfermedades catastr\u00f3ficas.<\/p>\n\n\n\n<p>Sin \u00e9xito, Morena y sus aliados en la C\u00e1mara de Diputados pretendieron imponer su mayor\u00eda para aprobar&nbsp;<em>fast track<\/em>&nbsp;reformas al art\u00edculo 77 bis de la Ley General de Salud y que el gobierno federal pueda disponer de 33 mil millones de pesos del Fondo de Salud para el Bienestar, destinados a enfermedades catastr\u00f3ficas.<\/p>\n\n\n\n<p>La mayor\u00eda parlamentaria se qued\u00f3 sin qu\u00f3rum por la oposici\u00f3n y tambi\u00e9n por los suyos y sus aliados, lo que fren\u00f3 temporalmente la votaci\u00f3n de la reforma exigida por el presidente Andr\u00e9s Manuel L\u00f3pez Obrador.<\/p>\n\n\n\n<p>En una primera ocasi\u00f3n se emitieron 227 votos y al solicitarse la rectificaci\u00f3n del qu\u00f3rum se alcanzaron 239, por lo que la presidenta de la C\u00e1mara de Diputados, Dulce Mar\u00eda Sauri, dio por concluida la sesi\u00f3n y cit\u00f3 hoy para seguir con el desahogo del tema, a pesar de que ya se hab\u00eda anunciado que, debido al alto riesgo de contagios por covid-19, la sesi\u00f3n de hoy ser\u00eda semipresencial.<\/p>\n\n\n\n<p>Adem\u00e1s de los diputados de oposici\u00f3n del PAN, PRD, Movimiento Ciudadano y PRI, no estuvieron para la votaci\u00f3n los legisladores del Partido Verde Ecologista, 12 del PES y 10 del PT.<\/p>\n\n\n\n<p>Por cuarta ocasi\u00f3n, el grupo parlamentario de Morena no logr\u00f3 materializar que estos recursos pasen a la Tesorer\u00eda de la Federaci\u00f3n. En otras tres ocasiones han llevado al pleno de San L\u00e1zaro esta iniciativa.<\/p>\n\n\n\n<p>Para tratar de frenar la discusi\u00f3n, diputadas del PAN intentaron tomar la tribuna. En tanto, el legislador, \u00c9ctor Ram\u00edrez Barba argument\u00f3 que por la prolongaci\u00f3n de la sesi\u00f3n se corr\u00eda el riesgo de contagios de covid-19.<\/p>\n\n\n\n<p><strong>Albazo<\/strong><\/p>\n\n\n\n<p>Posterior a la aprobaci\u00f3n del dictamen, ayer por la ma\u00f1ana en la Comisi\u00f3n de Presupuesto, y sin realizar una reuni\u00f3n de la Junta de Coordinaci\u00f3n Pol\u00edtica (Jucopo), el vicecoordinador de Morena, Pablo G\u00f3mez, en sustituci\u00f3n del coordinador de Morena, Mario Delgado, quien tiene covid-19, y los coordinadores del PT y PES, Reginaldo Sandoval y Jorge Arturo Arg\u00fcelles, presentaron un acuerdo a la Mesa Directiva de la C\u00e1mara de Diputados para llevar al pleno su discusi\u00f3n y aprobaci\u00f3n.<\/p>\n\n\n\n<p>En respuesta, los coordinadores de oposici\u00f3n del PRD, PAN y Movimiento Ciudadano, Ver\u00f3nica Ju\u00e1rez Pi\u00f1a, Juan Carlos Romero Hicks y Tonatiuh Bravo, respectivamente, informaron que firmaron en contra del acuerdo de la Jucopo, mientras que el coordinador del PRI, Ren\u00e9 Ju\u00e1rez, dijo que no recibi\u00f3 la solicitud de llevar al pleno este debate.<\/p>\n\n\n\n<p>Al intentar la aprobaci\u00f3n de la reforma en el pleno, Morena afirm\u00f3 de nueva cuenta que, a\u00f1o con a\u00f1o, ingresan m\u00e1s recursos de los que en realidad se gastan en la atenci\u00f3n de pacientes con enfermedades catastr\u00f3ficas.<\/p>\n\n\n\n<p>La reforma propone destinar el remanente para fortalecer acciones en materia de salud a trav\u00e9s del reintegro de recursos a la Tesorer\u00eda de la Federaci\u00f3n.<\/p>\n\n\n\n<p>Durante la discusi\u00f3n en el pleno, la perredista Ver\u00f3nica Ju\u00e1rez present\u00f3 una moci\u00f3n suspensiva para frenar la sesi\u00f3n. Sin embargo, fue rechazada por la mayor\u00eda.<\/p>\n\n\n\n<p>La coordinadora del PRD acus\u00f3 que esta acci\u00f3n es un nuevo intento m\u00e1s de la Cuarta Transformaci\u00f3n para apropiarse de recursos, en lo que calific\u00f3 como un acto criminal en contra de los enfermos de c\u00e1ncer en el pa\u00eds, que no cuentan con seguridad social.<\/p>\n\n\n\n<p>El diputado morenista Iv\u00e1n P\u00e9rez Negr\u00f3n, impulsor de la iniciativa, argument\u00f3 que es mentira que se extinga el fideicomiso, ya que cuenta con los recursos suficientes para atender a los ni\u00f1os enfermos con c\u00e1ncer.<\/p>\n\n\n\n<p>En tanto, el petista Benjam\u00edn Robles calific\u00f3 como un \u201cshow\u201d la postura de la oposici\u00f3n y argument\u00f3 que los 33 mil millones de pesos se destinar\u00e1n a la adquisici\u00f3n de la vacuna contra el covid-19.<\/p>\n\n\n\n<p><strong>Los datos<\/strong><\/p>\n\n\n\n<ul class=\"wp-block-list\"><li>La reforma pretende\u00a0 disponer de 33 mil millones de pesos del Fondo de Salud para el Bienestar y reasignarlos a la atenci\u00f3n de la pandemia.<\/li><li>Propone destinar el remanente a fortalecer acciones en materia de salud a trav\u00e9s del reintegro de recursos a la Tesorer\u00eda.<\/li><li>Con la reforma se pretende recuperar el dinero del ajuste realizado a la Ley de Ingresos la semana pasada.<\/li><\/ul>\n\n\n\n<p>Fuente: https:\/\/www.excelsior.com.mx\/nacional\/falla-otro-intento-por-tomar-fondo-de-salud-oposicion-revienta-sesion-en-camara-de<\/p>\n","protected":false},"excerpt":{"rendered":"<p>Morena quiso imponer su mayor\u00eda para aprobar fast track una reforma que dar\u00e1 al gobierno el control de 33 mil [&hellip;]<\/p>\n","protected":false},"author":1,"featured_media":598,"comment_status":"open","ping_status":"open","sticky":false,"template":"","format":"standard","meta":{"site-sidebar-layout":"default","site-content-layout":"","ast-site-content-layout":"default","site-content-style":"default","site-sidebar-style":"default","ast-global-header-display":"","ast-banner-title-visibility":"","ast-main-header-display":"","ast-hfb-above-header-display":"","ast-hfb-below-header-display":"","ast-hfb-mobile-header-display":"","site-post-title":"","ast-breadcrumbs-content":"","ast-featured-img":"","footer-sml-layout":"","theme-transparent-header-meta":"","adv-header-id-meta":"","stick-header-meta":"","header-above-stick-meta":"","header-main-stick-meta":"","header-below-stick-meta":"","astra-migrate-meta-layouts":"default","ast-page-background-enabled":"default","ast-page-background-meta":{"desktop":{"background-color":"var(--ast-global-color-4)","background-image":"","background-repeat":"repeat","background-position":"center center","background-size":"auto","background-attachment":"scroll","background-type":"","background-media":"","overlay-type":"","overlay-color":"","overlay-opacity":"","overlay-gradient":""},"tablet":{"background-color":"","background-image":"","background-repeat":"repeat","background-position":"center center","background-size":"auto","background-attachment":"scroll","background-type":"","background-media":"","overlay-type":"","overlay-color":"","overlay-opacity":"","overlay-gradient":""},"mobile":{"background-color":"","background-image":"","background-repeat":"repeat","background-position":"center center","background-size":"auto","background-attachment":"scroll","background-type":"","background-media":"","overlay-type":"","overlay-color":"","overlay-opacity":"","overlay-gradient":""}},"ast-content-background-meta":{"desktop":{"background-color":"var(--ast-global-color-5)","background-image":"","background-repeat":"repeat","background-position":"center center","background-size":"auto","background-attachment":"scroll","background-type":"","background-media":"","overlay-type":"","overlay-color":"","overlay-opacity":"","overlay-gradient":""},"tablet":{"background-color":"var(--ast-global-color-5)","background-image":"","background-repeat":"repeat","background-position":"center center","background-size":"auto","background-attachment":"scroll","background-type":"","background-media":"","overlay-type":"","overlay-color":"","overlay-opacity":"","overlay-gradient":""},"mobile":{"background-color":"var(--ast-global-color-5)","background-image":"","background-repeat":"repeat","background-position":"center center","background-size":"auto","background-attachment":"scroll","background-type":"","background-media":"","overlay-type":"","overlay-color":"","overlay-opacity":"","overlay-gradient":""}},"footnotes":""},"categories":[8],"tags":[],"class_list":["post-597","post","type-post","status-publish","format-standard","has-post-thumbnail","hentry","category-noticias"],"_links":{"self":[{"href":"https:\/\/losperiodistas.com.mx\/portal\/wp-json\/wp\/v2\/posts\/597","targetHints":{"allow":["GET"]}}],"collection":[{"href":"https:\/\/losperiodistas.com.mx\/portal\/wp-json\/wp\/v2\/posts"}],"about":[{"href":"https:\/\/losperiodistas.com.mx\/portal\/wp-json\/wp\/v2\/types\/post"}],"author":[{"embeddable":true,"href":"https:\/\/losperiodistas.com.mx\/portal\/wp-json\/wp\/v2\/users\/1"}],"replies":[{"embeddable":true,"href":"https:\/\/losperiodistas.com.mx\/portal\/wp-json\/wp\/v2\/comments?post=597"}],"version-history":[{"count":1,"href":"https:\/\/losperiodistas.com.mx\/portal\/wp-json\/wp\/v2\/posts\/597\/revisions"}],"predecessor-version":[{"id":599,"href":"https:\/\/losperiodistas.com.mx\/portal\/wp-json\/wp\/v2\/posts\/597\/revisions\/599"}],"wp:featuredmedia":[{"embeddable":true,"href":"https:\/\/losperiodistas.com.mx\/portal\/wp-json\/wp\/v2\/media\/598"}],"wp:attachment":[{"href":"https:\/\/losperiodistas.com.mx\/portal\/wp-json\/wp\/v2\/media?parent=597"}],"wp:term":[{"taxonomy":"category","embeddable":true,"href":"https:\/\/losperiodistas.com.mx\/portal\/wp-json\/wp\/v2\/categories?post=597"},{"taxonomy":"post_tag","embeddable":true,"href":"https:\/\/losperiodistas.com.mx\/portal\/wp-json\/wp\/v2\/tags?post=597"}],"curies":[{"name":"wp","href":"https:\/\/api.w.org\/{rel}","templated":true}]}}