{"id":5967,"date":"2021-03-19T07:56:21","date_gmt":"2021-03-19T13:56:21","guid":{"rendered":"http:\/\/losperiodistas.com.mx\/portal\/?p=5967"},"modified":"2021-03-19T07:56:22","modified_gmt":"2021-03-19T13:56:22","slug":"descubren-supuesta-causa-de-trombosis-tras-vacunacion-de-astrazeneca-dw","status":"publish","type":"post","link":"https:\/\/losperiodistas.com.mx\/portal\/descubren-supuesta-causa-de-trombosis-tras-vacunacion-de-astrazeneca-dw\/","title":{"rendered":"Descubren supuesta causa de trombosis tras vacunaci\u00f3n de AstraZeneca | DW"},"content":{"rendered":"\n<p style=\"font-size:18px\"><em>Cient\u00edficos de la Universidad de Greifswald, en Alemania, dicen haber hallado qu\u00e9 caus\u00f3 la reacci\u00f3n en algunos pacientes inoculados con la f\u00f3rmula anglo-sueca.<\/em><\/p>\n\n\n\n<figure class=\"wp-block-image size-large\"><img fetchpriority=\"high\" decoding=\"async\" width=\"1024\" height=\"611\" src=\"https:\/\/losperiodistas.com.mx\/portal\/wp-content\/uploads\/2021\/03\/Captura-de-Pantalla-2021-03-19-a-las-7.53.50-1024x611.jpg\" alt=\"\" class=\"wp-image-5968\" srcset=\"https:\/\/losperiodistas.com.mx\/portal\/wp-content\/uploads\/2021\/03\/Captura-de-Pantalla-2021-03-19-a-las-7.53.50-1024x611.jpg 1024w, https:\/\/losperiodistas.com.mx\/portal\/wp-content\/uploads\/2021\/03\/Captura-de-Pantalla-2021-03-19-a-las-7.53.50-300x179.jpg 300w, https:\/\/losperiodistas.com.mx\/portal\/wp-content\/uploads\/2021\/03\/Captura-de-Pantalla-2021-03-19-a-las-7.53.50-768x458.jpg 768w, https:\/\/losperiodistas.com.mx\/portal\/wp-content\/uploads\/2021\/03\/Captura-de-Pantalla-2021-03-19-a-las-7.53.50.jpg 1408w\" sizes=\"(max-width: 1024px) 100vw, 1024px\" \/><\/figure>\n\n\n\n<p class=\"has-vivid-cyan-blue-color has-text-color has-medium-font-size\">DW<\/p>\n\n\n\n<p>La cadena alemana NDR inform\u00f3 este viernes (19.03.2021) que investigadores de la Universidad de Greifswald, en Mecklemburgo-Antepomerania, dicen haber descubierto la raz\u00f3n por la cual un n\u00famero sumamente reducido de personas vacunadas con el preparado de la firma anglo-sueca AstraZeneca sufrieron trombosis cerebrales.<\/p>\n\n\n\n<p>Los especialistas se pusieron en contacto con el Instituto Paul Ehrlich, encargado de aprobar las vacunas en Alemania, para pedirles muestras de pacientes afectados por trombosis tras haber sido inoculados. Luego de examinar estas muestras, los especialistas determinaron que la vacuna desencadena un mecanismo defensivo en el organismo de los pacientes, lo que activa la acci\u00f3n de las plaquetas.<\/p>\n\n\n\n<p>Dicho en sencillo, las plaquetas act\u00faan en la sangre para impedir las hemorragias. Cuando sobreabundan, forman co\u00e1gulos o trombos. En condiciones normales, las plaquetas se activan cuando se produce una herida, para hacer que \u00e9sta cicatrice. Sin embargo, en algunos pacientes, la vacuna de AstraZeneca desata esta reacci\u00f3n de forma descontrolada, haciendo que se formen co\u00e1gulos de sangre en el cerebro.<\/p>\n\n\n\n<p><strong>Tratamiento posterior<\/strong><\/p>\n\n\n\n<p>Ahora que el mecanismo fue descrito de forma espec\u00edfica por los expertos alemanes, podr\u00eda desarrollarse un tratamiento espec\u00edfico contra esta reacci\u00f3n, cuya incidencia entre los vacunados en m\u00ednima. NDR afirma que una opci\u00f3n de tratamiento ser\u00eda que los potenciales afectados reciban medicamentos que evitan las trombosis. Sin embargo, este tratamiento solo puede realizarse una vez que la reacci\u00f3n se haya desatado, y no antes.<\/p>\n\n\n\n<p>La Universidad de Greifswald destac\u00f3 que el hallazgo solo fue posible gracias a la cooperaci\u00f3n del Instituto Paul Ehrlich y m\u00e9dicos austr\u00edacos, donde una enfermera falleci\u00f3 tras ser inmunizada con el preparado de AstraZeneca. La casa de estudios asegur\u00f3 que ahora, gracias al equipo liderado por el profesor Andreas Greinacher, la vacunaci\u00f3n podr\u00e1 seguir adelante sin problemas.<\/p>\n\n\n\n<p>DZC (NDR, Reuters, Universidad de Greifswald)<\/p>\n\n\n\n<p>Fuente: https:\/\/www.dw.com\/es\/descubren-supuesta-causa-de-trombosis-tras-vacunaci%C3%B3n-de-astrazeneca\/a-56928731<\/p>\n","protected":false},"excerpt":{"rendered":"<p>Cient\u00edficos de la Universidad de Greifswald, en Alemania, dicen haber hallado qu\u00e9 caus\u00f3 la reacci\u00f3n en algunos pacientes inoculados con [&hellip;]<\/p>\n","protected":false},"author":1,"featured_media":5968,"comment_status":"open","ping_status":"open","sticky":false,"template":"","format":"standard","meta":{"site-sidebar-layout":"default","site-content-layout":"","ast-site-content-layout":"default","site-content-style":"default","site-sidebar-style":"default","ast-global-header-display":"","ast-banner-title-visibility":"","ast-main-header-display":"","ast-hfb-above-header-display":"","ast-hfb-below-header-display":"","ast-hfb-mobile-header-display":"","site-post-title":"","ast-breadcrumbs-content":"","ast-featured-img":"","footer-sml-layout":"","theme-transparent-header-meta":"","adv-header-id-meta":"","stick-header-meta":"","header-above-stick-meta":"","header-main-stick-meta":"","header-below-stick-meta":"","astra-migrate-meta-layouts":"default","ast-page-background-enabled":"default","ast-page-background-meta":{"desktop":{"background-color":"var(--ast-global-color-4)","background-image":"","background-repeat":"repeat","background-position":"center center","background-size":"auto","background-attachment":"scroll","background-type":"","background-media":"","overlay-type":"","overlay-color":"","overlay-opacity":"","overlay-gradient":""},"tablet":{"background-color":"","background-image":"","background-repeat":"repeat","background-position":"center center","background-size":"auto","background-attachment":"scroll","background-type":"","background-media":"","overlay-type":"","overlay-color":"","overlay-opacity":"","overlay-gradient":""},"mobile":{"background-color":"","background-image":"","background-repeat":"repeat","background-position":"center center","background-size":"auto","background-attachment":"scroll","background-type":"","background-media":"","overlay-type":"","overlay-color":"","overlay-opacity":"","overlay-gradient":""}},"ast-content-background-meta":{"desktop":{"background-color":"var(--ast-global-color-5)","background-image":"","background-repeat":"repeat","background-position":"center center","background-size":"auto","background-attachment":"scroll","background-type":"","background-media":"","overlay-type":"","overlay-color":"","overlay-opacity":"","overlay-gradient":""},"tablet":{"background-color":"var(--ast-global-color-5)","background-image":"","background-repeat":"repeat","background-position":"center center","background-size":"auto","background-attachment":"scroll","background-type":"","background-media":"","overlay-type":"","overlay-color":"","overlay-opacity":"","overlay-gradient":""},"mobile":{"background-color":"var(--ast-global-color-5)","background-image":"","background-repeat":"repeat","background-position":"center center","background-size":"auto","background-attachment":"scroll","background-type":"","background-media":"","overlay-type":"","overlay-color":"","overlay-opacity":"","overlay-gradient":""}},"footnotes":""},"categories":[8],"tags":[599,600],"class_list":["post-5967","post","type-post","status-publish","format-standard","has-post-thumbnail","hentry","category-noticias","tag-astrazeneca-descubren-porque-trombosis","tag-universidad-de-greifswald"],"_links":{"self":[{"href":"https:\/\/losperiodistas.com.mx\/portal\/wp-json\/wp\/v2\/posts\/5967","targetHints":{"allow":["GET"]}}],"collection":[{"href":"https:\/\/losperiodistas.com.mx\/portal\/wp-json\/wp\/v2\/posts"}],"about":[{"href":"https:\/\/losperiodistas.com.mx\/portal\/wp-json\/wp\/v2\/types\/post"}],"author":[{"embeddable":true,"href":"https:\/\/losperiodistas.com.mx\/portal\/wp-json\/wp\/v2\/users\/1"}],"replies":[{"embeddable":true,"href":"https:\/\/losperiodistas.com.mx\/portal\/wp-json\/wp\/v2\/comments?post=5967"}],"version-history":[{"count":1,"href":"https:\/\/losperiodistas.com.mx\/portal\/wp-json\/wp\/v2\/posts\/5967\/revisions"}],"predecessor-version":[{"id":5969,"href":"https:\/\/losperiodistas.com.mx\/portal\/wp-json\/wp\/v2\/posts\/5967\/revisions\/5969"}],"wp:featuredmedia":[{"embeddable":true,"href":"https:\/\/losperiodistas.com.mx\/portal\/wp-json\/wp\/v2\/media\/5968"}],"wp:attachment":[{"href":"https:\/\/losperiodistas.com.mx\/portal\/wp-json\/wp\/v2\/media?parent=5967"}],"wp:term":[{"taxonomy":"category","embeddable":true,"href":"https:\/\/losperiodistas.com.mx\/portal\/wp-json\/wp\/v2\/categories?post=5967"},{"taxonomy":"post_tag","embeddable":true,"href":"https:\/\/losperiodistas.com.mx\/portal\/wp-json\/wp\/v2\/tags?post=5967"}],"curies":[{"name":"wp","href":"https:\/\/api.w.org\/{rel}","templated":true}]}}