{"id":59666,"date":"2023-09-25T07:27:23","date_gmt":"2023-09-25T12:27:23","guid":{"rendered":"http:\/\/losperiodistas.com.mx\/portal\/?p=59666"},"modified":"2023-09-25T07:27:25","modified_gmt":"2023-09-25T12:27:25","slug":"ignacio-mier-va-por-gubernatura-de-puebla-simpatizantes-lo-llaman-gobernador-e-consulta","status":"publish","type":"post","link":"https:\/\/losperiodistas.com.mx\/portal\/ignacio-mier-va-por-gubernatura-de-puebla-simpatizantes-lo-llaman-gobernador-e-consulta\/","title":{"rendered":"Ignacio Mier va por gubernatura de Puebla; simpatizantes lo llaman gobernador | E-Consulta"},"content":{"rendered":"\n<p class=\"has-medium-font-size\">20 mil personas que acudieron a la asamblea ordinaria de la asociaci\u00f3n Sumar para Transformar lo impelieron a participar en la contienda interna por la Coordinaci\u00f3n de la Defensa de la Cuarta Transformaci\u00f3n en el estado<\/p>\n\n\n\n<div class=\"wp-block-image is-style-default\"><figure class=\"aligncenter size-full\"><img fetchpriority=\"high\" decoding=\"async\" width=\"640\" height=\"425\" src=\"https:\/\/losperiodistas.com.mx\/portal\/wp-content\/uploads\/2023\/09\/ignacio_mier_va_por_gubernatura_de_puebla_simpatizantes_lo_llaman_gobernador.jpg\" alt=\"\" class=\"wp-image-59672\" srcset=\"https:\/\/losperiodistas.com.mx\/portal\/wp-content\/uploads\/2023\/09\/ignacio_mier_va_por_gubernatura_de_puebla_simpatizantes_lo_llaman_gobernador.jpg 640w, https:\/\/losperiodistas.com.mx\/portal\/wp-content\/uploads\/2023\/09\/ignacio_mier_va_por_gubernatura_de_puebla_simpatizantes_lo_llaman_gobernador-300x199.jpg 300w\" sizes=\"(max-width: 640px) 100vw, 640px\" \/><figcaption>Foto \/ Agencia Enfoque<br><br><a href=\"https:\/\/www.facebook.com\/sharer\/sharer.php?u=https:\/\/www.e-consulta.com\/nota\/2023-09-24\/elecciones\/ignacio-mier-va-por-gubernatura-de-puebla-simpatizantes-lo-llaman\" target=\"_blank\" rel=\"noreferrer noopener\"><\/a><a href=\"https:\/\/twitter.com\/intent\/tweet?text=Ignacio%20Mier%20va%20por%20gubernatura%20de%20Puebla%3B%20simpatizantes%20lo%20llaman%20gobernador&amp;url=https:\/\/www.e-consulta.com\/nota\/2023-09-24\/elecciones\/ignacio-mier-va-por-gubernatura-de-puebla-simpatizantes-lo-llaman&amp;via=e_consulta\" target=\"_blank\" rel=\"noreferrer noopener\"><\/a><a href=\"whatsapp:\/\/send?text=Ignacio%20Mier%20va%20por%20gubernatura%20de%20Puebla%3B%20simpatizantes%20lo%20llaman%20gobernador%20-%20[Leer]%20https:\/\/www.e-consulta.com\/nota\/2023-09-24\/elecciones\/ignacio-mier-va-por-gubernatura-de-puebla-simpatizantes-lo-llaman\"><\/a><a href=\"\/\/www.e-consulta.com\/nota\/2023-09-24\/elecciones\/ignacio-mier-va-por-gubernatura-de-puebla-simpatizantes-lo-llaman\" target=\"_blank\" rel=\"noreferrer noopener\"><\/a><\/figcaption><\/figure><\/div>\n\n\n\n<p class=\"has-vivid-red-color has-text-color has-medium-font-size\"><strong>ANAID PI\u00d1AS \/ E-CONSULTA<\/strong><\/p>\n\n\n\n<p>El coordinador de la bancada de Morena en la C\u00e1mara de Diputados,&nbsp;<a href=\"https:\/\/www.e-consulta.com\/nota\/2023-09-24\/politica\/presupuesto-2024-sera-en-beneficio-de-la-gente-ignacio-mier\" target=\"_blank\" rel=\"noreferrer noopener\"><strong>Ignacio Mier Velazco<\/strong><\/a>, s\u00ed participar\u00e1 en la contienda interna por la Coordinaci\u00f3n de la Defensa de la Cuarta Transformaci\u00f3n en Puebla, para luego ir por la gubernatura en las&nbsp;<strong>elecciones 2024.<\/strong><\/p>\n\n\n\n<p>Desde San Bernardino Tlaxcalancingo, en el municipio de\u00a0<strong>San Andr\u00e9s Cholula<\/strong>, el legislador confirm\u00f3 su registro tras \u201caceptar\u201d la petici\u00f3n que le hicieron los integrantes del\u00a0<strong>Instituto Mexicano para la Transformaci\u00f3n de la Vida P\u00fablica<\/strong>\u00a0(Sumar para Transformar) y simpatizantes de su proyecto, para inscribirse en el proceso, donde al un\u00edsono lo llamaron \u201c<strong>gobernador<\/strong>\u201d.<\/p>\n\n\n\n<figure class=\"wp-block-embed is-type-rich is-provider-twitter wp-block-embed-twitter\"><div class=\"wp-block-embed__wrapper\">\n<blockquote class=\"twitter-tweet\" data-width=\"500\" data-dnt=\"true\"><p lang=\"es\" dir=\"ltr\">\u27a1\ufe0fLos miembros del Instituto Mexicano para la Transformaci\u00f3n le piden a <a href=\"https:\/\/twitter.com\/NachoMierV?ref_src=twsrc%5Etfw\">@NachoMierV<\/a> registrarse como aspirante a coordinador estatal de los Comit\u00e9s de Defensa de la Cuarta Transformaci\u00f3n, es decir buscar la nominaci\u00f3n de <a href=\"https:\/\/twitter.com\/hashtag\/Morena?src=hash&amp;ref_src=twsrc%5Etfw\">#Morena<\/a> a la gubernatura de <a href=\"https:\/\/twitter.com\/hashtag\/Puebla?src=hash&amp;ref_src=twsrc%5Etfw\">#Puebla<\/a>.\u2026 <a href=\"https:\/\/t.co\/k7YpLvIBgC\">pic.twitter.com\/k7YpLvIBgC<\/a><\/p>&mdash; Peri\u00f3dico e-consulta (@e_consulta) <a href=\"https:\/\/twitter.com\/e_consulta\/status\/1706018931876733268?ref_src=twsrc%5Etfw\">September 24, 2023<\/a><\/blockquote><script async src=\"https:\/\/platform.twitter.com\/widgets.js\" charset=\"utf-8\"><\/script>\n<\/div><\/figure>\n\n\n\n<p>\u201cAhora est\u00e1 el compromiso de tener en el proceso una participaci\u00f3n digna y triunfadora.&nbsp;<strong>Aqu\u00ed estoy para hacerlo y hacerlo bien<\/strong>. No vine queridas y queridos compa\u00f1eros a ver si puedo, sino&nbsp;<strong>porque puedo vengo<\/strong>&nbsp;y sobre todo&nbsp;<strong>porque no estoy solo<\/strong>&nbsp;(\u2026)&nbsp;<strong>Quiero llevar a Puebla a la transformaci\u00f3n positiva<\/strong>\u201d, afirm\u00f3 Nacho Mier.<\/p>\n\n\n\n<p>Te puede interesar:<\/p>\n\n\n\n<p><a href=\"https:\/\/www.e-consulta.com\/nota\/2023-09-24\/elecciones\/morena-modifica-convocatoria-para-gubernaturas-incluyen-pt-y-pvem\">Morena modifica convocatoria para gubernaturas; incluyen a PT y PVEM<\/a><\/p>\n\n\n\n<p>All\u00ed, m\u00e1s de 20 mil personas -de acuerdo con los organizadores del evento- se dieron cita a la asamblea ordinaria de la\u00a0<strong>asociaci\u00f3n Sumar para Transformar<\/strong>.<\/p>\n\n\n\n<figure class=\"wp-block-embed is-type-rich is-provider-twitter wp-block-embed-twitter\"><div class=\"wp-block-embed__wrapper\">\n<blockquote class=\"twitter-tweet\" data-width=\"500\" data-dnt=\"true\"><p lang=\"es\" dir=\"ltr\">Desde San Bernardino Tlaxcalancingo, en San Andr\u00e9s Cholula, <a href=\"https:\/\/twitter.com\/NachoMierV?ref_src=twsrc%5Etfw\">@NachoMierV<\/a> confirm\u00f3 su registro tras \u201caceptar\u201d la petici\u00f3n que le hicieron simpatizantes para inscribirse en el proceso y quienes lo arroparon al grito de \u201cgobernador\u201d. <a href=\"https:\/\/t.co\/532ZR02m2r\">pic.twitter.com\/532ZR02m2r<\/a><\/p>&mdash; Peri\u00f3dico e-consulta (@e_consulta) <a href=\"https:\/\/twitter.com\/e_consulta\/status\/1706103854385738161?ref_src=twsrc%5Etfw\">September 25, 2023<\/a><\/blockquote><script async src=\"https:\/\/platform.twitter.com\/widgets.js\" charset=\"utf-8\"><\/script>\n<\/div><\/figure>\n\n\n\n<p>En el evento se entreg\u00f3 un balance sobre las acciones que han realizado en los \u00faltimos meses al interior de los 217 municipios para&nbsp;<strong>promover los resultados de la Cuarta Transformaci\u00f3n;<\/strong>&nbsp;y se vot\u00f3 el futuro pol\u00edtico inmediato de&nbsp;<a href=\"https:\/\/www.e-consulta.com\/nota\/2023-09-23\/municipios\/se-suma-ignacio-mier-caminata-por-la-paz-en-cholula\" target=\"_blank\" rel=\"noreferrer noopener\">Mier Velazco<\/a>, para que participe en la interna de Morena.<\/p>\n\n\n\n<p>\u201cCompa\u00f1eros y compa\u00f1eras del Instituto Mexicano para la Transformaci\u00f3n, pregunto, \u00bfest\u00e1n de acuerdo en pedir al compa\u00f1ero promotor,&nbsp;<strong>Ignacio&nbsp;<\/strong><strong>\u2018<\/strong><strong>Nacho<\/strong><strong>\u2019<\/strong><strong>&nbsp;Mier Velazco<\/strong>, se&nbsp;<strong>registre como aspirante<\/strong>&nbsp;en el proceso de definici\u00f3n de la Coordinaci\u00f3n de Defensa de la Transformaci\u00f3n en Puebla\u201d, cuestion\u00f3 Juan Carlos R\u00edos Lara, secretario general de la agrupaci\u00f3n.<\/p>\n\n\n\n<p>Te puede interesar:<\/p>\n\n\n\n<p><a href=\"https:\/\/www.e-consulta.com\/nota\/2023-09-20\/elecciones\/no-es-guerra-sucia-responde-ana-teresa-aranda-ignacio-mier\">No es guerra sucia: responde Ana Teresa Aranda a Ignacio Mier<\/a><\/p>\n\n\n\n<p>Los asistentes, quienes portaron una boleta con un \u201cS\u00ed\u201d y un \u201cNo\u201d en el reverso, respaldaron las aspiraciones pol\u00edticas del legislador elevando su respuesta afirmativa y coreando al un\u00edsono la consigna \u201c<strong>Ya es Nacho, ya es Nacho, ya es Nacho\u201d<\/strong>.<\/p>\n\n\n\n<figure class=\"wp-block-image is-style-default\"><img decoding=\"async\" src=\"https:\/\/www.e-consulta.com\/_next\/image?url=https%3A%2F%2Ffotos.e-consulta.com%2Fsite_uploads%2F2023%2FAgosto%2Fignacio_mier_va_por_gubernatura_de_puebla_simpatizantes_lo_llaman_gobernador.jpeg&amp;w=3840&amp;q=75\" alt=\"Ignacio Mier va por gubernatura de Puebla; simpatizantes lo llaman gobernador\"\/><\/figure>\n\n\n\n<p>En su discurso, Ignacio Mier Velazco, se\u00f1al\u00f3 que atender\u00e1 puntualmente la petici\u00f3n de los<strong>&nbsp;militantes y simpatizantes de Morena<\/strong>&nbsp;para contender por la&nbsp;<strong>Coordinaci\u00f3n de la Defensa de la Cuarta Transformaci\u00f3n en Puebla.<\/strong><\/p>\n\n\n\n<p>\u201c<strong>He decidido aceptar<\/strong>. Lo hago\u00a0<strong>con humildad y con responsabilidad<\/strong>, porque es un mandato de ustedes, mis hermanos promotores y promotoras del Instituto, mis compa\u00f1eros de lucha. Podr\u00eda haberlo hecho haciendo valer mi propio provecho, mi propio derecho, pero hacerlo con un mandato, el de todos ustedes, de esta fant\u00e1stica estructura que representan y a la que yo pertenezco, adem\u00e1s de ser un honor, leg\u00edtima como a nadie cualquier posibilidad\u201d, afirm\u00f3 el diputado federal.<\/p>\n\n\n\n<figure class=\"wp-block-embed is-type-rich is-provider-twitter wp-block-embed-twitter\"><div class=\"wp-block-embed__wrapper\">\n<blockquote class=\"twitter-tweet\" data-width=\"500\" data-dnt=\"true\"><p lang=\"es\" dir=\"ltr\">\u27a1\ufe0fMiembros del Instituto Mexicano para la Transformaci\u00f3n aclaman a <a href=\"https:\/\/twitter.com\/NachoMierV?ref_src=twsrc%5Etfw\">@NachoMierV<\/a> &quot;Gobernador, gobernador&quot;. <a href=\"https:\/\/t.co\/k7YpLvIBgC\">pic.twitter.com\/k7YpLvIBgC<\/a> <a href=\"https:\/\/t.co\/FT9hIB73kW\">pic.twitter.com\/FT9hIB73kW<\/a><\/p>&mdash; Peri\u00f3dico e-consulta (@e_consulta) <a href=\"https:\/\/twitter.com\/e_consulta\/status\/1706020734928290017?ref_src=twsrc%5Etfw\">September 24, 2023<\/a><\/blockquote><script async src=\"https:\/\/platform.twitter.com\/widgets.js\" charset=\"utf-8\"><\/script>\n<\/div><\/figure>\n\n\n\n<h2 class=\"wp-block-heading\"><strong>Resalta cercan\u00eda con presidente L\u00f3pez Obrador<\/strong><\/h2>\n\n\n\n<p><strong>Ignacio Mier<\/strong>&nbsp;argument\u00f3 que su lucha ha sido cercana al del&nbsp;<strong>presidente Andr\u00e9s Manuel L\u00f3pez Obrador<\/strong>, camin\u00f3 con \u00e9l en sus tiempos mas duros, en esos d\u00edas en que&nbsp;<strong>el oficialismo los atac\u00f3 y presion\u00f3<\/strong>, sin embargo, dijo, \u201ccomo respuesta&nbsp;<strong>salimos a recorrer el pa\u00eds<\/strong>&nbsp;y construimos el gran movimiento de transformaci\u00f3n\u201d.<\/p>\n\n\n\n<p>Asimismo, puntualiz\u00f3 que esa fue una&nbsp;<strong>gran ense\u00f1anza<\/strong>, donde comprendi\u00f3 de mano del&nbsp;<strong>presidente L\u00f3pez Obrador<\/strong>, que \u201csolo el pueblo puede salvar al pueblo y solo el&nbsp;<strong>pueblo organizado puede salvar a Puebla<\/strong>\u201d.<\/p>\n\n\n\n<figure class=\"wp-block-image is-style-default\"><img decoding=\"async\" src=\"https:\/\/www.e-consulta.com\/_next\/image?url=https%3A%2F%2Ffotos.e-consulta.com%2Fsite_uploads%2F2023%2FAgosto%2F2_ignacio_mier_va_por_gubernatura_de_puebla_simpatizantes_lo_llaman_gobernador.jpeg&amp;w=3840&amp;q=75\" alt=\"Ignacio Mier va por gubernatura de Puebla; simpatizantes lo llaman gobernador\"\/><\/figure>\n\n\n\n<p>En consecuencia, el&nbsp;<strong>diputado federal<\/strong>&nbsp;coment\u00f3 que \u201c<strong>el cambio verdadero ser\u00e1 con la gente<\/strong>\u201d, y en la lucha por la defensa de la Transformaci\u00f3n no tendr\u00e1 cabida&nbsp;<strong>la complacencia ni la complicidad<\/strong>, porque \u201cnunca m\u00e1s una&nbsp;<strong>Puebla de injusticias<\/strong>\u201d.<\/p>\n\n\n\n<p>Tambi\u00e9n agradeci\u00f3 el trabajo que han realizado sus colaboradores desde la&nbsp;<strong>plataforma pol\u00edtica<\/strong>&nbsp;y la&nbsp;<strong>asociaci\u00f3n civil<\/strong>&nbsp;desde hace 10 meses, al ser&nbsp;<strong>uno de los grupos m\u00e1s fuertes en Puebla<\/strong>, aunque ambos proyectos fueron presentados en febrero de este a\u00f1o.<\/p>\n\n\n\n<figure class=\"wp-block-image is-style-default\"><img decoding=\"async\" src=\"https:\/\/www.e-consulta.com\/_next\/image?url=https%3A%2F%2Ffotos.e-consulta.com%2Fsite_uploads%2F2023%2FAgosto%2F3_ignacio_mier_va_por_gubernatura_de_puebla_simpatizantes_lo_llaman_gobernador.jpeg&amp;w=3840&amp;q=75\" alt=\"Ignacio Mier va por gubernatura de Puebla; simpatizantes lo llaman gobernador\"\/><\/figure>\n\n\n\n<p>Los interesados en participar e intentar ser el&nbsp;<strong>abanderado a la gubernatura<\/strong>&nbsp;para la&nbsp;<strong>elecci\u00f3n del 2024<\/strong>&nbsp;tendr\u00e1n que&nbsp;<strong>inscribirse en l\u00ednea el 25 y 26 de septiembre<\/strong>.<\/p>\n\n\n\n<p>El 30 de septiembre la Comisi\u00f3n Nacional de Elecciones\u00a0<strong>anunciar\u00e1 a la o el ganador del proceso<\/strong>, una vez que se conozcan los resultados de las encuestas en Puebla, Ciudad de M\u00e9xico, Chiapas, Guanajuato, Jalisco, Morelos, Tabasco, Veracruz y Yucat\u00e1n. (JT)<\/p>\n\n\n\n<p>Fuente: <a href=\"https:\/\/www.e-consulta.com\/nota\/2023-09-24\/elecciones\/ignacio-mier-va-por-gubernatura-de-puebla-simpatizantes-lo-llaman\">https:\/\/www.e-consulta.com\/nota\/2023-09-24\/elecciones\/ignacio-mier-va-por-gubernatura-de-puebla-simpatizantes-lo-llaman<\/a><\/p>\n","protected":false},"excerpt":{"rendered":"<p>20 mil personas que acudieron a la asamblea ordinaria de la asociaci\u00f3n Sumar para Transformar lo impelieron a participar en [&hellip;]<\/p>\n","protected":false},"author":1,"featured_media":59672,"comment_status":"open","ping_status":"open","sticky":false,"template":"","format":"standard","meta":{"site-sidebar-layout":"default","site-content-layout":"","ast-site-content-layout":"default","site-content-style":"default","site-sidebar-style":"default","ast-global-header-display":"","ast-banner-title-visibility":"","ast-main-header-display":"","ast-hfb-above-header-display":"","ast-hfb-below-header-display":"","ast-hfb-mobile-header-display":"","site-post-title":"","ast-breadcrumbs-content":"","ast-featured-img":"","footer-sml-layout":"","theme-transparent-header-meta":"","adv-header-id-meta":"","stick-header-meta":"","header-above-stick-meta":"","header-main-stick-meta":"","header-below-stick-meta":"","astra-migrate-meta-layouts":"default","ast-page-background-enabled":"default","ast-page-background-meta":{"desktop":{"background-color":"var(--ast-global-color-4)","background-image":"","background-repeat":"repeat","background-position":"center center","background-size":"auto","background-attachment":"scroll","background-type":"","background-media":"","overlay-type":"","overlay-color":"","overlay-opacity":"","overlay-gradient":""},"tablet":{"background-color":"","background-image":"","background-repeat":"repeat","background-position":"center center","background-size":"auto","background-attachment":"scroll","background-type":"","background-media":"","overlay-type":"","overlay-color":"","overlay-opacity":"","overlay-gradient":""},"mobile":{"background-color":"","background-image":"","background-repeat":"repeat","background-position":"center center","background-size":"auto","background-attachment":"scroll","background-type":"","background-media":"","overlay-type":"","overlay-color":"","overlay-opacity":"","overlay-gradient":""}},"ast-content-background-meta":{"desktop":{"background-color":"var(--ast-global-color-5)","background-image":"","background-repeat":"repeat","background-position":"center center","background-size":"auto","background-attachment":"scroll","background-type":"","background-media":"","overlay-type":"","overlay-color":"","overlay-opacity":"","overlay-gradient":""},"tablet":{"background-color":"var(--ast-global-color-5)","background-image":"","background-repeat":"repeat","background-position":"center center","background-size":"auto","background-attachment":"scroll","background-type":"","background-media":"","overlay-type":"","overlay-color":"","overlay-opacity":"","overlay-gradient":""},"mobile":{"background-color":"var(--ast-global-color-5)","background-image":"","background-repeat":"repeat","background-position":"center center","background-size":"auto","background-attachment":"scroll","background-type":"","background-media":"","overlay-type":"","overlay-color":"","overlay-opacity":"","overlay-gradient":""}},"footnotes":""},"categories":[8],"tags":[5486,725,12221,19147],"class_list":["post-59666","post","type-post","status-publish","format-standard","has-post-thumbnail","hentry","category-noticias","tag-elecciones-2024","tag-morena-puebla","tag-nacho-mier","tag-sumar-para-transformar"],"_links":{"self":[{"href":"https:\/\/losperiodistas.com.mx\/portal\/wp-json\/wp\/v2\/posts\/59666","targetHints":{"allow":["GET"]}}],"collection":[{"href":"https:\/\/losperiodistas.com.mx\/portal\/wp-json\/wp\/v2\/posts"}],"about":[{"href":"https:\/\/losperiodistas.com.mx\/portal\/wp-json\/wp\/v2\/types\/post"}],"author":[{"embeddable":true,"href":"https:\/\/losperiodistas.com.mx\/portal\/wp-json\/wp\/v2\/users\/1"}],"replies":[{"embeddable":true,"href":"https:\/\/losperiodistas.com.mx\/portal\/wp-json\/wp\/v2\/comments?post=59666"}],"version-history":[{"count":1,"href":"https:\/\/losperiodistas.com.mx\/portal\/wp-json\/wp\/v2\/posts\/59666\/revisions"}],"predecessor-version":[{"id":59673,"href":"https:\/\/losperiodistas.com.mx\/portal\/wp-json\/wp\/v2\/posts\/59666\/revisions\/59673"}],"wp:featuredmedia":[{"embeddable":true,"href":"https:\/\/losperiodistas.com.mx\/portal\/wp-json\/wp\/v2\/media\/59672"}],"wp:attachment":[{"href":"https:\/\/losperiodistas.com.mx\/portal\/wp-json\/wp\/v2\/media?parent=59666"}],"wp:term":[{"taxonomy":"category","embeddable":true,"href":"https:\/\/losperiodistas.com.mx\/portal\/wp-json\/wp\/v2\/categories?post=59666"},{"taxonomy":"post_tag","embeddable":true,"href":"https:\/\/losperiodistas.com.mx\/portal\/wp-json\/wp\/v2\/tags?post=59666"}],"curies":[{"name":"wp","href":"https:\/\/api.w.org\/{rel}","templated":true}]}}