{"id":59642,"date":"2023-09-24T09:42:33","date_gmt":"2023-09-24T14:42:33","guid":{"rendered":"http:\/\/losperiodistas.com.mx\/portal\/?p=59642"},"modified":"2023-09-24T09:42:35","modified_gmt":"2023-09-24T14:42:35","slug":"anabel-hernandez-explota-contra-omar-garcia-harfuch-tras-destape-en-cdmx-seria-como-votar-por-garcia-luna-infobae","status":"publish","type":"post","link":"https:\/\/losperiodistas.com.mx\/portal\/anabel-hernandez-explota-contra-omar-garcia-harfuch-tras-destape-en-cdmx-seria-como-votar-por-garcia-luna-infobae\/","title":{"rendered":"Anabel Hern\u00e1ndez explota contra Omar Garc\u00eda Harfuch tras \u2018destape\u2019 en CDMX: \u201cSer\u00eda como votar por Garc\u00eda Luna\u201d | Infobae"},"content":{"rendered":"\n<h2 class=\"has-background has-medium-font-size wp-block-heading\" style=\"background-color:#4af5d2\">La periodista record\u00f3 los presuntos nexos del morenista con el caso Ayotzinapa<\/h2>\n\n\n\n<figure class=\"wp-block-image size-large is-style-default\"><img fetchpriority=\"high\" decoding=\"async\" width=\"1024\" height=\"573\" src=\"https:\/\/losperiodistas.com.mx\/portal\/wp-content\/uploads\/2023\/09\/Captura-de-Pantalla-2023-09-24-a-las-8.34.13-1024x573.jpg\" alt=\"\" class=\"wp-image-59644\" srcset=\"https:\/\/losperiodistas.com.mx\/portal\/wp-content\/uploads\/2023\/09\/Captura-de-Pantalla-2023-09-24-a-las-8.34.13-1024x573.jpg 1024w, https:\/\/losperiodistas.com.mx\/portal\/wp-content\/uploads\/2023\/09\/Captura-de-Pantalla-2023-09-24-a-las-8.34.13-300x168.jpg 300w, https:\/\/losperiodistas.com.mx\/portal\/wp-content\/uploads\/2023\/09\/Captura-de-Pantalla-2023-09-24-a-las-8.34.13-768x430.jpg 768w, https:\/\/losperiodistas.com.mx\/portal\/wp-content\/uploads\/2023\/09\/Captura-de-Pantalla-2023-09-24-a-las-8.34.13-1536x860.jpg 1536w, https:\/\/losperiodistas.com.mx\/portal\/wp-content\/uploads\/2023\/09\/Captura-de-Pantalla-2023-09-24-a-las-8.34.13.jpg 1694w\" sizes=\"(max-width: 1024px) 100vw, 1024px\" \/><figcaption>Anabel Hern\u00e1ndez y Omar Garc\u00eda Harfuch (Omargharfuch\/Infobae)<\/figcaption><\/figure>\n\n\n\n<p class=\"has-vivid-red-color has-text-color has-medium-font-size\"><strong>ZURISADDAI GONZ\u00c1LEZ \/ INFOBAE<\/strong><\/p>\n\n\n\n<p><strong>Omar Garc\u00eda Harfuch<\/strong><a rel=\"noreferrer noopener\" href=\"https:\/\/www.infobae.com\/mexico\/2023\/09\/22\/omar-garcia-harfuch-se-afilio-a-morena\/\" target=\"_blank\">&nbsp;se afili\u00f3 recientemente a Morena&nbsp;<\/a>para poder contender por la Coordinaci\u00f3n de los Comit\u00e9s de Defensa de la Cuarta Transformaci\u00f3n en la CDMX y as\u00ed abrirse la posibilidad de contender para la jefatura<strong>&nbsp;de gobierno&nbsp;<\/strong>de la capital del pa\u00eds en 2024. Ante esto,&nbsp;<strong>Anabel Hern\u00e1ndez<\/strong>&nbsp;rompi\u00f3 el silencio y lanz\u00f3 una fuerte cr\u00edtica tanto al exfuncionario, como al partido en el que milita.<\/p>\n\n\n\n<div class=\"wp-block-image is-style-default\"><figure class=\"alignleft is-resized\"><img decoding=\"async\" src=\"https:\/\/www.infobae.com\/new-resizer\/te5sEzkt9GfKufcXKYVyi_WoRtg=\/filters:format(webp):quality(85)\/cloudfront-us-east-1.images.arcpublishing.com\/infobae\/ASFTWM77AJCHHGV63E5SXIKY5A.jpg\" alt=\"Mar\u00eda Sort\u00e9 y Javier Garc\u00eda Paniagua son los padres del tambi\u00e9n apodado \u201csuperpolic\u00eda\u201d, Omar Garc\u00eda Harfuch\" width=\"-515\" height=\"-289\"\/><\/figure><\/div>\n\n\n\n<p>Te puede interesar: <strong><a href=\"https:\/\/www.infobae.com\/mexico\/2023\/09\/20\/quienes-son-los-padres-de-omar-garcia-harfuch-el-superpolicia-que-podria-gobernar-la-cdmx\/\">Qui\u00e9nes son los padres de Omar Garc\u00eda Harfuch, el \u201csuperpolic\u00eda\u201d que podr\u00eda gobernar la CDMX<\/a><\/strong><\/p>\n\n\n\n<p><\/p>\n\n\n\n<p><\/p>\n\n\n\n<p>Y es que, en a\u00f1os anteriores, la periodista de investigaci\u00f3n especializada en temas de seguridad y narcotr\u00e1fico ha se\u00f1alado presuntos v\u00ednculos que el hijo de Mar\u00eda Sort\u00e9 habr\u00eda tenido con el caso de los\u00a0<strong>43 normalistas desaparecidos en Ayotzinapa<\/strong>\u00a0durante el 2014. De igual manera, lleg\u00f3 a destacar que el nombre del jefe policiaco tambi\u00e9n apareci\u00f3 en la agenda de Sidronio Casarrubias, l\u00edder del c\u00e1rtel de Guerreros Unidos.<\/p>\n\n\n\n<h2 class=\"wp-block-heading\">Anabel Hern\u00e1ndez sobre la posible candidatura de Harfuch en CDMX<\/h2>\n\n\n\n<p>En una entrevista recuperada por\u00a0<em>C\u00edrculo Pol\u00edtico Mx,\u00a0<\/em>la escritora lanz\u00f3 un contundente mensaje para aquellos que podr\u00edan incidir en que Omar Garc\u00eda Harfuch compita para jefe de gobierno de la CDMX.<\/p>\n\n\n\n<p class=\"has-cyan-bluish-gray-background-color has-background\"><a href=\"https:\/\/www.infobae.com\/mexico\/2023\/09\/21\/omar-garcia-harfuch-el-nuevo-pena-nieto-asi-se-abrio-camino-entre-sus-admiradoras-en-evento-de-su-destape\/\" target=\"_blank\" rel=\"noreferrer noopener\">Te puede interesar:<strong>\u00bfOmar Garc\u00eda Harfuch el nuevo Pe\u00f1a Nieto? As\u00ed se abri\u00f3 camino entre sus admiradoras en evento de su destape<\/strong><\/a><\/p>\n\n\n\n<p>\u201cEn este exceso por favor nominen a Omar Garc\u00eda Harfuch a la candidatura de la Ciudad de M\u00e9xico, ser\u00eda muy interesante ver ese proceso\u201d, comenz\u00f3 a decir ir\u00f3nicamente y prosigui\u00f3: \u201c\u00bfSe van a arriesgar?&nbsp;<strong>Ser\u00eda como pedir a la sociedad que vote por un Garc\u00eda Luna<\/strong>, ser\u00eda ese el s\u00edmil\u201d.<img decoding=\"async\" alt=\"Garc\u00eda Harfuch dijo no tener miedo a hacer una campa\u00f1a por la CDMX. (MARIO JASSO\/CUARTOSCURO.COM)\" height=\"1080\" width=\"1920\" src=\"https:\/\/www.infobae.com\/new-resizer\/V8myd3NyNsWIDHif0DWHnb4rI0g=\/arc-anglerfish-arc2-prod-infobae\/public\/RGZTFIYWJNAR5KNSY433XKWF2Q.jpg\" srcset=\"https:\/\/www.infobae.com\/new-resizer\/ERxB6wbtM9wNOH6giqACfbhRslk=\/420x236\/filters:format(webp):quality(85)\/cloudfront-us-east-1.images.arcpublishing.com\/infobae\/RGZTFIYWJNAR5KNSY433XKWF2Q.jpg 420w,https:\/\/www.infobae.com\/new-resizer\/Fk40gmvOPc_GIl_fcKW3HjDBgeM=\/768x432\/filters:format(webp):quality(85)\/cloudfront-us-east-1.images.arcpublishing.com\/infobae\/RGZTFIYWJNAR5KNSY433XKWF2Q.jpg 768w,https:\/\/www.infobae.com\/new-resizer\/iwNRgzIYnZi0aKw-1UnEqQtJ8Ws=\/992x558\/filters:format(webp):quality(85)\/cloudfront-us-east-1.images.arcpublishing.com\/infobae\/RGZTFIYWJNAR5KNSY433XKWF2Q.jpg 992w,https:\/\/www.infobae.com\/new-resizer\/lJNgu74-uIY59MNzs7PVnDgWbqI=\/1200x675\/filters:format(webp):quality(85)\/cloudfront-us-east-1.images.arcpublishing.com\/infobae\/RGZTFIYWJNAR5KNSY433XKWF2Q.jpg 1200w,https:\/\/www.infobae.com\/new-resizer\/RlTWLLxoPgbGX6-Mz-I9C2EkYck=\/1440x810\/filters:format(webp):quality(85)\/cloudfront-us-east-1.images.arcpublishing.com\/infobae\/RGZTFIYWJNAR5KNSY433XKWF2Q.jpg 1440w\">Garc\u00eda Harfuch dijo no tener miedo a hacer una campa\u00f1a por la CDMX. (MARIO JASSO\/CUARTOSCURO.COM)<\/p>\n\n\n\n<p>Hern\u00e1ndez comenz\u00f3 a argumentar su postura y habl\u00f3 sobre las supuestas formas en las que el exfuncionario de la Secretar\u00eda de Seguridad Ciudadana (SSC) se maneja desde hace varios a\u00f1os.<\/p>\n\n\n\n<p class=\"has-cyan-bluish-gray-background-color has-background\"><a href=\"https:\/\/www.infobae.com\/mexico\/2023\/09\/22\/usara-chaleco-antibalas-garcia-harfuch-revela-como-hara-campana-en-cdmx-tras-atentado-de-2020\/\" target=\"_blank\" rel=\"noreferrer noopener\">Te puede interesar:<strong>\u00bfUsar\u00e1 chaleco antibalas? Garc\u00eda Harfuch revela c\u00f3mo har\u00e1 campa\u00f1a en CDMX tras atentado de 2020<\/strong><\/a><\/p>\n\n\n\n<p>\u201cIncluso, dentro de las pocas instituciones de la CDMX, todo este apodo que empez\u00f3 como&nbsp;<em>El Batman&nbsp;<\/em>(&#8230;) no era un poco de este Batman superh\u00e9roe, era una burla a su incapacidad y era una burla a esta<strong>&nbsp;liga del crimen&nbsp;<\/strong>que ten\u00eda dentro de la propia Secretaria de Seguridad P\u00fablica de la CDMX\u201d, apunt\u00f3.<\/p>\n\n\n\n<p>Anabel a\u00f1adi\u00f3 que presuntamente, personas cercanas a Harfuch mientras fung\u00eda como servidor p\u00fablico, tambi\u00e9n fueron -en su momento- pr\u00f3ximas a\u00a0<strong>Luis C\u00e1rdenas Palomino,\u00a0<\/strong>quien a su era un supuestocolaborador de Genaro Garc\u00eda Luna.<\/p>\n\n\n\n<p><img decoding=\"async\" height=\"3432\" width=\"5148\" srcset=\"https:\/\/www.infobae.com\/new-resizer\/ViSmx-Lzwk7koY9UthJnxMrsmxE=\/420x280\/filters:format(webp):quality(85)\/cloudfront-us-east-1.images.arcpublishing.com\/infobae\/Y3AGEVZOGFHHTHCLJMOR7DWFTQ.jpg 420w,https:\/\/www.infobae.com\/new-resizer\/XMvhrOkKTMOsy8bHpQ6VCLUrdkM=\/768x512\/filters:format(webp):quality(85)\/cloudfront-us-east-1.images.arcpublishing.com\/infobae\/Y3AGEVZOGFHHTHCLJMOR7DWFTQ.jpg 768w,https:\/\/www.infobae.com\/new-resizer\/W4eq9TjLEdViNES8jKeGaTIDNgA=\/992x661\/filters:format(webp):quality(85)\/cloudfront-us-east-1.images.arcpublishing.com\/infobae\/Y3AGEVZOGFHHTHCLJMOR7DWFTQ.jpg 992w,https:\/\/www.infobae.com\/new-resizer\/F5-rrlUIvRiBi2hD5l7AU3QbfgY=\/1200x800\/filters:format(webp):quality(85)\/cloudfront-us-east-1.images.arcpublishing.com\/infobae\/Y3AGEVZOGFHHTHCLJMOR7DWFTQ.jpg 1200w,https:\/\/www.infobae.com\/new-resizer\/B4ilLZPB5y7xgkoXC6sUZ5v-0O0=\/1440x960\/filters:format(webp):quality(85)\/cloudfront-us-east-1.images.arcpublishing.com\/infobae\/Y3AGEVZOGFHHTHCLJMOR7DWFTQ.jpg 1440w\" src=\"https:\/\/www.infobae.com\/new-resizer\/ik82zRW7YO1rhXHcFXr6Ly7XcsU=\/arc-anglerfish-arc2-prod-infobae\/public\/Y3AGEVZOGFHHTHCLJMOR7DWFTQ.jpg\" alt=\"Fotograf&#237;a de archivo fechada el 22 de enero de 2020, que muestra a la periodista Anabel Hern&#225;ndez durante una entrevista con Efe, en Ciudad de M&#233;xico (M&#233;xico). EFE\/ S&#225;shenka Guti&#233;rrez \/Archivo\n\">Fotograf&amp;#237;a de archivo fechada el 22 de enero de 2020, que muestra a la periodista Anabel Hern&amp;#225;ndez durante una entrevista con Efe, en Ciudad de M&amp;#233;xico (M&amp;#233;xico). EFE\/ S&amp;#225;shenka Guti&amp;#233;rrez \/Archivo<\/p>\n\n\n\n<p>\u201cHabr\u00e1 que ver que pas\u00f3 con este equipo, porque todo el equipo que estaba Luis C\u00e1rdenas Palomino, incluida la secretaria privada que estuvo a\u00f1os con Palomino es una de las principales funcionarias que estaba a lado de Omar Garc\u00eda Harfuch\u201d, dijo.<\/p>\n\n\n\n<p>Repasando el caso Ayotzinapa, Anabel apunt\u00f3 que aparentemente Harfuch le habr\u00eda \u2018cuidado las espaldas a Tom\u00e1s Zer\u00f3n\u2019 durante el tiempo en que se gestaba la \u2018verdad hist\u00f3rica\u2019.<\/p>\n\n\n\n<p>\u201cEs claro que el se\u00f1or tiene toda esta cargada de medios de comunicaci\u00f3n, muy a lo Garc\u00eda Luna (&#8230;) esto es un poco la analog\u00eda que podr\u00eda ser\u201d, coment\u00f3 y se cuestion\u00f3: \u201c\u00bfDe ese nivel es la prepotencia y autoritarismo de esta persona, de este grupo que gan\u00f3 la contienda interna, de estos\u00a0<strong>sucesores de la transformaci\u00f3n?\u00a0<\/strong>\u201c.<\/p>\n\n\n\n<p>Fuente: <a href=\"https:\/\/www.infobae.com\/mexico\/2023\/09\/23\/anabel-hernandez-explota-contra-omar-garcia-harfuch-tras-destape-en-cdmx-seria-como-votar-por-garcia-luna\/\">https:\/\/www.infobae.com\/mexico\/2023\/09\/23\/anabel-hernandez-explota-contra-omar-garcia-harfuch-tras-destape-en-cdmx-seria-como-votar-por-garcia-luna\/<\/a><\/p>\n","protected":false},"excerpt":{"rendered":"<p>La periodista record\u00f3 los presuntos nexos del morenista con el caso Ayotzinapa ZURISADDAI GONZ\u00c1LEZ \/ INFOBAE Omar Garc\u00eda Harfuch&nbsp;se afili\u00f3 [&hellip;]<\/p>\n","protected":false},"author":1,"featured_media":59644,"comment_status":"open","ping_status":"open","sticky":false,"template":"","format":"standard","meta":{"site-sidebar-layout":"default","site-content-layout":"","ast-site-content-layout":"default","site-content-style":"default","site-sidebar-style":"default","ast-global-header-display":"","ast-banner-title-visibility":"","ast-main-header-display":"","ast-hfb-above-header-display":"","ast-hfb-below-header-display":"","ast-hfb-mobile-header-display":"","site-post-title":"","ast-breadcrumbs-content":"","ast-featured-img":"","footer-sml-layout":"","theme-transparent-header-meta":"","adv-header-id-meta":"","stick-header-meta":"","header-above-stick-meta":"","header-main-stick-meta":"","header-below-stick-meta":"","astra-migrate-meta-layouts":"default","ast-page-background-enabled":"default","ast-page-background-meta":{"desktop":{"background-color":"var(--ast-global-color-4)","background-image":"","background-repeat":"repeat","background-position":"center center","background-size":"auto","background-attachment":"scroll","background-type":"","background-media":"","overlay-type":"","overlay-color":"","overlay-opacity":"","overlay-gradient":""},"tablet":{"background-color":"","background-image":"","background-repeat":"repeat","background-position":"center center","background-size":"auto","background-attachment":"scroll","background-type":"","background-media":"","overlay-type":"","overlay-color":"","overlay-opacity":"","overlay-gradient":""},"mobile":{"background-color":"","background-image":"","background-repeat":"repeat","background-position":"center center","background-size":"auto","background-attachment":"scroll","background-type":"","background-media":"","overlay-type":"","overlay-color":"","overlay-opacity":"","overlay-gradient":""}},"ast-content-background-meta":{"desktop":{"background-color":"var(--ast-global-color-5)","background-image":"","background-repeat":"repeat","background-position":"center center","background-size":"auto","background-attachment":"scroll","background-type":"","background-media":"","overlay-type":"","overlay-color":"","overlay-opacity":"","overlay-gradient":""},"tablet":{"background-color":"var(--ast-global-color-5)","background-image":"","background-repeat":"repeat","background-position":"center center","background-size":"auto","background-attachment":"scroll","background-type":"","background-media":"","overlay-type":"","overlay-color":"","overlay-opacity":"","overlay-gradient":""},"mobile":{"background-color":"var(--ast-global-color-5)","background-image":"","background-repeat":"repeat","background-position":"center center","background-size":"auto","background-attachment":"scroll","background-type":"","background-media":"","overlay-type":"","overlay-color":"","overlay-opacity":"","overlay-gradient":""}},"footnotes":""},"categories":[8],"tags":[5950,1656,12105],"class_list":["post-59642","post","type-post","status-publish","format-standard","has-post-thumbnail","hentry","category-noticias","tag-anabel-hernandez","tag-ayotzinapa","tag-omar-garcia-harfuch"],"_links":{"self":[{"href":"https:\/\/losperiodistas.com.mx\/portal\/wp-json\/wp\/v2\/posts\/59642","targetHints":{"allow":["GET"]}}],"collection":[{"href":"https:\/\/losperiodistas.com.mx\/portal\/wp-json\/wp\/v2\/posts"}],"about":[{"href":"https:\/\/losperiodistas.com.mx\/portal\/wp-json\/wp\/v2\/types\/post"}],"author":[{"embeddable":true,"href":"https:\/\/losperiodistas.com.mx\/portal\/wp-json\/wp\/v2\/users\/1"}],"replies":[{"embeddable":true,"href":"https:\/\/losperiodistas.com.mx\/portal\/wp-json\/wp\/v2\/comments?post=59642"}],"version-history":[{"count":1,"href":"https:\/\/losperiodistas.com.mx\/portal\/wp-json\/wp\/v2\/posts\/59642\/revisions"}],"predecessor-version":[{"id":59645,"href":"https:\/\/losperiodistas.com.mx\/portal\/wp-json\/wp\/v2\/posts\/59642\/revisions\/59645"}],"wp:featuredmedia":[{"embeddable":true,"href":"https:\/\/losperiodistas.com.mx\/portal\/wp-json\/wp\/v2\/media\/59644"}],"wp:attachment":[{"href":"https:\/\/losperiodistas.com.mx\/portal\/wp-json\/wp\/v2\/media?parent=59642"}],"wp:term":[{"taxonomy":"category","embeddable":true,"href":"https:\/\/losperiodistas.com.mx\/portal\/wp-json\/wp\/v2\/categories?post=59642"},{"taxonomy":"post_tag","embeddable":true,"href":"https:\/\/losperiodistas.com.mx\/portal\/wp-json\/wp\/v2\/tags?post=59642"}],"curies":[{"name":"wp","href":"https:\/\/api.w.org\/{rel}","templated":true}]}}