{"id":59639,"date":"2023-09-24T08:20:37","date_gmt":"2023-09-24T13:20:37","guid":{"rendered":"http:\/\/losperiodistas.com.mx\/portal\/?p=59639"},"modified":"2023-09-24T08:20:39","modified_gmt":"2023-09-24T13:20:39","slug":"dia-internacional-de-las-personas-sordas-did","status":"publish","type":"post","link":"https:\/\/losperiodistas.com.mx\/portal\/dia-internacional-de-las-personas-sordas-did\/","title":{"rendered":"D\u00eda Internacional de las Personas Sordas\u00a0| DID"},"content":{"rendered":"\n<figure class=\"wp-block-image size-large is-style-default\"><img fetchpriority=\"high\" decoding=\"async\" width=\"1024\" height=\"614\" src=\"https:\/\/losperiodistas.com.mx\/portal\/wp-content\/uploads\/2023\/09\/Captura-de-Pantalla-2023-09-24-a-las-7.15.00-1024x614.jpg\" alt=\"\" class=\"wp-image-59640\" srcset=\"https:\/\/losperiodistas.com.mx\/portal\/wp-content\/uploads\/2023\/09\/Captura-de-Pantalla-2023-09-24-a-las-7.15.00-1024x614.jpg 1024w, https:\/\/losperiodistas.com.mx\/portal\/wp-content\/uploads\/2023\/09\/Captura-de-Pantalla-2023-09-24-a-las-7.15.00-300x180.jpg 300w, https:\/\/losperiodistas.com.mx\/portal\/wp-content\/uploads\/2023\/09\/Captura-de-Pantalla-2023-09-24-a-las-7.15.00-768x461.jpg 768w, https:\/\/losperiodistas.com.mx\/portal\/wp-content\/uploads\/2023\/09\/Captura-de-Pantalla-2023-09-24-a-las-7.15.00.jpg 1310w\" sizes=\"(max-width: 1024px) 100vw, 1024px\" \/><figcaption>Captura Video Vallente Films<\/figcaption><\/figure>\n\n\n\n<p><\/p>\n\n\n\n<p class=\"has-vivid-red-color has-text-color has-medium-font-size\"><strong>REDACCI\u00d3N D\u00cdA INTERNACIONAL DE<\/strong><\/p>\n\n\n\n<p>El \u00faltimo domingo de septiembre fue el d\u00eda elegido por la&nbsp;<strong>Federaci\u00f3n Mundial de Personas Sordas (WFD)<\/strong>&nbsp;para conmemorar el&nbsp;<strong>D\u00eda Internacional de las Personas Sordas<\/strong>. En Espa\u00f1a, sin embargo, esta celebraci\u00f3n suele trasladarse al \u00faltimo viernes y, m\u00e1s habitualmente, al s\u00e1bado.<\/p>\n\n\n\n<p>No obstante hay que decir que el D\u00eda Internacional de las Personas Sordas es una efem\u00e9ride que ha ca\u00eddo en desuso desde la proclamaci\u00f3n por parte de las Naciones Unidas del&nbsp;<a href=\"https:\/\/www.diainternacionalde.com\/ficha\/dia-internacional-lenguas-de-senas\" target=\"_blank\" rel=\"noreferrer noopener\">D\u00eda Internacional de las Lenguas de Se\u00f1as<\/a>&nbsp;que se celebra el 23 de septiembre. Desde la proclamaci\u00f3n oficial de este d\u00eda por parte de la ONU, la WFD celebra la&nbsp;<a href=\"https:\/\/www.diainternacionalde.com\/semanas-internacionales\/semana-internacional-persona-sorda\" target=\"_blank\" rel=\"noreferrer noopener\">Semana Internacional de las Personas Sordas.<\/a><\/p>\n\n\n\n<h2 class=\"wp-block-heading\" id=\"resTit_1\">\u00bfQu\u00e9 se busca con esta celebraci\u00f3n?<\/h2>\n\n\n\n<p>Esta fecha busca\u00a0<strong>sensibilizar y concienciar<\/strong>\u00a0sobre las necesidades particulares de los sordos y la importancia de crear programas que permitan su inclusi\u00f3n dentro de todos los \u00e1mbitos de la sociedad.<\/p>\n\n\n\n<p>Otro de los objetivos que propuso la&nbsp;<strong>WFD<\/strong>, fue la de&nbsp;<strong>impulsar la detecci\u00f3n temprana de trastornos auditivos, espec\u00edficamente de la&nbsp;<em>hipoacusia infantil<\/em>,&nbsp;<\/strong>que se trata de una deformaci\u00f3n de los conductos auditivos debido a su falta de desarrollo en el infante.<\/p>\n\n\n\n<p>Si se diagnostica dentro de los primeros tres meses de vida, se puede realizar una intervenci\u00f3n quir\u00fargica que permitir\u00e1 al ni\u00f1o poder o\u00edr normalmente el resto de su vida.<\/p>\n\n\n\n<figure class=\"wp-block-embed is-type-video is-provider-youtube wp-block-embed-youtube wp-embed-aspect-16-9 wp-has-aspect-ratio\"><div class=\"wp-block-embed__wrapper\">\n<iframe title=\"SORDOS QUE OYEN - trailer  #surdosqueouvem Aud\u00edfonos, sordera y implante coclear\" width=\"500\" height=\"281\" src=\"https:\/\/www.youtube.com\/embed\/j-97W_xzaQg?feature=oembed\" frameborder=\"0\" allow=\"accelerometer; autoplay; clipboard-write; encrypted-media; gyroscope; picture-in-picture; web-share\" referrerpolicy=\"strict-origin-when-cross-origin\" allowfullscreen><\/iframe>\n<\/div><\/figure>\n\n\n\n<p><\/p>\n\n\n\n<h2 class=\"wp-block-heading\" id=\"resTit_3\">Datos interesantes sobre la sordera en el mundo<\/h2>\n\n\n\n<ul class=\"wp-block-list\"><li>Existen aproximadamente&nbsp;<strong><em>466 millones de personas<\/em><\/strong>&nbsp;en todo el mundo que tiene alg\u00fan tipo de problema auditivo.<\/li><li><strong>El&nbsp;<em>60%<\/em>&nbsp;de todos los casos de sordera que existen en la actualidad se pod\u00edan haber prevenido<\/strong>&nbsp;si se hubiesen diagnosticado a tiempo.<\/li><li><strong>Para el 2018 solo en Espa\u00f1a hab\u00eda 1.064.000 personas con alg\u00fan tipo de discapacidad auditiva<\/strong>; y 5 de cada 1000 reci\u00e9n nacidos espa\u00f1oles presenta alg\u00fan tipo de sordera de distinto grado.<\/li><li><strong>El 50% de los j\u00f3venes entre los 12 y 35 a\u00f1os de edad, est\u00e1n en riesgo de desarrollar alg\u00fan tipo de p\u00e9rdida de audici\u00f3n<\/strong>, debido a estar sobre-expuestos continuamente al ruido en diferentes contextos.<\/li><li>Se estima que para el a\u00f1o 2050,&nbsp;<strong>1 de cada 10 personas tendr\u00e1 alg\u00fan tipo de discapacidad auditiva<\/strong>.<\/li><\/ul>\n\n\n\n<h2 class=\"wp-block-heading\" id=\"resTit_4\">\u00bfC\u00f3mo prevenir la sordera en ni\u00f1os?<\/h2>\n\n\n\n<p>Aunque la mayor\u00eda de los trastornos auditivos en los beb\u00e9s se suelen asociar con razones gen\u00e9ticas, complicaciones durante el desarrollo del feto o incluso problemas durante el parto, tambi\u00e9n existen riesgos de generar un trastorno auditivo en ni\u00f1os completamente sanos. Aqu\u00ed hablaremos de los m\u00e1s comunes.<\/p>\n\n\n\n<ol class=\"wp-block-list\"><li>Limpiar el o\u00eddo del beb\u00e9 superficialmente y jam\u00e1s introducir un bastoncillo en su canal auditivo.<\/li><li>No colocarle auriculares para que escuchen m\u00fasica o vean alg\u00fan programa en la televisi\u00f3n en el PC y controlar que el volumen sea moderado.<\/li><li>Estar pendiente de su capacidad auditiva, para as\u00ed poder detectar cualquier complicaci\u00f3n justo a tiempo.<\/li><\/ol>\n\n\n\n<h2 class=\"wp-block-heading\" id=\"resTit_5\">\u00bfC\u00f3mo celebrar el D\u00eda Internacional de las Personas Sordas?<\/h2>\n\n\n\n<p>Para celebrar este d\u00eda existen muchas actividades que puedes realizar, puedes ir a un concierto de personas sordomudas, ver una pel\u00edcula subtitulada con un amigo con deficiencia auditiva, aprender a bailar sintiendo las vibraciones de la m\u00fasica y no la melod\u00eda, que es como bailan los sordos.<\/p>\n\n\n\n<p>Tambi\u00e9n puedes asistir a conferencias sobre el tema, ayudar en una causa que impulse la inserci\u00f3n de los sordos en otras \u00e1reas de la sociedad o simplemente aprender\u00a0<strong>lengua de se\u00f1as<\/strong>.<\/p>\n\n\n\n<p>Fuente: <a href=\"https:\/\/www.diainternacionalde.com\/ficha\/dia-internacional-personas-sordas\">https:\/\/www.diainternacionalde.com\/ficha\/dia-internacional-personas-sordas<\/a><\/p>\n","protected":false},"excerpt":{"rendered":"<p>REDACCI\u00d3N D\u00cdA INTERNACIONAL DE El \u00faltimo domingo de septiembre fue el d\u00eda elegido por la&nbsp;Federaci\u00f3n Mundial de Personas Sordas (WFD)&nbsp;para [&hellip;]<\/p>\n","protected":false},"author":1,"featured_media":59640,"comment_status":"open","ping_status":"open","sticky":false,"template":"","format":"standard","meta":{"site-sidebar-layout":"default","site-content-layout":"","ast-site-content-layout":"default","site-content-style":"default","site-sidebar-style":"default","ast-global-header-display":"","ast-banner-title-visibility":"","ast-main-header-display":"","ast-hfb-above-header-display":"","ast-hfb-below-header-display":"","ast-hfb-mobile-header-display":"","site-post-title":"","ast-breadcrumbs-content":"","ast-featured-img":"","footer-sml-layout":"","theme-transparent-header-meta":"","adv-header-id-meta":"","stick-header-meta":"","header-above-stick-meta":"","header-main-stick-meta":"","header-below-stick-meta":"","astra-migrate-meta-layouts":"default","ast-page-background-enabled":"default","ast-page-background-meta":{"desktop":{"background-color":"var(--ast-global-color-4)","background-image":"","background-repeat":"repeat","background-position":"center center","background-size":"auto","background-attachment":"scroll","background-type":"","background-media":"","overlay-type":"","overlay-color":"","overlay-opacity":"","overlay-gradient":""},"tablet":{"background-color":"","background-image":"","background-repeat":"repeat","background-position":"center center","background-size":"auto","background-attachment":"scroll","background-type":"","background-media":"","overlay-type":"","overlay-color":"","overlay-opacity":"","overlay-gradient":""},"mobile":{"background-color":"","background-image":"","background-repeat":"repeat","background-position":"center center","background-size":"auto","background-attachment":"scroll","background-type":"","background-media":"","overlay-type":"","overlay-color":"","overlay-opacity":"","overlay-gradient":""}},"ast-content-background-meta":{"desktop":{"background-color":"var(--ast-global-color-5)","background-image":"","background-repeat":"repeat","background-position":"center center","background-size":"auto","background-attachment":"scroll","background-type":"","background-media":"","overlay-type":"","overlay-color":"","overlay-opacity":"","overlay-gradient":""},"tablet":{"background-color":"var(--ast-global-color-5)","background-image":"","background-repeat":"repeat","background-position":"center center","background-size":"auto","background-attachment":"scroll","background-type":"","background-media":"","overlay-type":"","overlay-color":"","overlay-opacity":"","overlay-gradient":""},"mobile":{"background-color":"var(--ast-global-color-5)","background-image":"","background-repeat":"repeat","background-position":"center center","background-size":"auto","background-attachment":"scroll","background-type":"","background-media":"","overlay-type":"","overlay-color":"","overlay-opacity":"","overlay-gradient":""}},"footnotes":""},"categories":[8],"tags":[19135,19138,19139,19136],"class_list":["post-59639","post","type-post","status-publish","format-standard","has-post-thumbnail","hentry","category-noticias","tag-diainternacionalpersonas-sordas","tag-la-sordera-en-el-mundo","tag-lenguaje-de-senas","tag-wfd"],"_links":{"self":[{"href":"https:\/\/losperiodistas.com.mx\/portal\/wp-json\/wp\/v2\/posts\/59639","targetHints":{"allow":["GET"]}}],"collection":[{"href":"https:\/\/losperiodistas.com.mx\/portal\/wp-json\/wp\/v2\/posts"}],"about":[{"href":"https:\/\/losperiodistas.com.mx\/portal\/wp-json\/wp\/v2\/types\/post"}],"author":[{"embeddable":true,"href":"https:\/\/losperiodistas.com.mx\/portal\/wp-json\/wp\/v2\/users\/1"}],"replies":[{"embeddable":true,"href":"https:\/\/losperiodistas.com.mx\/portal\/wp-json\/wp\/v2\/comments?post=59639"}],"version-history":[{"count":1,"href":"https:\/\/losperiodistas.com.mx\/portal\/wp-json\/wp\/v2\/posts\/59639\/revisions"}],"predecessor-version":[{"id":59641,"href":"https:\/\/losperiodistas.com.mx\/portal\/wp-json\/wp\/v2\/posts\/59639\/revisions\/59641"}],"wp:featuredmedia":[{"embeddable":true,"href":"https:\/\/losperiodistas.com.mx\/portal\/wp-json\/wp\/v2\/media\/59640"}],"wp:attachment":[{"href":"https:\/\/losperiodistas.com.mx\/portal\/wp-json\/wp\/v2\/media?parent=59639"}],"wp:term":[{"taxonomy":"category","embeddable":true,"href":"https:\/\/losperiodistas.com.mx\/portal\/wp-json\/wp\/v2\/categories?post=59639"},{"taxonomy":"post_tag","embeddable":true,"href":"https:\/\/losperiodistas.com.mx\/portal\/wp-json\/wp\/v2\/tags?post=59639"}],"curies":[{"name":"wp","href":"https:\/\/api.w.org\/{rel}","templated":true}]}}