{"id":59636,"date":"2023-09-24T08:08:49","date_gmt":"2023-09-24T13:08:49","guid":{"rendered":"http:\/\/losperiodistas.com.mx\/portal\/?p=59636"},"modified":"2023-09-24T08:08:51","modified_gmt":"2023-09-24T13:08:51","slug":"presentan-a-ex-priistas-en-mitin-de-claudia-sheinbaum-en-culiacan-y-los-abuchean-noroeste","status":"publish","type":"post","link":"https:\/\/losperiodistas.com.mx\/portal\/presentan-a-ex-priistas-en-mitin-de-claudia-sheinbaum-en-culiacan-y-los-abuchean-noroeste\/","title":{"rendered":"Presentan a ex priistas en mitin de Claudia Sheinbaum en Culiac\u00e1n y los abuchean | Noroeste"},"content":{"rendered":"\n<p class=\"has-white-color has-vivid-red-background-color has-text-color has-background has-medium-font-size\">Cuando el Gobernador Rub\u00e9n Rocha Moya nombr\u00f3 a los ex priistas presentes en el evento, los pol\u00edticos fueron abucheados por los asistentes<\/p>\n\n\n\n<figure class=\"wp-block-image size-full is-style-default\"><img fetchpriority=\"high\" decoding=\"async\" width=\"768\" height=\"432\" src=\"https:\/\/losperiodistas.com.mx\/portal\/wp-content\/uploads\/2023\/09\/whatsapp-image-2023-09-23-at-3-34_1-4989270_20230923153716.jpeg\" alt=\"\" class=\"wp-image-59637\" srcset=\"https:\/\/losperiodistas.com.mx\/portal\/wp-content\/uploads\/2023\/09\/whatsapp-image-2023-09-23-at-3-34_1-4989270_20230923153716.jpeg 768w, https:\/\/losperiodistas.com.mx\/portal\/wp-content\/uploads\/2023\/09\/whatsapp-image-2023-09-23-at-3-34_1-4989270_20230923153716-300x169.jpeg 300w\" sizes=\"(max-width: 768px) 100vw, 768px\" \/><figcaption><a href=\"https:\/\/www.noroeste.com.mx\/culiacan\/presentan-a-ex-priistas-en-mitin-de-claudia-sheinbaum-en-culiacan-y-los-abuchean-IN4861857\">El Gobernador Rub\u00e9n Rocha Moya present\u00f3 a los ex priistas que se incorporar\u00e1n al movimiento de la 4T y los gritos y rechiflas no se hicieron esperar.\u00a0(\u00a0Fotos: Mart\u00edn Urista\u00a0)<\/a><\/figcaption><\/figure>\n\n\n\n<p class=\"has-vivid-red-color has-text-color has-medium-font-size\"><strong>KAREN BRAVO \/ NOROESTE<\/strong><\/p>\n\n\n\n<p>CULIAC\u00c1N._ Militantes de Morena abuchearon a ex militantes del PRI que acudieron este s\u00e1bado en Culiac\u00e1n al evento de la virtual candidata presidencial en 2024, Claudia Sheinbaum Pardo.<\/p>\n\n\n\n<p>Mientras el Gobernador Rub\u00e9n Rocha Moya nombr\u00f3 a los ex priistas que se sumar\u00e1n al movimiento de respaldo de Claudia Sheinbaum en Sinaloa, los asistentes los abuchearon.Recibe nuestras noticias en tu correo<\/p>\n\n\n\n<p>Nuestros bolet\u00ednes te dan a conocer los hechos antes que nadie directo a tu buz\u00f3n.\u00a1Quiero enterarme!<\/p>\n\n\n\n<p class=\"has-cyan-bluish-gray-background-color has-background\"><a href=\"https:\/\/www.noroeste.com.mx\/culiacan\/priistas-y-ex-priistas-y-diputados-locales-acuden-a-evento-de-claudia-sheinbaum-en-culiacan-EN4861677\"><\/a><a href=\"https:\/\/www.noroeste.com.mx\/culiacan\">CULIAC\u00c1N<\/a><a href=\"https:\/\/www.noroeste.com.mx\/culiacan\/priistas-y-ex-priistas-y-diputados-locales-acuden-a-evento-de-claudia-sheinbaum-en-culiacan-EN4861677\">Priistas y ex priistas y diputados locales acuden a evento de Claudia Sheinbaum en Culiac\u00e1n<\/a>23 septiembre 2023<\/p>\n\n\n\n<p>Los gritos y rechiflas fueron especialmente para el ex Alcalde de Mazatl\u00e1n, Fernando Pucheta S\u00e1nchez; Jes\u00fas Vald\u00e9s Palazuelos, ex dirigente estatal del PRI y ex Alcalde de Culiac\u00e1n; el Diputado local, Ricardo Madrid P\u00e9rez; y la Diputada local, Cinthia Valenzuela Langarica, tambi\u00e9n ex dirigente estatal del PRI.<\/p>\n\n\n\n<p>Otros ex priistas que se sumaron al movimiento de Morena a favor de Sheinbaum Pardo son el Diputado local, Feliciano Valle Sandoval; la Diputada local, Gloria Himelda F\u00e9lix Niebla; el ex candidato a Alcalde de Culiac\u00e1n y ex Diputado local, Faustino Hern\u00e1ndez, quien respondi\u00f3 los abucheos con un gesto con el sombrero; la Diputada local, Concepci\u00f3n Zazueta Castro; Cinthia Maribel Vega Quintero, quien fue candidata del PRI; y Antonio Casta\u00f1eda Verduzco, ex Alcalde de Culiac\u00e1n.<\/p>\n\n\n\n<p class=\"has-cyan-bluish-gray-background-color has-background\"><a href=\"https:\/\/www.noroeste.com.mx\/culiacan\/defiende-claudia-a-ex-priistas-es-momento-de-sumar-fuerzas-EK4862372\"><\/a><a href=\"https:\/\/www.noroeste.com.mx\/culiacan\">CULIAC\u00c1N<\/a><a href=\"https:\/\/www.noroeste.com.mx\/culiacan\/defiende-claudia-a-ex-priistas-es-momento-de-sumar-fuerzas-EK4862372\">Defiende Claudia a ex priistas: es momento de sumar fuerzas<\/a>23 septiembre 2023<\/p>\n\n\n\n<p>\u201cTienen la misma idea que ustedes: que muera el PRI\u201d, defendi\u00f3 el Gobernador Rub\u00e9n Rocha Moya, quien admiti\u00f3 que pon\u00eda en riesgo su condici\u00f3n pol\u00edtica por incluir a ex militantes del Partido Revolucionario Institucional, pero se dijo convencido de que se deb\u00eda incorporar a m\u00e1s gente para fortalecer el movimiento.<\/p>\n\n\n\n<p>El ex panista y Diputado local, Adolfo Beltr\u00e1n Corrales, y la ex militante de Movimiento Ciudadano y Diputada local, Celia J\u00e1uregui Ibarra; as\u00ed como Mart\u00edn Heredia Liz\u00e1rraga, de Movimiento Ciudadano y ex candidato por el PAN a Gobernador en 2016, tambi\u00e9n estaban presentes.<\/p>\n\n\n\n<p>Al igual que personajes destacados de la sociedad civil como el novelista \u00c9lmer Mendoza, el boxeador Julio C\u00e9sar Ch\u00e1vez, el medallista paral\u00edmpico Benjam\u00edn Gonz\u00e1lez Sauceda, la deportista Karen Liz\u00e1rraga Ramos, el deportista Aar\u00f3n Francisco Ibarra Osuna; Tania Renter\u00eda; Carlos Escobar, activista y empresario; y el acad\u00e9mico y escritor, Arturo Santamar\u00eda.<\/p>\n\n\n\n<figure class=\"wp-block-embed is-type-rich is-provider-twitter wp-block-embed-twitter\"><div class=\"wp-block-embed__wrapper\">\nhttps:\/\/twitter.com\/Claudiashein\/status\/1705734865449111730?ref_src=twsrc%5Etfw%7Ctwcamp%5Etweetembed%7Ctwterm%5E1705734865449111730%7Ctwgr%5Ebe6c10fb54f97ca2918fa3c56f3f97037a90d121%7Ctwcon%5Es1_c10&#038;ref_url=https%3A%2F%2Fwww.noroeste.com.mx%2Fculiacan%2Fpresentan-a-ex-priistas-en-mitin-de-claudia-sheinbaum-en-culiacan-y-los-abuchean-IN4861857\n<\/div><\/figure>\n\n\n\n<p>En su mensaje, Gerardo Fern\u00e1ndez Noro\u00f1a, vocero de Claudia Sheinbaum, afirm\u00f3 no defender a los priistas pero recalc\u00f3 que en Morena ser\u00e1n bienvenidos todas las personas que quieran sumarse, con algunas excepciones como el ex Presidente, Felipe Calder\u00f3n Hinojosa.<\/p>\n\n\n\n<p>\u201cPero toda persona que quiera meter el hombro, meter el coraz\u00f3n, comprometerse en la transformaci\u00f3n que va, bienvenidas, bienvenidos, quienes quieran luchar haci\u00e9ndose cargo de su trayectoria\u201d, expres\u00f3.<\/p>\n\n\n\n<figure class=\"wp-block-image is-style-default\"><img decoding=\"async\" src=\"https:\/\/www.noroeste.com.mx\/binrepository\/1500x1000\/0c0\/0d0\/none\/12707\/DGBC\/whatsapp-image-2023-09-23-at-2-38_1-4990427_20230923174950.jpg\" alt=\"$!Presentan a ex priistas en mitin de Claudia Sheinbaum en Culiac\u00e1n y los abuchean\" title=\"Presentan a ex priistas en mitin de Claudia Sheinbaum en Culiac\u00e1n y los abuchean\"\/><\/figure>\n\n\n\n<p>Fuente: <a href=\"https:\/\/www.noroeste.com.mx\/culiacan\/presentan-a-ex-priistas-en-mitin-de-claudia-sheinbaum-en-culiacan-y-los-abuchean-IN4861857\">https:\/\/www.noroeste.com.mx\/culiacan\/presentan-a-ex-priistas-en-mitin-de-claudia-sheinbaum-en-culiacan-y-los-abuchean-IN4861857<\/a><\/p>\n","protected":false},"excerpt":{"rendered":"<p>Cuando el Gobernador Rub\u00e9n Rocha Moya nombr\u00f3 a los ex priistas presentes en el evento, los pol\u00edticos fueron abucheados por [&hellip;]<\/p>\n","protected":false},"author":1,"featured_media":59637,"comment_status":"open","ping_status":"open","sticky":false,"template":"","format":"standard","meta":{"site-sidebar-layout":"default","site-content-layout":"","ast-site-content-layout":"default","site-content-style":"default","site-sidebar-style":"default","ast-global-header-display":"","ast-banner-title-visibility":"","ast-main-header-display":"","ast-hfb-above-header-display":"","ast-hfb-below-header-display":"","ast-hfb-mobile-header-display":"","site-post-title":"","ast-breadcrumbs-content":"","ast-featured-img":"","footer-sml-layout":"","theme-transparent-header-meta":"","adv-header-id-meta":"","stick-header-meta":"","header-above-stick-meta":"","header-main-stick-meta":"","header-below-stick-meta":"","astra-migrate-meta-layouts":"default","ast-page-background-enabled":"default","ast-page-background-meta":{"desktop":{"background-color":"var(--ast-global-color-4)","background-image":"","background-repeat":"repeat","background-position":"center center","background-size":"auto","background-attachment":"scroll","background-type":"","background-media":"","overlay-type":"","overlay-color":"","overlay-opacity":"","overlay-gradient":""},"tablet":{"background-color":"","background-image":"","background-repeat":"repeat","background-position":"center center","background-size":"auto","background-attachment":"scroll","background-type":"","background-media":"","overlay-type":"","overlay-color":"","overlay-opacity":"","overlay-gradient":""},"mobile":{"background-color":"","background-image":"","background-repeat":"repeat","background-position":"center center","background-size":"auto","background-attachment":"scroll","background-type":"","background-media":"","overlay-type":"","overlay-color":"","overlay-opacity":"","overlay-gradient":""}},"ast-content-background-meta":{"desktop":{"background-color":"var(--ast-global-color-5)","background-image":"","background-repeat":"repeat","background-position":"center center","background-size":"auto","background-attachment":"scroll","background-type":"","background-media":"","overlay-type":"","overlay-color":"","overlay-opacity":"","overlay-gradient":""},"tablet":{"background-color":"var(--ast-global-color-5)","background-image":"","background-repeat":"repeat","background-position":"center center","background-size":"auto","background-attachment":"scroll","background-type":"","background-media":"","overlay-type":"","overlay-color":"","overlay-opacity":"","overlay-gradient":""},"mobile":{"background-color":"var(--ast-global-color-5)","background-image":"","background-repeat":"repeat","background-position":"center center","background-size":"auto","background-attachment":"scroll","background-type":"","background-media":"","overlay-type":"","overlay-color":"","overlay-opacity":"","overlay-gradient":""}},"footnotes":""},"categories":[8],"tags":[19134,19133],"class_list":["post-59636","post","type-post","status-publish","format-standard","has-post-thumbnail","hentry","category-noticias","tag-ex-priistas-abucheados-por-morenistas","tag-sheinbaum-culiacan"],"_links":{"self":[{"href":"https:\/\/losperiodistas.com.mx\/portal\/wp-json\/wp\/v2\/posts\/59636","targetHints":{"allow":["GET"]}}],"collection":[{"href":"https:\/\/losperiodistas.com.mx\/portal\/wp-json\/wp\/v2\/posts"}],"about":[{"href":"https:\/\/losperiodistas.com.mx\/portal\/wp-json\/wp\/v2\/types\/post"}],"author":[{"embeddable":true,"href":"https:\/\/losperiodistas.com.mx\/portal\/wp-json\/wp\/v2\/users\/1"}],"replies":[{"embeddable":true,"href":"https:\/\/losperiodistas.com.mx\/portal\/wp-json\/wp\/v2\/comments?post=59636"}],"version-history":[{"count":1,"href":"https:\/\/losperiodistas.com.mx\/portal\/wp-json\/wp\/v2\/posts\/59636\/revisions"}],"predecessor-version":[{"id":59638,"href":"https:\/\/losperiodistas.com.mx\/portal\/wp-json\/wp\/v2\/posts\/59636\/revisions\/59638"}],"wp:featuredmedia":[{"embeddable":true,"href":"https:\/\/losperiodistas.com.mx\/portal\/wp-json\/wp\/v2\/media\/59637"}],"wp:attachment":[{"href":"https:\/\/losperiodistas.com.mx\/portal\/wp-json\/wp\/v2\/media?parent=59636"}],"wp:term":[{"taxonomy":"category","embeddable":true,"href":"https:\/\/losperiodistas.com.mx\/portal\/wp-json\/wp\/v2\/categories?post=59636"},{"taxonomy":"post_tag","embeddable":true,"href":"https:\/\/losperiodistas.com.mx\/portal\/wp-json\/wp\/v2\/tags?post=59636"}],"curies":[{"name":"wp","href":"https:\/\/api.w.org\/{rel}","templated":true}]}}