{"id":59633,"date":"2023-09-24T07:59:40","date_gmt":"2023-09-24T12:59:40","guid":{"rendered":"http:\/\/losperiodistas.com.mx\/portal\/?p=59633"},"modified":"2023-09-24T07:59:42","modified_gmt":"2023-09-24T12:59:42","slug":"cartel-de-sinaloa-desfila-entre-aplausos-de-pobladores-en-chiapas-video-proceso","status":"publish","type":"post","link":"https:\/\/losperiodistas.com.mx\/portal\/cartel-de-sinaloa-desfila-entre-aplausos-de-pobladores-en-chiapas-video-proceso\/","title":{"rendered":"C\u00e1rtel de Sinaloa desfila entre aplausos de pobladores en Chiapas (Video) | Proceso"},"content":{"rendered":"\n<p class=\"has-light-green-cyan-background-color has-background has-medium-font-size\"><strong>Convoy con hombres armados se abre paso en la carretera Panamericana, mientras que el Ej\u00e9rcito de Guatemala, con la Brigada de Operaciones Monta\u00f1a, integrado por 300 elementos, se ubican en el municipio de Tacan\u00e1.<\/strong><\/p>\n\n\n\n<figure class=\"wp-block-image size-large is-style-default\"><img fetchpriority=\"high\" decoding=\"async\" width=\"1024\" height=\"579\" src=\"https:\/\/losperiodistas.com.mx\/portal\/wp-content\/uploads\/2023\/09\/Captura-de-Pantalla-2023-09-24-a-las-6.50.44-1024x579.jpg\" alt=\"\" class=\"wp-image-59634\" srcset=\"https:\/\/losperiodistas.com.mx\/portal\/wp-content\/uploads\/2023\/09\/Captura-de-Pantalla-2023-09-24-a-las-6.50.44-1024x579.jpg 1024w, https:\/\/losperiodistas.com.mx\/portal\/wp-content\/uploads\/2023\/09\/Captura-de-Pantalla-2023-09-24-a-las-6.50.44-300x170.jpg 300w, https:\/\/losperiodistas.com.mx\/portal\/wp-content\/uploads\/2023\/09\/Captura-de-Pantalla-2023-09-24-a-las-6.50.44-768x434.jpg 768w, https:\/\/losperiodistas.com.mx\/portal\/wp-content\/uploads\/2023\/09\/Captura-de-Pantalla-2023-09-24-a-las-6.50.44.jpg 1404w\" sizes=\"(max-width: 1024px) 100vw, 1024px\" \/><\/figure>\n\n\n\n<p><\/p>\n\n\n\n<p class=\"has-vivid-red-color has-white-background-color has-text-color has-background has-medium-font-size\"><strong>REDACCI\u00d3N PROCESO<\/strong><\/p>\n\n\n\n<p>CIUDAD DE M\u00c9XICO (proceso.com.mx).- Habitantes que manten\u00edan un bloqueo en San Gregorio Chamic y Frontera Comalapa, se replegaron esta tarde en la carretera Panamericana\u00a0para abrirle paso a un convoy de veh\u00edculos todo terreno con hombres armados, presuntamente integrantes del C\u00e1rtel de Sinaloa, a los que aplaudieron, chiflaron y lanzaron gritos como \u00ab\u00a1Puro Sinaloa!\u00bb y \u201cArriba el C\u00e1rtel de Sinaloa\u201d.<\/p>\n\n\n\n<figure class=\"wp-block-embed is-type-rich is-provider-twitter wp-block-embed-twitter\"><div class=\"wp-block-embed__wrapper\">\n<blockquote class=\"twitter-tweet\" data-width=\"500\" data-dnt=\"true\"><p lang=\"es\" dir=\"ltr\"><a href=\"https:\/\/twitter.com\/hashtag\/Chiapas?src=hash&amp;ref_src=twsrc%5Etfw\">#Chiapas<\/a>: circula en redes video en que ciudadanos aplauden al <a href=\"https:\/\/twitter.com\/hashtag\/C%C3%A1rtelDeSinaloa?src=hash&amp;ref_src=twsrc%5Etfw\">#C\u00e1rtelDeSinaloa<\/a> que supuestamente llega a liberarlos del <a href=\"https:\/\/twitter.com\/hashtag\/CJNG?src=hash&amp;ref_src=twsrc%5Etfw\">#CJNG<\/a> <a href=\"https:\/\/t.co\/Z3OSyqUOSH\">pic.twitter.com\/Z3OSyqUOSH<\/a><\/p>&mdash; Emeequis (@emeequis) <a href=\"https:\/\/twitter.com\/emeequis\/status\/1705752307474780568?ref_src=twsrc%5Etfw\">September 24, 2023<\/a><\/blockquote><script async src=\"https:\/\/platform.twitter.com\/widgets.js\" charset=\"utf-8\"><\/script>\n<\/div><\/figure>\n\n\n\n<p>La ovaci\u00f3n a los civiles con armas largas a bordo de veh\u00edculos tipo monstruo se debe a que presuntamente van a &#8216;liberarlos&#8217; de un grupo delictivo rival, el cual mantiene asolada a la poblaci\u00f3n de la regi\u00f3n, donde desde hace\u00a0tres semanas se registran bloqueos carreteros, principalmente\u00a0en los municipios de las regiones Fronteriza y Sierra.<\/p>\n\n\n\n<p class=\"has-cyan-bluish-gray-background-color has-background\"><strong>NOTICIAS RELACIONADAS<\/strong><\/p>\n\n\n\n<ul class=\"wp-block-list\"><li><a href=\"https:\/\/www.proceso.com.mx\/nacional\/2023\/9\/22\/amlo-baja-manuelita-de-la-contienda-para-la-gubernatura-de-chiapas-315363.html\">AMLO baja a Manuelita de la contienda para la gubernatura de Chiapas<\/a><\/li><li><a href=\"https:\/\/www.proceso.com.mx\/nacional\/estados\/2023\/9\/18\/suspenden-clases-en-regiones-de-chiapas-por-violencia-inseguridad-315109.html\">Suspenden clases en regiones de Chiapas por violencia e inseguridad<\/a><\/li><li><a href=\"https:\/\/www.proceso.com.mx\/nacional\/2023\/9\/14\/sacan-en-helicoptero-lideres-indigenas-de-chiapas-tras-amenazas-del-cartel-de-sinaloa-314844.html\">Sacan en helic\u00f3ptero a l\u00edderes ind\u00edgenas de Chiapas tras amenazas del C\u00e1rtel de Sinaloa<\/a><\/li><li><a href=\"https:\/\/www.proceso.com.mx\/nacional\/estados\/2023\/8\/29\/el-cjng-autor-de-la-emboscada-de-seis-miembros-del-cartel-de-sinaloa-en-siltepec-chiapas-313824.html\">El CJNG, autor de la emboscada de seis miembros del C\u00e1rtel de Sinaloa en Siltepec, Chiapas<\/a><\/li><\/ul>\n\n\n\n<p>Desde el viernes, camionetas con hombres armados de un grupo delictivo se han visto en la frontera M\u00e9xico-Guatemala, en el punto conocido como Ciudad Cuauht\u00e9moc -La Mesilla, como parte de las acciones para recuperar control en el \u00e1rea donde sus adversarios han empezado a operar.<\/p>\n\n\n\n<p>El Ej\u00e9rcito de Guatemala, con la Brigada de Operaciones Monta\u00f1a, integrado por 300 elementos, se apostaron en el municipio de Tacan\u00e1, en el departamento de San Marcos, para \u201cmantener el control\u201d en esa \u00e1rea que colinda con los municipios de Motozintla, Mazapa de Madero y Siltepec, donde ambos c\u00e1rteles se mantienen enfrentados.<\/p>\n\n\n\n<p>Fuente: <a href=\"https:\/\/www.proceso.com.mx\/nacional\/2023\/9\/23\/cartel-de-sinaloa-desfila-entre-aplausos-de-pobladores-en-chiapas-video-315460.html\">https:\/\/www.proceso.com.mx\/nacional\/2023\/9\/23\/cartel-de-sinaloa-desfila-entre-aplausos-de-pobladores-en-chiapas-video-315460.html<\/a><\/p>\n","protected":false},"excerpt":{"rendered":"<p>Convoy con hombres armados se abre paso en la carretera Panamericana, mientras que el Ej\u00e9rcito de Guatemala, con la Brigada [&hellip;]<\/p>\n","protected":false},"author":1,"featured_media":59634,"comment_status":"open","ping_status":"open","sticky":false,"template":"","format":"standard","meta":{"site-sidebar-layout":"default","site-content-layout":"","ast-site-content-layout":"default","site-content-style":"default","site-sidebar-style":"default","ast-global-header-display":"","ast-banner-title-visibility":"","ast-main-header-display":"","ast-hfb-above-header-display":"","ast-hfb-below-header-display":"","ast-hfb-mobile-header-display":"","site-post-title":"","ast-breadcrumbs-content":"","ast-featured-img":"","footer-sml-layout":"","theme-transparent-header-meta":"","adv-header-id-meta":"","stick-header-meta":"","header-above-stick-meta":"","header-main-stick-meta":"","header-below-stick-meta":"","astra-migrate-meta-layouts":"default","ast-page-background-enabled":"default","ast-page-background-meta":{"desktop":{"background-color":"var(--ast-global-color-4)","background-image":"","background-repeat":"repeat","background-position":"center center","background-size":"auto","background-attachment":"scroll","background-type":"","background-media":"","overlay-type":"","overlay-color":"","overlay-opacity":"","overlay-gradient":""},"tablet":{"background-color":"","background-image":"","background-repeat":"repeat","background-position":"center center","background-size":"auto","background-attachment":"scroll","background-type":"","background-media":"","overlay-type":"","overlay-color":"","overlay-opacity":"","overlay-gradient":""},"mobile":{"background-color":"","background-image":"","background-repeat":"repeat","background-position":"center center","background-size":"auto","background-attachment":"scroll","background-type":"","background-media":"","overlay-type":"","overlay-color":"","overlay-opacity":"","overlay-gradient":""}},"ast-content-background-meta":{"desktop":{"background-color":"var(--ast-global-color-5)","background-image":"","background-repeat":"repeat","background-position":"center center","background-size":"auto","background-attachment":"scroll","background-type":"","background-media":"","overlay-type":"","overlay-color":"","overlay-opacity":"","overlay-gradient":""},"tablet":{"background-color":"var(--ast-global-color-5)","background-image":"","background-repeat":"repeat","background-position":"center center","background-size":"auto","background-attachment":"scroll","background-type":"","background-media":"","overlay-type":"","overlay-color":"","overlay-opacity":"","overlay-gradient":""},"mobile":{"background-color":"var(--ast-global-color-5)","background-image":"","background-repeat":"repeat","background-position":"center center","background-size":"auto","background-attachment":"scroll","background-type":"","background-media":"","overlay-type":"","overlay-color":"","overlay-opacity":"","overlay-gradient":""}},"footnotes":""},"categories":[8],"tags":[2434,372,19132],"class_list":["post-59633","post","type-post","status-publish","format-standard","has-post-thumbnail","hentry","category-noticias","tag-cartel-sinaloa-2","tag-cjng","tag-frontera-comalapa"],"_links":{"self":[{"href":"https:\/\/losperiodistas.com.mx\/portal\/wp-json\/wp\/v2\/posts\/59633","targetHints":{"allow":["GET"]}}],"collection":[{"href":"https:\/\/losperiodistas.com.mx\/portal\/wp-json\/wp\/v2\/posts"}],"about":[{"href":"https:\/\/losperiodistas.com.mx\/portal\/wp-json\/wp\/v2\/types\/post"}],"author":[{"embeddable":true,"href":"https:\/\/losperiodistas.com.mx\/portal\/wp-json\/wp\/v2\/users\/1"}],"replies":[{"embeddable":true,"href":"https:\/\/losperiodistas.com.mx\/portal\/wp-json\/wp\/v2\/comments?post=59633"}],"version-history":[{"count":1,"href":"https:\/\/losperiodistas.com.mx\/portal\/wp-json\/wp\/v2\/posts\/59633\/revisions"}],"predecessor-version":[{"id":59635,"href":"https:\/\/losperiodistas.com.mx\/portal\/wp-json\/wp\/v2\/posts\/59633\/revisions\/59635"}],"wp:featuredmedia":[{"embeddable":true,"href":"https:\/\/losperiodistas.com.mx\/portal\/wp-json\/wp\/v2\/media\/59634"}],"wp:attachment":[{"href":"https:\/\/losperiodistas.com.mx\/portal\/wp-json\/wp\/v2\/media?parent=59633"}],"wp:term":[{"taxonomy":"category","embeddable":true,"href":"https:\/\/losperiodistas.com.mx\/portal\/wp-json\/wp\/v2\/categories?post=59633"},{"taxonomy":"post_tag","embeddable":true,"href":"https:\/\/losperiodistas.com.mx\/portal\/wp-json\/wp\/v2\/tags?post=59633"}],"curies":[{"name":"wp","href":"https:\/\/api.w.org\/{rel}","templated":true}]}}