{"id":59620,"date":"2023-09-24T07:13:34","date_gmt":"2023-09-24T12:13:34","guid":{"rendered":"http:\/\/losperiodistas.com.mx\/portal\/?p=59620"},"modified":"2023-09-24T07:13:36","modified_gmt":"2023-09-24T12:13:36","slug":"hoy-la-iglesia-catolica-celebra-la-jornada-mundial-del-migrante-y-del-refugiado-aci","status":"publish","type":"post","link":"https:\/\/losperiodistas.com.mx\/portal\/hoy-la-iglesia-catolica-celebra-la-jornada-mundial-del-migrante-y-del-refugiado-aci\/","title":{"rendered":"Hoy la Iglesia Cat\u00f3lica celebra la Jornada Mundial del Migrante y del Refugiado | ACI"},"content":{"rendered":"\n<figure class=\"wp-block-image size-full is-style-default\"><img fetchpriority=\"high\" decoding=\"async\" width=\"670\" height=\"447\" src=\"https:\/\/losperiodistas.com.mx\/portal\/wp-content\/uploads\/2023\/09\/migration-2698946-1920.jpg\" alt=\"\" class=\"wp-image-59621\" srcset=\"https:\/\/losperiodistas.com.mx\/portal\/wp-content\/uploads\/2023\/09\/migration-2698946-1920.jpg 670w, https:\/\/losperiodistas.com.mx\/portal\/wp-content\/uploads\/2023\/09\/migration-2698946-1920-300x200.jpg 300w\" sizes=\"(max-width: 670px) 100vw, 670px\" \/><figcaption>Un grupo de personas migrantes. | Cr\u00e9dito: Pixabay.<\/figcaption><\/figure>\n\n\n\n<p class=\"has-vivid-red-color has-text-color has-medium-font-size\"><strong>REDACCI\u00d3N CENRAL \/ ACI PRENSA<\/strong><\/p>\n\n\n\n<p>Desde 1914 la Iglesia Cat\u00f3lica celebra el \u00faltimo domingo de septiembre la Jornada Mundial del Migrante y del Refugiado, un d\u00eda creado para \u201cexpresar nuestra preocupaci\u00f3n por las personas vulnerables en movimiento; rezar por ellos mientras enfrentan muchos desaf\u00edos; y para sensibilizar sobre las oportunidades que ofrecen las migraciones\u201d.<\/p>\n\n\n\n<p>Esta celebraci\u00f3n se incorpor\u00f3 en el calendario de las celebraciones de la Iglesia Cat\u00f3lica durante el pontificado de Benedicto XV a pedido de la Congregaci\u00f3n Consistorial, que estaba preocupada por el gran flujo migratorio de italianos hacia diferentes regiones del mundo.<\/p>\n\n\n\n<p>Fue as\u00ed que el 6 de diciembre de 1914, la Congregaci\u00f3n envi\u00f3 la carta&nbsp;<em>El dolor y las preocupaciones<\/em>&nbsp;a los Obispos italianos para pedir que instituyan la Jornada. El objetivo inicial era sensibilizar y recaudar fondos \u201ca favor de obras pastorales para los emigrantes italianos\u201d y para construir y sostener el Colegio para la Emigraci\u00f3n, dedicado a formar misioneros en Roma.<\/p>\n\n\n\n<p>El 21 de febrero de 1915 se celebr\u00f3 la primera Jornada en Italia a cargo de la Congregaci\u00f3n Consistorial, que dio las directrices, sugerencias e informes financieros. Ese a\u00f1o, pidi\u00f3 a los Obispos de Am\u00e9rica que tambi\u00e9n recauden fondos. En 1928, la Congregaci\u00f3n traslad\u00f3 la celebraci\u00f3n de la Jornada al primer domingo de Adviento.<\/p>\n\n\n\n<p>En 1952, la Constituci\u00f3n Apost\u00f3lica&nbsp;<a href=\"https:\/\/www.vatican.va\/content\/pius-xii\/la\/apost_constitutions\/documents\/hf_p-xii_apc_19520801_exsul-familia.html\"><em>Exsul Familia<\/em><\/a><em>&nbsp;<\/em>recomend\u00f3 celebrar anualmente la jornada \u201cpro emigrante\u201d no solo a favor de los italianos, sino tambi\u00e9n \u201cde otras nacionalidades o idiomas\u201d y extendi\u00f3 al resto del mundo la fecha de celebraci\u00f3n designada en 1928.<\/p>\n\n\n\n<p>En 1969, la instrucci\u00f3n&nbsp;<a href=\"https:\/\/www.vatican.va\/content\/paul-vi\/it\/motu_proprio\/documents\/hf_p-vi_motu-proprio_19690815_pastoralis-migratorum-cura.html\"><em>Pastoralis migratorum cura<\/em><\/a>&nbsp;se\u00f1al\u00f3 que la \u201cJornada del migrante\u201d se celebre en \u201cel periodo y de la manera que las circunstancias locales y las exigencias del entorno social lo sugieran\u201d.<\/p>\n\n\n\n<h4 class=\"wp-block-heading\">M\u00c1S EN MUNDO<\/h4>\n\n\n\n<figure class=\"wp-block-image is-style-default\"><a href=\"https:\/\/www.aciprensa.com\/noticias\/89985\/asi-puedes-participar-en-la-jornada-mundial-del-migrante-y-del-refugiado-2021\"><img decoding=\"async\" src=\"https:\/\/www.aciprensa.com\/imagespp\/250921_josh-applegate--unsplash.jpg?w=180&amp;h=120\" alt=\"As\u00ed puedes participar en la Jornada Mundial del Migrante y del Refugiado 2021\"\/><\/a><\/figure>\n\n\n\n<h3 class=\"wp-block-heading\"><a href=\"https:\/\/www.aciprensa.com\/noticias\/89985\/asi-puedes-participar-en-la-jornada-mundial-del-migrante-y-del-refugiado-2021\">As\u00ed puedes participar en la Jornada Mundial del Migrante y del Refugiado 2021<\/a><\/h3>\n\n\n\n<p>En 2004, la instrucci\u00f3n&nbsp;<a href=\"https:\/\/migrants-refugees.va\/wp-content\/uploads\/2019\/11\/ERGA-MIGRANTES-CARITAS-CHRISTI_ES.pdf\"><em>Erga migrantes caritas Christi<\/em><\/a>&nbsp;se\u00f1al\u00f3 a las conferencias episcopales e Iglesias Orientales Cat\u00f3licas que pod\u00edan celebrarla un d\u00eda o incluso una semana, y el Pontificio Consejo para la Pastoral de los Migrantes lo extendi\u00f3 tambi\u00e9n a los Refugiados.<\/p>\n\n\n\n<p>Ese mismo a\u00f1o, el Papa San Juan Pablo II estableci\u00f3 que la celebraci\u00f3n en toda la Iglesia Cat\u00f3lica sea \u201cel primer domingo despu\u00e9s de la Epifan\u00eda, cuando \u00e9sta se traslada al domingo, y el segundo domingo despu\u00e9s de la Epifan\u00eda, cuando permanece el 6 de enero\u201d.<\/p>\n\n\n\n<p>El 2018, el Papa Francisco anunci\u00f3 que \u201cpor razones pastorales\u201d,&nbsp; se extienda la fecha al segundo domingo de septiembre.<\/p>\n\n\n\n<p>Sobre los mensajes de la Jornada, es importante destacar la contribuci\u00f3n del Concilio Vaticano II, pues influenci\u00f3 en la pastoral migratoria e hizo que el migrante se reconozca como \u201cpersona y ciudadano con derechos y deberes\u201d y pase de ser un \u201cdestinatario de las obras de caridad cristiana\u201d a un \u201csujeto de evangelizaci\u00f3n\u201d y \u201cprotagonista del plan providencial de Dios\u201d.<\/p>\n\n\n\n<p>Desde entonces, las cartas se volvieron \u201cmensajes tem\u00e1ticos\u201d pensados para orientar \u201cla reflexi\u00f3n sobre temas de naturaleza b\u00edblico-teol\u00f3gica relacionados\u201d con la pastoral del migrante. El primer tema de la Jornada establecido en 1968 fue \u201cNo hay fronteras para la Iglesia. Emigraci\u00f3n: encuentro de hermanos\u201d.<\/p>\n\n\n\n<p><a href=\"https:\/\/drive.google.com\/file\/d\/1fWv2F8qdVm0oqQGnhAbXZGtFukOOOi0N\/view\">Para el P. Gabriele Bentoglio<\/a>, Subsecretario del Pontificio Consejo para la Pastoral de los Migrantes e Itinerantes, la pastoral del migrante \u201calcanza su apogeo en Jes\u00fas Salvador, extranjero en el mundo de los hombres, que contin\u00faa su obra de salvaci\u00f3n a trav\u00e9s de los extranjeros de hoy\u201d: los migrantes y refugiados.<\/p>\n\n\n\n<p>En 2020, el Papa Francisco eligi\u00f3 como tema de la jornada la frase&nbsp;\u201cComo Jesucristo, obligados a huir. Acoger, proteger, promover e integrar a los desplazados internos\u201d, que busc\u00f3 centrar la atenci\u00f3n en el \u201ccuidado pastoral\u201d de los migrantes.<\/p>\n\n\n\n<p>El Papa record\u00f3 a los refugiados y desplazados a causa de las guerras y la pobreza, en especial los ni\u00f1os y los que sufren en la frontera de Grecia y Turqu\u00eda, durante la Bendici\u00f3n \u201cUrbi Et Orbi\u201d que realiz\u00f3 el Domingo de Pascua del a\u00f1o pasado,&nbsp;ante la pandemia del COVID-19 que azota el mundo.<\/p>\n\n\n\n<p>El Santo Padre dijo que los migrantes y desplazados \u00abno son n\u00fameros, sino personas\u00bb; rez\u00f3 para que Dios reconforte sus corazones. Adem\u00e1s, afirm\u00f3 que la pandemia nos demostr\u00f3 que \u00abtodos estamos en el mismo barco\u00bb. Dijo que la precariedad vivida nos recuerda \u00abun elemento constante en la vida de los desplazados\u00bb y que los migrantes nos dan la oportunidad de encontrarnos con Dios.<\/p>\n\n\n\n<p>Este a\u00f1o, se celebra la 108\u00b0 Jornada Mundial del Migrante y del Refugiado, que tiene como lema \u00abLibres de elegir si migrar o quedarse\u00bb.<\/p>\n\n\n\n<p>En su mensaje para este a\u00f1o el Papa quiere contribuir a la reflexi\u00f3n sobre \u00abla libertad que deber\u00eda caracterizar siempre la decisi\u00f3n de dejar la propia tierra\u00bb. En \u00e9l, afirma que \u00ablos migrantes escapan debido a la pobreza, al miedo, a la desesperaci\u00f3n\u00bb y que para eliminar estas causas \u00abes necesario el trabajo com\u00fan de todos\u00bb.<\/p>\n\n\n\n<p>Entre otras tareas, el Papa llama a \u00abesforzarnos por detener la carrera de armamentos, el colonialismo econ\u00f3mico, la usurpaci\u00f3n de los recursos ajenos, la devastaci\u00f3n de nuestra casa com\u00fan\u00bb.<\/p>\n\n\n\n<p>Para el Pont\u00edfice , el requisito para asegurar la decisi\u00f3n libre de los que emigran es \u00abgarantizar a todos una participaci\u00f3n equitativa en el bien com\u00fan, el respeto de los derechos fundamentales y el acceso al desarrollo humano integral\u00bb. Una tarea que recae de manera principal en \u00ablos pa\u00edses de origen y a sus gobernantes, llamados a ejercitar la buena pol\u00edtica, transparente, honesta, con amplitud de miras y al servicio de todos, especialmente de los m\u00e1s vulnerables\u00bb.<\/p>\n\n\n\n<p>El Papa Francisco aboga en el texto tambi\u00e9n \u00abpara que se asegure a todos el derecho a no tener que emigrar, es decir, la posibilidad de vivir en paz y con dignidad en la propia tierra\u00bb.<\/p>\n\n\n\n<p>Respecto del problema de la gesti\u00f3n del fen\u00f3meno migratorio, el Papa pide \u00abacompa\u00f1ar y gobernar los flujos del mejor modo posible, construyendo puentes y no muros, ampliando los canales para una migraci\u00f3n segura y regular\u00bb.<\/p>\n\n\n\n<p>Fuente: <a href=\"https:\/\/www.aciprensa.com\/noticias\/83780\/hoy-la-iglesia-catolica-celebra-la-jornada-mundial-del-migrante-y-del-refugiado\">https:\/\/www.aciprensa.com\/noticias\/83780\/hoy-la-iglesia-catolica-celebra-la-jornada-mundial-del-migrante-y-del-refugiado<\/a><\/p>\n\n\n\n<hr class=\"wp-block-separator\"\/>\n\n\n\n<p><a href=\"https:\/\/t.me\/LosPeriodistasLive\">S\u00edguenos en Telegram: Los Periodistas<\/a><\/p>\n","protected":false},"excerpt":{"rendered":"<p>REDACCI\u00d3N CENRAL \/ ACI PRENSA Desde 1914 la Iglesia Cat\u00f3lica celebra el \u00faltimo domingo de septiembre la Jornada Mundial del [&hellip;]<\/p>\n","protected":false},"author":1,"featured_media":59621,"comment_status":"open","ping_status":"open","sticky":false,"template":"","format":"standard","meta":{"site-sidebar-layout":"default","site-content-layout":"","ast-site-content-layout":"default","site-content-style":"default","site-sidebar-style":"default","ast-global-header-display":"","ast-banner-title-visibility":"","ast-main-header-display":"","ast-hfb-above-header-display":"","ast-hfb-below-header-display":"","ast-hfb-mobile-header-display":"","site-post-title":"","ast-breadcrumbs-content":"","ast-featured-img":"","footer-sml-layout":"","theme-transparent-header-meta":"","adv-header-id-meta":"","stick-header-meta":"","header-above-stick-meta":"","header-main-stick-meta":"","header-below-stick-meta":"","astra-migrate-meta-layouts":"default","ast-page-background-enabled":"default","ast-page-background-meta":{"desktop":{"background-color":"var(--ast-global-color-4)","background-image":"","background-repeat":"repeat","background-position":"center center","background-size":"auto","background-attachment":"scroll","background-type":"","background-media":"","overlay-type":"","overlay-color":"","overlay-opacity":"","overlay-gradient":""},"tablet":{"background-color":"","background-image":"","background-repeat":"repeat","background-position":"center center","background-size":"auto","background-attachment":"scroll","background-type":"","background-media":"","overlay-type":"","overlay-color":"","overlay-opacity":"","overlay-gradient":""},"mobile":{"background-color":"","background-image":"","background-repeat":"repeat","background-position":"center center","background-size":"auto","background-attachment":"scroll","background-type":"","background-media":"","overlay-type":"","overlay-color":"","overlay-opacity":"","overlay-gradient":""}},"ast-content-background-meta":{"desktop":{"background-color":"var(--ast-global-color-5)","background-image":"","background-repeat":"repeat","background-position":"center center","background-size":"auto","background-attachment":"scroll","background-type":"","background-media":"","overlay-type":"","overlay-color":"","overlay-opacity":"","overlay-gradient":""},"tablet":{"background-color":"var(--ast-global-color-5)","background-image":"","background-repeat":"repeat","background-position":"center center","background-size":"auto","background-attachment":"scroll","background-type":"","background-media":"","overlay-type":"","overlay-color":"","overlay-opacity":"","overlay-gradient":""},"mobile":{"background-color":"var(--ast-global-color-5)","background-image":"","background-repeat":"repeat","background-position":"center center","background-size":"auto","background-attachment":"scroll","background-type":"","background-media":"","overlay-type":"","overlay-color":"","overlay-opacity":"","overlay-gradient":""}},"footnotes":""},"categories":[8],"tags":[6247,19124,18321,5863],"class_list":["post-59620","post","type-post","status-publish","format-standard","has-post-thumbnail","hentry","category-noticias","tag-iglesia-catolica","tag-jornada-mundial-por-migrantes-y-refugiados","tag-migranres","tag-refugiados"],"_links":{"self":[{"href":"https:\/\/losperiodistas.com.mx\/portal\/wp-json\/wp\/v2\/posts\/59620","targetHints":{"allow":["GET"]}}],"collection":[{"href":"https:\/\/losperiodistas.com.mx\/portal\/wp-json\/wp\/v2\/posts"}],"about":[{"href":"https:\/\/losperiodistas.com.mx\/portal\/wp-json\/wp\/v2\/types\/post"}],"author":[{"embeddable":true,"href":"https:\/\/losperiodistas.com.mx\/portal\/wp-json\/wp\/v2\/users\/1"}],"replies":[{"embeddable":true,"href":"https:\/\/losperiodistas.com.mx\/portal\/wp-json\/wp\/v2\/comments?post=59620"}],"version-history":[{"count":1,"href":"https:\/\/losperiodistas.com.mx\/portal\/wp-json\/wp\/v2\/posts\/59620\/revisions"}],"predecessor-version":[{"id":59622,"href":"https:\/\/losperiodistas.com.mx\/portal\/wp-json\/wp\/v2\/posts\/59620\/revisions\/59622"}],"wp:featuredmedia":[{"embeddable":true,"href":"https:\/\/losperiodistas.com.mx\/portal\/wp-json\/wp\/v2\/media\/59621"}],"wp:attachment":[{"href":"https:\/\/losperiodistas.com.mx\/portal\/wp-json\/wp\/v2\/media?parent=59620"}],"wp:term":[{"taxonomy":"category","embeddable":true,"href":"https:\/\/losperiodistas.com.mx\/portal\/wp-json\/wp\/v2\/categories?post=59620"},{"taxonomy":"post_tag","embeddable":true,"href":"https:\/\/losperiodistas.com.mx\/portal\/wp-json\/wp\/v2\/tags?post=59620"}],"curies":[{"name":"wp","href":"https:\/\/api.w.org\/{rel}","templated":true}]}}