{"id":59610,"date":"2023-09-23T21:12:00","date_gmt":"2023-09-24T02:12:00","guid":{"rendered":"http:\/\/losperiodistas.com.mx\/portal\/?p=59610"},"modified":"2023-09-23T21:12:02","modified_gmt":"2023-09-24T02:12:02","slug":"crean-la-red-de-accion-para-la-paz-en-mexico-dlf","status":"publish","type":"post","link":"https:\/\/losperiodistas.com.mx\/portal\/crean-la-red-de-accion-para-la-paz-en-mexico-dlf\/","title":{"rendered":"Crean la Red de Acci\u00f3n para la Paz en M\u00e9xico | DLF"},"content":{"rendered":"\n<figure class=\"wp-block-image size-large\"><img fetchpriority=\"high\" decoding=\"async\" width=\"1024\" height=\"760\" src=\"https:\/\/losperiodistas.com.mx\/portal\/wp-content\/uploads\/2023\/09\/Misa-Dialogo-Nacional-por-la-Paz-1024x760.jpeg\" alt=\"\" class=\"wp-image-59611\" srcset=\"https:\/\/losperiodistas.com.mx\/portal\/wp-content\/uploads\/2023\/09\/Misa-Dialogo-Nacional-por-la-Paz-1024x760.jpeg 1024w, https:\/\/losperiodistas.com.mx\/portal\/wp-content\/uploads\/2023\/09\/Misa-Dialogo-Nacional-por-la-Paz-300x223.jpeg 300w, https:\/\/losperiodistas.com.mx\/portal\/wp-content\/uploads\/2023\/09\/Misa-Dialogo-Nacional-por-la-Paz-768x570.jpeg 768w, https:\/\/losperiodistas.com.mx\/portal\/wp-content\/uploads\/2023\/09\/Misa-Dialogo-Nacional-por-la-Paz-1536x1139.jpeg 1536w, https:\/\/losperiodistas.com.mx\/portal\/wp-content\/uploads\/2023\/09\/Misa-Dialogo-Nacional-por-la-Paz.jpeg 1599w\" sizes=\"(max-width: 1024px) 100vw, 1024px\" \/><figcaption>Con un rotundo \u00a1Basta ya!, organizaciones cat\u00f3licas y civiles anunciaron la creaci\u00f3n de la Red de Acci\u00f3n para la Paz en M\u00e9xico. Foto Arquidi\u00f3cesis de Puebla.<\/figcaption><\/figure>\n\n\n\n<p class=\"has-vivid-red-color has-text-color has-medium-font-size\"><strong>JORGE REYES \/ DESDE LA FE<\/strong><\/p>\n\n\n\n<p><strong>Con un rotundo \u00a1Basta ya!, y un llamado a actuar de inmediato<\/strong>, las organizaciones cat\u00f3licas y civiles participantes en el\u00a0<a href=\"https:\/\/dialogonacionalporlapaz.org.mx\/index.html\/\" target=\"_blank\" rel=\"noreferrer noopener\">Di\u00e1logo Nacional por la Paz<\/a>\u00a0<strong>anunciaron la creaci\u00f3n de la Red de Acci\u00f3n para la Paz en M\u00e9xico<\/strong>, por medio de la cual se pretende lograr una alianza ciudadana de forma amplia e incluyente.<\/p>\n\n\n\n<p>\u201cEstamos convencidos que en este anhelo nos acompa\u00f1a el Se\u00f1or de la Historia, y por ello no solo decimos \u00a1basta ya!, sino, \u00a1este es el momento de actuar!&nbsp;<strong>Hoy tomamos nuestra responsabilidad ciudadana para proponer un itinerario de acci\u00f3n<\/strong>&nbsp;que haga vida las palabras del Profeta que nos anuncia la paz, que nos proclama \u00a1Qu\u00e9 hermosos son los pies del mensajero que nos trae la paz! (Is 52,7)\u201d,&nbsp;<strong>se\u00f1ala el Acuerdo Ciudadano por la Paz en M\u00e9xico<\/strong>.<\/p>\n\n\n\n<p>En el documento dado a conocer en el marco de la clausura del Di\u00e1logo Nacional por la Paz que se llev\u00f3 a cabo en el campus de la Universidad Iberoamericana de Puebla, se asevera que est\u00e1n convencidos de que \u201c<strong>es posible construir la paz, que podemos vencer las din\u00e1micas de violencia y destrucci\u00f3n del tejido social<\/strong>, a sabiendas que no hay soluciones f\u00e1ciles\u201d.<\/p>\n\n\n\n<p>\u201cLa paz es un trabajo conjunto en distintos niveles y de todos los sectores sociales. Implica la suma de voluntades, la coordinaci\u00f3n de esfuerzos y la generosidad de todos para vencer el miedo ante la indolencia y la ineficacia de\u00a0<strong>las autoridades, que no se han ocupado de su principal tarea de procurar unidad, seguridad, justicia y paz<\/strong>\u201d, se asegura el Acuerdo.<\/p>\n\n\n\n<p><strong>El Di\u00e1logo Nacional por la Paz<\/strong>\u00a0fue convocado por la\u00a0<a href=\"https:\/\/cem.org.mx\/\" target=\"_blank\" rel=\"noreferrer noopener\">Conferencia del Episcopado Mexicano<\/a>, la\u00a0<a href=\"https:\/\/cirm.org.mx\/\" target=\"_blank\" rel=\"noreferrer noopener\">Conferencia de Superiores Mayores de M\u00e9xico<\/a>, la Dimensi\u00f3n Episcopal para los Laicos y la\u00a0<a href=\"https:\/\/jesuitasmexico.org\/\" target=\"_blank\" rel=\"noreferrer noopener\">Provincia Mexicana de la Compa\u00f1\u00eda de Jes\u00fas<\/a>, y\u00a0<strong>surgi\u00f3 a ra\u00edz de los asesinatos de los sacerdotes jesuitas Javier Campos y Joaqu\u00edn Mora<\/strong>, y los laicos Pedro Palma y de Paul Berrelleza, hace 15 meses, en la iglesia de Cerocahui, Chihuahua<\/p>\n\n\n\n<h2 class=\"wp-block-heading\" id=\"h-la-red-de-accion-para-la-paz-no-promueve-la-confrontacion-ni-la-venganza\">La Red de Acci\u00f3n para la Paz no promueve la confrontaci\u00f3n ni la venganza<\/h2>\n\n\n\n<p>El diagn\u00f3stico realizado, contin\u00faa el Acuerdo, parte del an\u00e1lisis en el que estuvieron presentes hombres y mujeres de buena voluntad de todo el pa\u00eds, en un ejercicio de oraci\u00f3n, de encuentro y di\u00e1logo, y b\u00fasqueda de\u00a0<strong>horizontes de esperanza que permitan construir el M\u00e9xico que queremos y merecemos<\/strong>, donde haya respeto a la vida, a la dignidad de todas las personas, estado de derecho y la superaci\u00f3n paulatina de las desigualdades sociales en todas sus causas.<\/p>\n\n\n\n<p>\u201cEste Acuerdo&nbsp;<strong>no busca promover la confrontaci\u00f3n ni la venganza, sino la unidad y la reconciliaci\u00f3n del pa\u00eds<\/strong>, para que todos podamos ser protagonistas en la construcci\u00f3n de la paz y la justicia. Nadie debe sentirse excluido, participando las familias, las comunidades, los pueblos, las ciudades, las instituciones, las fuerzas pol\u00edticas, la naci\u00f3n entera.<\/p>\n\n\n\n<p>\u201cDesde el dolor de las v\u00edctimas, que hacemos propio, porque el dolor de una debe ser el dolor de todos, queremos expresar que no est\u00e1n solas, que&nbsp;<strong>en M\u00e9xico hay suficiente energ\u00eda, generosidad en inteligencia para transformar nuestra realidad y superar esta oscura etapa<\/strong>&nbsp;que ya nos ha hecho suficiente da\u00f1o a todos\u201d, puntualiza el documento.<\/p>\n\n\n\n<p>Te podr\u00eda interesar:&nbsp;<a href=\"https:\/\/desdelafe.mx\/noticias\/iglesia-en-mexico\/dialogo-nacional-paz-primer-dia\/\">Di\u00e1logo Nacional por la Paz: \u201cReivindiquemos a las miles de v\u00edctimas de la violencia en M\u00e9xico\u201d<\/a><\/p>\n\n\n\n<h2 class=\"wp-block-heading\">\u00bfCu\u00e1l es el origen de la Red de Acci\u00f3n para la Paz en M\u00e9xico?<\/h2>\n\n\n\n<ol class=\"wp-block-list\"><li>De reconocer que la violencia que vivimos desde hace tiempo se ha vuelto intolerable.<\/li><li>Del dolor de las v\u00edctimas que nos convoca a sumarnos para detener la escalada de violencia y comprometernos con la construcci\u00f3n de Paz.<\/li><li>De las voces de m\u00e1s de 18 mil participantes de los Conversatorios, Foros de Justicia y Seguridad y de este Di\u00e1logo Nacional que ha dado origen a la Agenda Nacional de Paz.<\/li><li>De la fe y la esperanza en que es posible actuar nuestra vocaci\u00f3n a la fraternidad, ser radicalmente hermanos.<\/li><\/ol>\n\n\n\n<h2 class=\"wp-block-heading\">\u00bfQu\u00e9 busca la Red de Acci\u00f3n para la Paz en M\u00e9xico?<\/h2>\n\n\n\n<ol class=\"wp-block-list\"><li>Trascender de una cultura de violencia hacia una cultura del cuidado y de la Paz.<\/li><li>Respeto a la dignidad de todas las personas sin distinci\u00f3n.<\/li><li>Privilegiar la \u00e9tica del di\u00e1logo, la colaboraci\u00f3n y la \u201ccultura del encuentro\u201d.<\/li><li>Ser \u201cartesanos de la Paz\u201d.<\/li><li>Que los j\u00f3venes sean protagonistas del futuro.<\/li><li>Que las buenas pr\u00e1cticas se multipliquen.<\/li><\/ol>\n\n\n\n<h2 class=\"wp-block-heading\">\u00bfA qu\u00e9 se compromete la Red de Acci\u00f3n para la Paz en M\u00e9xico?<\/h2>\n\n\n\n<ol class=\"wp-block-list\"><li>Construir la Red Nacional de Paz.<\/li><li>Participar del liderazgo y compromiso inclusivo.<\/li><li>Propiciar la articulaci\u00f3n interinstitucional, creando mecanismos de di\u00e1logo y colaboraci\u00f3n.<\/li><li>Impulsar la implementaci\u00f3n de la Agenda Nacional de Paz en los diferentes sectores y niveles de gobierno y sociedad.<\/li><li>Construir espacios digitales que nos permitan encontrarnos, vincularnos, compartir experiencias y sumar esfuerzos.<\/li><\/ol>\n\n\n\n<h2 class=\"wp-block-heading\">\u00bfA qu\u00e9 convoca la Red de Acci\u00f3n para la Paz en M\u00e9xico?<\/h2>\n\n\n\n<ol class=\"wp-block-list\"><li>Ser parte de la Red.<\/li><li>A privilegiar el di\u00e1logo.<\/li><li>Erradicar la indiferencia y la violencia, adoptar los principios de cultura del cuidado, el respeto a la dignidad de cada ser humano y la \u00e9tica del di\u00e1logo y la colaboraci\u00f3n.<\/li><li>Apropiarse de la Agenda Nacional de Paz y promover acciones que permitan implementarla en las familias, escuelas, comunidades, instituciones, empresas, universidades y otros.<\/li><li>Buscar la vinculaci\u00f3n que propicie esfuerzos sostenidos para construir la Paz.<\/li><li>Exigir a los gobiernos que cumplan con su funci\u00f3n con eficacia y transparencia.<\/li><\/ol>\n\n\n\n<p>Fuente: <a href=\"https:\/\/desdelafe.mx\/noticias\/iglesia-en-mexico\/crean-red-accion-paz-mexico\/\">https:\/\/desdelafe.mx\/noticias\/iglesia-en-mexico\/crean-red-accion-paz-mexico\/<\/a><\/p>\n","protected":false},"excerpt":{"rendered":"<p>JORGE REYES \/ DESDE LA FE Con un rotundo \u00a1Basta ya!, y un llamado a actuar de inmediato, las organizaciones [&hellip;]<\/p>\n","protected":false},"author":1,"featured_media":59611,"comment_status":"open","ping_status":"open","sticky":false,"template":"","format":"standard","meta":{"site-sidebar-layout":"default","site-content-layout":"","ast-site-content-layout":"default","site-content-style":"default","site-sidebar-style":"default","ast-global-header-display":"","ast-banner-title-visibility":"","ast-main-header-display":"","ast-hfb-above-header-display":"","ast-hfb-below-header-display":"","ast-hfb-mobile-header-display":"","site-post-title":"","ast-breadcrumbs-content":"","ast-featured-img":"","footer-sml-layout":"","theme-transparent-header-meta":"","adv-header-id-meta":"","stick-header-meta":"","header-above-stick-meta":"","header-main-stick-meta":"","header-below-stick-meta":"","astra-migrate-meta-layouts":"default","ast-page-background-enabled":"default","ast-page-background-meta":{"desktop":{"background-color":"var(--ast-global-color-4)","background-image":"","background-repeat":"repeat","background-position":"center center","background-size":"auto","background-attachment":"scroll","background-type":"","background-media":"","overlay-type":"","overlay-color":"","overlay-opacity":"","overlay-gradient":""},"tablet":{"background-color":"","background-image":"","background-repeat":"repeat","background-position":"center center","background-size":"auto","background-attachment":"scroll","background-type":"","background-media":"","overlay-type":"","overlay-color":"","overlay-opacity":"","overlay-gradient":""},"mobile":{"background-color":"","background-image":"","background-repeat":"repeat","background-position":"center center","background-size":"auto","background-attachment":"scroll","background-type":"","background-media":"","overlay-type":"","overlay-color":"","overlay-opacity":"","overlay-gradient":""}},"ast-content-background-meta":{"desktop":{"background-color":"var(--ast-global-color-5)","background-image":"","background-repeat":"repeat","background-position":"center center","background-size":"auto","background-attachment":"scroll","background-type":"","background-media":"","overlay-type":"","overlay-color":"","overlay-opacity":"","overlay-gradient":""},"tablet":{"background-color":"var(--ast-global-color-5)","background-image":"","background-repeat":"repeat","background-position":"center center","background-size":"auto","background-attachment":"scroll","background-type":"","background-media":"","overlay-type":"","overlay-color":"","overlay-opacity":"","overlay-gradient":""},"mobile":{"background-color":"var(--ast-global-color-5)","background-image":"","background-repeat":"repeat","background-position":"center center","background-size":"auto","background-attachment":"scroll","background-type":"","background-media":"","overlay-type":"","overlay-color":"","overlay-opacity":"","overlay-gradient":""}},"footnotes":""},"categories":[8],"tags":[18988,19123],"class_list":["post-59610","post","type-post","status-publish","format-standard","has-post-thumbnail","hentry","category-noticias","tag-dialogo-nacional-por-la-paz","tag-red-de-accion-para-la-paz-en-mexico"],"_links":{"self":[{"href":"https:\/\/losperiodistas.com.mx\/portal\/wp-json\/wp\/v2\/posts\/59610","targetHints":{"allow":["GET"]}}],"collection":[{"href":"https:\/\/losperiodistas.com.mx\/portal\/wp-json\/wp\/v2\/posts"}],"about":[{"href":"https:\/\/losperiodistas.com.mx\/portal\/wp-json\/wp\/v2\/types\/post"}],"author":[{"embeddable":true,"href":"https:\/\/losperiodistas.com.mx\/portal\/wp-json\/wp\/v2\/users\/1"}],"replies":[{"embeddable":true,"href":"https:\/\/losperiodistas.com.mx\/portal\/wp-json\/wp\/v2\/comments?post=59610"}],"version-history":[{"count":1,"href":"https:\/\/losperiodistas.com.mx\/portal\/wp-json\/wp\/v2\/posts\/59610\/revisions"}],"predecessor-version":[{"id":59612,"href":"https:\/\/losperiodistas.com.mx\/portal\/wp-json\/wp\/v2\/posts\/59610\/revisions\/59612"}],"wp:featuredmedia":[{"embeddable":true,"href":"https:\/\/losperiodistas.com.mx\/portal\/wp-json\/wp\/v2\/media\/59611"}],"wp:attachment":[{"href":"https:\/\/losperiodistas.com.mx\/portal\/wp-json\/wp\/v2\/media?parent=59610"}],"wp:term":[{"taxonomy":"category","embeddable":true,"href":"https:\/\/losperiodistas.com.mx\/portal\/wp-json\/wp\/v2\/categories?post=59610"},{"taxonomy":"post_tag","embeddable":true,"href":"https:\/\/losperiodistas.com.mx\/portal\/wp-json\/wp\/v2\/tags?post=59610"}],"curies":[{"name":"wp","href":"https:\/\/api.w.org\/{rel}","templated":true}]}}