{"id":59607,"date":"2023-09-23T20:52:50","date_gmt":"2023-09-24T01:52:50","guid":{"rendered":"http:\/\/losperiodistas.com.mx\/portal\/?p=59607"},"modified":"2023-09-23T20:52:54","modified_gmt":"2023-09-24T01:52:54","slug":"delincuencia-azota-a-la-autopista-puebla-veracruz-arzobispo-victor-sanchez-e-consulta","status":"publish","type":"post","link":"https:\/\/losperiodistas.com.mx\/portal\/delincuencia-azota-a-la-autopista-puebla-veracruz-arzobispo-victor-sanchez-e-consulta\/","title":{"rendered":"Delincuencia azota a la autopista Puebla-Veracruz: arzobispo V\u00edctor S\u00e1nchez | E-Consulta"},"content":{"rendered":"\n<p class=\"has-medium-font-size\">Robo a transporte y mercanc\u00eda, la constante que tienen que soportar transportistas y pobladores<\/p>\n\n\n\n<div class=\"wp-block-image\"><figure class=\"aligncenter size-full\"><img fetchpriority=\"high\" decoding=\"async\" width=\"639\" height=\"426\" src=\"https:\/\/losperiodistas.com.mx\/portal\/wp-content\/uploads\/2023\/09\/delincuencia_azota_a_la_autopista_puebla-veracruz_arzobispo_victor_sanchez.jpeg\" alt=\"\" class=\"wp-image-59608\" srcset=\"https:\/\/losperiodistas.com.mx\/portal\/wp-content\/uploads\/2023\/09\/delincuencia_azota_a_la_autopista_puebla-veracruz_arzobispo_victor_sanchez.jpeg 639w, https:\/\/losperiodistas.com.mx\/portal\/wp-content\/uploads\/2023\/09\/delincuencia_azota_a_la_autopista_puebla-veracruz_arzobispo_victor_sanchez-300x200.jpeg 300w\" sizes=\"(max-width: 639px) 100vw, 639px\" \/><figcaption>Foto \/ Agencia Enfoque<br><br><a href=\"https:\/\/www.facebook.com\/sharer\/sharer.php?u=https:\/\/www.e-consulta.com\/nota\/2023-09-23\/seguridad\/delincuencia-azota-la-autopista-puebla-veracruz-arzobispo-victor-sanchez\" target=\"_blank\" rel=\"noreferrer noopener\"><\/a><a href=\"https:\/\/twitter.com\/intent\/tweet?text=Delincuencia%20azota%20a%20la%20autopista%20Puebla-Veracruz%3A%20arzobispo%20V%C3%ADctor%20S%C3%A1nchez&amp;url=https:\/\/www.e-consulta.com\/nota\/2023-09-23\/seguridad\/delincuencia-azota-la-autopista-puebla-veracruz-arzobispo-victor-sanchez&amp;via=e_consulta\" target=\"_blank\" rel=\"noreferrer noopener\"><\/a><a href=\"whatsapp:\/\/send?text=Delincuencia%20azota%20a%20la%20autopista%20Puebla-Veracruz%3A%20arzobispo%20V%C3%ADctor%20S%C3%A1nchez%20-%20[Leer]%20https:\/\/www.e-consulta.com\/nota\/2023-09-23\/seguridad\/delincuencia-azota-la-autopista-puebla-veracruz-arzobispo-victor-sanchez\"><\/a><a href=\"\/\/www.e-consulta.com\/nota\/2023-09-23\/seguridad\/delincuencia-azota-la-autopista-puebla-veracruz-arzobispo-victor-sanchez\" target=\"_blank\" rel=\"noreferrer noopener\"><\/a><\/figcaption><\/figure><\/div>\n\n\n\n<p class=\"has-vivid-red-color has-text-color has-medium-font-size\"><strong>JOS\u00c9 RAMOS \/ E-CONSULTA<\/strong><\/p>\n\n\n\n<p>La inseguridad en la\u00a0<strong><a href=\"https:\/\/www.e-consulta.com\/nota\/2023-09-21\/seguridad\/suben-32-las-muertes-por-accidentes-viales-en-carreteras-de-puebla\" target=\"_blank\" rel=\"noreferrer noopener\">autopista Puebla-Veracruz<\/a><\/strong>\u00a0es preocupante, afirm\u00f3 el\u00a0<strong>arzobispo<\/strong>\u00a0<strong>V\u00edctor S\u00e1nchez Espinosa<\/strong>\u00a0quien se\u00f1al\u00f3 que el\u00a0<strong>robo de mercanc\u00eda y a transporte<\/strong>\u00a0son los\u00a0<strong>principales delitos<\/strong>\u00a0que aquejan a quienes transitan por esta carretera.<\/p>\n\n\n\n<p>En entrevista con\u00a0<strong>e-consulta\u00a0<\/strong>detall\u00f3 que,\u00a0<strong>desde la salida de la zona de los estadios<\/strong>, en la ciudad de Puebla,\u00a0<strong>hasta el municipio Esperanza<\/strong>\u00a0se vive<strong>\u00a0\u201cuna situaci\u00f3n dif\u00edcil<\/strong>\u201d ante la comisi\u00f3n de dichos delitos.<\/p>\n\n\n\n<figure class=\"wp-block-embed is-type-rich is-provider-twitter wp-block-embed-twitter\"><div class=\"wp-block-embed__wrapper\">\nhttps:\/\/twitter.com\/e_consulta\/status\/1705724573994336461?ref_src=twsrc%5Etfw%7Ctwcamp%5Etweetembed%7Ctwterm%5E1705724573994336461%7Ctwgr%5Eb64a424f43a88d13323e0acd9fb539351d610249%7Ctwcon%5Es1_c10&#038;ref_url=https%3A%2F%2Fwww.e-consulta.com%2Fnota%2F2023-09-23%2Fseguridad%2Fdelincuencia-azota-la-autopista-puebla-veracruz-arzobispo-victor-sanchez\n<\/div><\/figure>\n\n\n\n<p>Posterior al&nbsp;<strong><a href=\"https:\/\/www.e-consulta.com\/nota\/2023-09-21\/nacion\/con-xochitl-claudia-o-quien-venga-mexico-sera-peor-javier-sicilia\" target=\"_blank\" rel=\"noreferrer noopener\">Di\u00e1logo Nacional de la Paz<\/a><\/strong>, en la Universidad Iberoamericana Puebla, S\u00e1nchez Espinosa, puntualiz\u00f3 que&nbsp;<strong>son al menos seis los municipios aleda\u00f1os<\/strong>&nbsp;a la autopista Puebla-Veracruz,&nbsp;<strong>los que padecen esta situaci\u00f3n.<\/strong><\/p>\n\n\n\n<p>Te puede interesar:<\/p>\n\n\n\n<p><a href=\"https:\/\/www.e-consulta.com\/nota\/2023-09-23\/seguridad\/necesario-redisenar-sistema-de-justicia-y-carceles-en-mexico-red-nacional\">Necesario redise\u00f1ar sistema de justicia y c\u00e1rceles en M\u00e9xico: Red Nacional de Paz<\/a><\/p>\n\n\n\n<p>El arzobispo de Puebla detall\u00f3 que la franja delincuencial se extiende a lugares como&nbsp;<strong>Chachapa<\/strong>, en Amozoc y&nbsp;<strong>Palmarito Tochapan<\/strong>, en Quecholac, as\u00ed como los municipios de Puebla,&nbsp;<strong>Acatzingo<\/strong>, Tecamachalco y&nbsp;<strong>Esperanza<\/strong>.<\/p>\n\n\n\n<p>\u201cEse tramo de autopista a m\u00ed se me hace muy dif\u00edcil, yo la camino con mucha frecuencia y&nbsp;<strong>puedo dar testimonio de que, pues s\u00ed hay situaciones dif\u00edciles en esa zona<\/strong>\u201d, asegur\u00f3 el eclesi\u00e1stico.<\/p>\n\n\n\n<p>S\u00e1nchez Espinosa afirm\u00f3 que como parte de los acuerdos del foro Di\u00e1logo Nacional de la Paz, compartir\u00e1 con autoridades locales esta situaci\u00f3n que se vive en la autopista Puebla-Veracruz al igual que la&nbsp;<strong><a href=\"https:\/\/www.e-consulta.com\/nota\/2023-09-22\/nacion\/fracaso-de-seguridad-en-mexico-efecto-de-la-falta-de-continuidad-martin-doria\" target=\"_blank\" rel=\"noreferrer noopener\">agenda de paz<\/a><\/strong>&nbsp;establecida al final de este encuentro con la finalidad de que el&nbsp;<strong>estado de Puebla se pueda mantener en Paz<\/strong>, \u201cporque&nbsp;<strong>tambi\u00e9n hay situaciones dif\u00edciles que estamos viviendo<\/strong>\u201d.<\/p>\n\n\n\n<p>\u201cLo pasar\u00e9 yo textualmente, lo platicar\u00e9 con el se\u00f1or gobernador, con el secretario de Gobernaci\u00f3n, con el fiscal, para que Puebla se pueda mantener en paz\u201d.<\/p>\n\n\n\n<p>Te puede interesar:<\/p>\n\n\n\n<p><a href=\"https:\/\/www.e-consulta.com\/nota\/2023-09-21\/seguridad\/sacerdotes-son-extorsionados-en-triangulo-rojo-afirma-arzobispo-de-puebla\">Sacerdotes son extorsionados en Tri\u00e1ngulo Rojo, afirma arzobispo de Puebla<\/a><\/p>\n\n\n\n<p><strong>Carreteras de Puebla m\u00e1s peligrosas que las de la Michoac\u00e1n<\/strong><\/p>\n\n\n\n<p>Un reciente estudio del Observatorio Ciudadano del Instituto para la Gesti\u00f3n, Administraci\u00f3n y Vinculaci\u00f3n Municipal ubic\u00f3 a las carreteras y&nbsp;<strong>autopistas<\/strong>&nbsp;que cruzan por el&nbsp;<strong>estado de Puebla como m\u00e1s peligrosas<\/strong>&nbsp;incluso que las de Michoac\u00e1n.<\/p>\n\n\n\n<p>Entre los meses abril y junio de este 2023, seg\u00fan public\u00f3 el&nbsp;<strong>Igavim<\/strong>&nbsp;A.C., en Puebla hubo un&nbsp;<strong>incremento del 78 por ciento en asaltos a transportistas<\/strong>&nbsp;en comparaci\u00f3n con los mismos meses del 2022, al pasar de 429 a 764 carpetas de investigaci\u00f3n.<\/p>\n\n\n\n<p>Seg\u00fan la tasa de incidencia delictiva analizada por el Igavim A.C., para este 2023, el\u00a0<strong>promedio de asaltos a\u00a0<a href=\"https:\/\/www.e-consulta.com\/nota\/2023-07-12\/seguridad\/robo-transporte-publico-y-transportistas-en-puebla-al-alza-en-2023\" target=\"_blank\" rel=\"noreferrer noopener\">transportistas en Puebla<\/a><\/strong>\u00a0es de\u00a0<strong>11 por 100 mil habitantes<\/strong>, mientras que el Estado de M\u00e9xico es de seis y Michoac\u00e1n de cuatro por cada 100 mil habitantes.<\/p>\n\n\n\n<p>Fuente: <a href=\"https:\/\/www.e-consulta.com\/nota\/2023-09-23\/seguridad\/delincuencia-azota-la-autopista-puebla-veracruz-arzobispo-victor-sanchez\">https:\/\/www.e-consulta.com\/nota\/2023-09-23\/seguridad\/delincuencia-azota-la-autopista-puebla-veracruz-arzobispo-victor-sanchez<\/a><\/p>\n","protected":false},"excerpt":{"rendered":"<p>Robo a transporte y mercanc\u00eda, la constante que tienen que soportar transportistas y pobladores JOS\u00c9 RAMOS \/ E-CONSULTA La inseguridad [&hellip;]<\/p>\n","protected":false},"author":1,"featured_media":59608,"comment_status":"open","ping_status":"open","sticky":false,"template":"","format":"standard","meta":{"site-sidebar-layout":"default","site-content-layout":"","ast-site-content-layout":"default","site-content-style":"default","site-sidebar-style":"default","ast-global-header-display":"","ast-banner-title-visibility":"","ast-main-header-display":"","ast-hfb-above-header-display":"","ast-hfb-below-header-display":"","ast-hfb-mobile-header-display":"","site-post-title":"","ast-breadcrumbs-content":"","ast-featured-img":"","footer-sml-layout":"","theme-transparent-header-meta":"","adv-header-id-meta":"","stick-header-meta":"","header-above-stick-meta":"","header-main-stick-meta":"","header-below-stick-meta":"","astra-migrate-meta-layouts":"default","ast-page-background-enabled":"default","ast-page-background-meta":{"desktop":{"background-color":"var(--ast-global-color-4)","background-image":"","background-repeat":"repeat","background-position":"center center","background-size":"auto","background-attachment":"scroll","background-type":"","background-media":"","overlay-type":"","overlay-color":"","overlay-opacity":"","overlay-gradient":""},"tablet":{"background-color":"","background-image":"","background-repeat":"repeat","background-position":"center center","background-size":"auto","background-attachment":"scroll","background-type":"","background-media":"","overlay-type":"","overlay-color":"","overlay-opacity":"","overlay-gradient":""},"mobile":{"background-color":"","background-image":"","background-repeat":"repeat","background-position":"center center","background-size":"auto","background-attachment":"scroll","background-type":"","background-media":"","overlay-type":"","overlay-color":"","overlay-opacity":"","overlay-gradient":""}},"ast-content-background-meta":{"desktop":{"background-color":"var(--ast-global-color-5)","background-image":"","background-repeat":"repeat","background-position":"center center","background-size":"auto","background-attachment":"scroll","background-type":"","background-media":"","overlay-type":"","overlay-color":"","overlay-opacity":"","overlay-gradient":""},"tablet":{"background-color":"var(--ast-global-color-5)","background-image":"","background-repeat":"repeat","background-position":"center center","background-size":"auto","background-attachment":"scroll","background-type":"","background-media":"","overlay-type":"","overlay-color":"","overlay-opacity":"","overlay-gradient":""},"mobile":{"background-color":"var(--ast-global-color-5)","background-image":"","background-repeat":"repeat","background-position":"center center","background-size":"auto","background-attachment":"scroll","background-type":"","background-media":"","overlay-type":"","overlay-color":"","overlay-opacity":"","overlay-gradient":""}},"footnotes":""},"categories":[8],"tags":[6629,19122,11036],"class_list":["post-59607","post","type-post","status-publish","format-standard","has-post-thumbnail","hentry","category-noticias","tag-arzobispo-victor-sanchez","tag-autopista-puebla-veracruz","tag-inseguridad-puebla"],"_links":{"self":[{"href":"https:\/\/losperiodistas.com.mx\/portal\/wp-json\/wp\/v2\/posts\/59607","targetHints":{"allow":["GET"]}}],"collection":[{"href":"https:\/\/losperiodistas.com.mx\/portal\/wp-json\/wp\/v2\/posts"}],"about":[{"href":"https:\/\/losperiodistas.com.mx\/portal\/wp-json\/wp\/v2\/types\/post"}],"author":[{"embeddable":true,"href":"https:\/\/losperiodistas.com.mx\/portal\/wp-json\/wp\/v2\/users\/1"}],"replies":[{"embeddable":true,"href":"https:\/\/losperiodistas.com.mx\/portal\/wp-json\/wp\/v2\/comments?post=59607"}],"version-history":[{"count":1,"href":"https:\/\/losperiodistas.com.mx\/portal\/wp-json\/wp\/v2\/posts\/59607\/revisions"}],"predecessor-version":[{"id":59609,"href":"https:\/\/losperiodistas.com.mx\/portal\/wp-json\/wp\/v2\/posts\/59607\/revisions\/59609"}],"wp:featuredmedia":[{"embeddable":true,"href":"https:\/\/losperiodistas.com.mx\/portal\/wp-json\/wp\/v2\/media\/59608"}],"wp:attachment":[{"href":"https:\/\/losperiodistas.com.mx\/portal\/wp-json\/wp\/v2\/media?parent=59607"}],"wp:term":[{"taxonomy":"category","embeddable":true,"href":"https:\/\/losperiodistas.com.mx\/portal\/wp-json\/wp\/v2\/categories?post=59607"},{"taxonomy":"post_tag","embeddable":true,"href":"https:\/\/losperiodistas.com.mx\/portal\/wp-json\/wp\/v2\/tags?post=59607"}],"curies":[{"name":"wp","href":"https:\/\/api.w.org\/{rel}","templated":true}]}}