{"id":59595,"date":"2023-09-23T08:23:20","date_gmt":"2023-09-23T13:23:20","guid":{"rendered":"http:\/\/losperiodistas.com.mx\/portal\/?p=59595"},"modified":"2023-09-23T08:23:22","modified_gmt":"2023-09-23T13:23:22","slug":"no-estoy-buscando-ser-senador-dice-ebrard-y-llama-a-morena-a-responder-y-corregir-la-lista","status":"publish","type":"post","link":"https:\/\/losperiodistas.com.mx\/portal\/no-estoy-buscando-ser-senador-dice-ebrard-y-llama-a-morena-a-responder-y-corregir-la-lista\/","title":{"rendered":"\u2018No estoy buscando ser senador\u2019, dice Ebrard y llama a Morena a responder y corregir | La-Lista"},"content":{"rendered":"\n<p class=\"has-white-color has-vivid-red-background-color has-text-color has-background has-medium-font-size\">En Morena \u00abtienen la obligaci\u00f3n de contestarnos (a la impugnaci\u00f3n), tienen que corregir lo que est\u00e1 mal\u00bb, sostuvo Marcelo Ebrard.<\/p>\n\n\n\n<figure class=\"wp-block-image size-large is-style-default\"><img fetchpriority=\"high\" decoding=\"async\" width=\"1024\" height=\"642\" src=\"https:\/\/losperiodistas.com.mx\/portal\/wp-content\/uploads\/2023\/09\/ebrard_tlaxcala-1024x642.jpg\" alt=\"\" class=\"wp-image-59596\" srcset=\"https:\/\/losperiodistas.com.mx\/portal\/wp-content\/uploads\/2023\/09\/ebrard_tlaxcala-1024x642.jpg 1024w, https:\/\/losperiodistas.com.mx\/portal\/wp-content\/uploads\/2023\/09\/ebrard_tlaxcala-300x188.jpg 300w, https:\/\/losperiodistas.com.mx\/portal\/wp-content\/uploads\/2023\/09\/ebrard_tlaxcala-768x482.jpg 768w, https:\/\/losperiodistas.com.mx\/portal\/wp-content\/uploads\/2023\/09\/ebrard_tlaxcala.jpg 1196w\" sizes=\"(max-width: 1024px) 100vw, 1024px\" \/><\/figure>\n\n\n\n<p><\/p>\n\n\n\n<p class=\"has-vivid-red-color has-text-color has-medium-font-size\"><strong>REDACCI\u00d3N LA-LISTA<\/strong><\/p>\n\n\n\n<p>Marcelo Ebrard sostuvo que tiene que reponerse el proceso de selecci\u00f3n de&nbsp;<strong>candidato presidencial de Morena<\/strong>&nbsp;y advirti\u00f3 que no est\u00e1 buscando ser senador ni diputado.<\/p>\n\n\n\n<p>De gira por Tlaxcala, denunci\u00f3 que en el proceso interno se vieron pr\u00e1cticas como acarreo, intervenci\u00f3n de gobiernos estatales y uso de recursos p\u00fablicos.<\/p>\n\n\n\n<p>\u201cTomamos la decisi\u00f3n de impugnar el proceso, lo m\u00e1s f\u00e1cil es quedarse callado, tenemos exhortos de muchos que nos dicen \u2018es un berrinche\u2019, \u2018es un capricho\u2019, no, es una convicci\u00f3n, una decisi\u00f3n ponderada, sensata\u201d, sostuvo.<\/p>\n\n\n\n<p>\u201cObservamos a lo largo del proceso los signos, los s\u00edntomas, de que se est\u00e1 reproduciendo pr\u00e1cticas pol\u00edticas que queremos superar\u201d, insisti\u00f3.<\/p>\n\n\n\n<p>\u201cNo estamos de acuerdo con que se reinstalen las pr\u00e1cticas que combatimos durante m\u00e1s de 30 a\u00f1os\u201d, agreg\u00f3.<\/p>\n\n\n\n<p>No te pierdas:<a href=\"https:\/\/la-lista.com\/poder\/politica\/2023\/09\/20\/ebrard-se-reune-con-diputados-que-lo-respaldan-formalizan-bloque\">Ebrard se re\u00fane con diputados que lo respaldan; formalizan bloque<\/a><\/p>\n\n\n\n<p>\u201cLo que estamos demandando y por lo que estamos luchando est\u00e1 \u00edntimamente vinculado al camino de M\u00e9xico, porque no queremos esas pr\u00e1cticas en M\u00e9xico, no las aceptamos, queremos que sean ya de una buena vez que desaparezcan del ambiente pol\u00edtico mexicano, que no las volvamos a ver.<\/p>\n\n\n\n<p>\u201cPara lograr nuestro objetivo, acordamos organizarnos pol\u00edticamente, porque el que no se organiza no va a lograr sus objetivos\u2026<\/p>\n\n\n\n<p>\u201cAntes del 6 de septiembre dijimos: vamos por la candidatura a la presidencia de la Rep\u00fablica,&nbsp;<strong>no estoy buscando ser senador ni ser diputado.<\/strong><\/p>\n\n\n\n<p><strong>\u201cMorena tiene que responder y corregir,<\/strong>&nbsp;que no nos hablen de unidad a toda costa porque es lo que se usaba, perd\u00f3n que lo diga, en el PRI antiguo. La unidad y la disciplina est\u00e1n por encima de las convicciones, dec\u00edan entonces\u201d, apuntal\u00f3.<\/p>\n\n\n\n<p>\u201cClaro que es importante mantener la unidad, si nosotros no quisi\u00e9ramos mantener la unidad, no estar\u00edamos esperando la respuesta de Morena, estar\u00edamos fuera haciendo campa\u00f1a, hoy, pero no vamos a aceptar que la propuesta sea:&nbsp;<em><strong>guarden silencio, les damos unos cargos y se callan la boca,<\/strong><\/em>&nbsp;yo jam\u00e1s voy a hacer eso porque los traiciono a ustedes\u201d, abund\u00f3.<\/p>\n\n\n\n<p>Ebrard a\u00f1adi\u00f3 que \u201csi la idea es que pase el tiempo indefinidamente\u201d luego de su impugnaci\u00f3n, \u201ctambi\u00e9n lo vamos a decir\u2026 tienen la obligaci\u00f3n de contestarnos, tienen que corregir lo que est\u00e1 mal\u201d.<\/p>\n\n\n\n<p>Adelant\u00f3 que \u201cvamos a esperar la respuesta de Morena pero no indefinidamente, ya pasaron dos semanas, vamos a esperar su respuesta y vamos a tomar una decisi\u00f3n como movimiento nacional\u201d.<\/p>\n\n\n\n<p>En el acto, sus seguidores corearon: \u201c\u00a1Marcelo presidente!, \u00a1Marcelo presidente!\u201d.<\/p>\n\n\n\n<figure class=\"wp-block-embed is-type-rich is-provider-twitter wp-block-embed-twitter\"><div class=\"wp-block-embed__wrapper\">\n<blockquote class=\"twitter-tweet\" data-width=\"500\" data-dnt=\"true\"><p lang=\"es\" dir=\"ltr\">&quot;No estoy buscando ser senador&quot;: <a href=\"https:\/\/twitter.com\/m_ebrard?ref_src=twsrc%5Etfw\">@m_ebrard<\/a> <br><br>&quot;Que no nos hablen de unidad a toda costa, porque es lo que se usaba en el PRI antiguo&quot;, el excanciller pidi\u00f3 a Morena &quot;responder y corregir&quot; por la encuesta interna y aunque asegur\u00f3 que \u00e9l est\u00e1 a favor de la unidad, dijo que no\u2026 <a href=\"https:\/\/t.co\/PYVUBBDPcI\">pic.twitter.com\/PYVUBBDPcI<\/a><\/p>&mdash; Pol\u00edtico MX (@politicomx) <a href=\"https:\/\/twitter.com\/politicomx\/status\/1705284474231984449?ref_src=twsrc%5Etfw\">September 22, 2023<\/a><\/blockquote><script async src=\"https:\/\/platform.twitter.com\/widgets.js\" charset=\"utf-8\"><\/script>\n<\/div><\/figure>\n\n\n\n<p>Fuente: <a href=\"https:\/\/la-lista.com\/opinion\/2023\/09\/23\/yahritza-y-la-dolorosa-herida-de-identidad-nacional\">https:\/\/la-lista.com\/opinion\/2023\/09\/23\/yahritza-y-la-dolorosa-herida-de-identidad-nacional<\/a><\/p>\n","protected":false},"excerpt":{"rendered":"<p>En Morena \u00abtienen la obligaci\u00f3n de contestarnos (a la impugnaci\u00f3n), tienen que corregir lo que est\u00e1 mal\u00bb, sostuvo Marcelo Ebrard. [&hellip;]<\/p>\n","protected":false},"author":1,"featured_media":59596,"comment_status":"open","ping_status":"open","sticky":false,"template":"","format":"standard","meta":{"site-sidebar-layout":"default","site-content-layout":"","ast-site-content-layout":"default","site-content-style":"default","site-sidebar-style":"default","ast-global-header-display":"","ast-banner-title-visibility":"","ast-main-header-display":"","ast-hfb-above-header-display":"","ast-hfb-below-header-display":"","ast-hfb-mobile-header-display":"","site-post-title":"","ast-breadcrumbs-content":"","ast-featured-img":"","footer-sml-layout":"","theme-transparent-header-meta":"","adv-header-id-meta":"","stick-header-meta":"","header-above-stick-meta":"","header-main-stick-meta":"","header-below-stick-meta":"","astra-migrate-meta-layouts":"default","ast-page-background-enabled":"default","ast-page-background-meta":{"desktop":{"background-color":"var(--ast-global-color-4)","background-image":"","background-repeat":"repeat","background-position":"center center","background-size":"auto","background-attachment":"scroll","background-type":"","background-media":"","overlay-type":"","overlay-color":"","overlay-opacity":"","overlay-gradient":""},"tablet":{"background-color":"","background-image":"","background-repeat":"repeat","background-position":"center center","background-size":"auto","background-attachment":"scroll","background-type":"","background-media":"","overlay-type":"","overlay-color":"","overlay-opacity":"","overlay-gradient":""},"mobile":{"background-color":"","background-image":"","background-repeat":"repeat","background-position":"center center","background-size":"auto","background-attachment":"scroll","background-type":"","background-media":"","overlay-type":"","overlay-color":"","overlay-opacity":"","overlay-gradient":""}},"ast-content-background-meta":{"desktop":{"background-color":"var(--ast-global-color-5)","background-image":"","background-repeat":"repeat","background-position":"center center","background-size":"auto","background-attachment":"scroll","background-type":"","background-media":"","overlay-type":"","overlay-color":"","overlay-opacity":"","overlay-gradient":""},"tablet":{"background-color":"var(--ast-global-color-5)","background-image":"","background-repeat":"repeat","background-position":"center center","background-size":"auto","background-attachment":"scroll","background-type":"","background-media":"","overlay-type":"","overlay-color":"","overlay-opacity":"","overlay-gradient":""},"mobile":{"background-color":"var(--ast-global-color-5)","background-image":"","background-repeat":"repeat","background-position":"center center","background-size":"auto","background-attachment":"scroll","background-type":"","background-media":"","overlay-type":"","overlay-color":"","overlay-opacity":"","overlay-gradient":""}},"footnotes":""},"categories":[8],"tags":[19015,645],"class_list":["post-59595","post","type-post","status-publish","format-standard","has-post-thumbnail","hentry","category-noticias","tag-el-camino-de-mexico","tag-marcelo-ebrard"],"_links":{"self":[{"href":"https:\/\/losperiodistas.com.mx\/portal\/wp-json\/wp\/v2\/posts\/59595","targetHints":{"allow":["GET"]}}],"collection":[{"href":"https:\/\/losperiodistas.com.mx\/portal\/wp-json\/wp\/v2\/posts"}],"about":[{"href":"https:\/\/losperiodistas.com.mx\/portal\/wp-json\/wp\/v2\/types\/post"}],"author":[{"embeddable":true,"href":"https:\/\/losperiodistas.com.mx\/portal\/wp-json\/wp\/v2\/users\/1"}],"replies":[{"embeddable":true,"href":"https:\/\/losperiodistas.com.mx\/portal\/wp-json\/wp\/v2\/comments?post=59595"}],"version-history":[{"count":1,"href":"https:\/\/losperiodistas.com.mx\/portal\/wp-json\/wp\/v2\/posts\/59595\/revisions"}],"predecessor-version":[{"id":59597,"href":"https:\/\/losperiodistas.com.mx\/portal\/wp-json\/wp\/v2\/posts\/59595\/revisions\/59597"}],"wp:featuredmedia":[{"embeddable":true,"href":"https:\/\/losperiodistas.com.mx\/portal\/wp-json\/wp\/v2\/media\/59596"}],"wp:attachment":[{"href":"https:\/\/losperiodistas.com.mx\/portal\/wp-json\/wp\/v2\/media?parent=59595"}],"wp:term":[{"taxonomy":"category","embeddable":true,"href":"https:\/\/losperiodistas.com.mx\/portal\/wp-json\/wp\/v2\/categories?post=59595"},{"taxonomy":"post_tag","embeddable":true,"href":"https:\/\/losperiodistas.com.mx\/portal\/wp-json\/wp\/v2\/tags?post=59595"}],"curies":[{"name":"wp","href":"https:\/\/api.w.org\/{rel}","templated":true}]}}