{"id":59587,"date":"2023-09-23T07:54:51","date_gmt":"2023-09-23T12:54:51","guid":{"rendered":"http:\/\/losperiodistas.com.mx\/portal\/?p=59587"},"modified":"2023-09-23T07:54:53","modified_gmt":"2023-09-23T12:54:53","slug":"rodrigoabdala-renunciara-a-fin-de-mes-para-buscar-candidatura-de-morena-angulo-7","status":"publish","type":"post","link":"https:\/\/losperiodistas.com.mx\/portal\/rodrigoabdala-renunciara-a-fin-de-mes-para-buscar-candidatura-de-morena-angulo-7\/","title":{"rendered":"#RodrigoAbdala renunciar\u00e1 a fin de mes para buscar candidatura de Morena\u00a0| Angulo 7"},"content":{"rendered":"\n<figure class=\"wp-block-image size-full is-style-default\"><img fetchpriority=\"high\" decoding=\"async\" width=\"620\" height=\"330\" src=\"https:\/\/losperiodistas.com.mx\/portal\/wp-content\/uploads\/2023\/09\/WhatsApp-Image-2023-09-22-at-6.19.40-PM.jpeg\" alt=\"\" class=\"wp-image-59588\" srcset=\"https:\/\/losperiodistas.com.mx\/portal\/wp-content\/uploads\/2023\/09\/WhatsApp-Image-2023-09-22-at-6.19.40-PM.jpeg 620w, https:\/\/losperiodistas.com.mx\/portal\/wp-content\/uploads\/2023\/09\/WhatsApp-Image-2023-09-22-at-6.19.40-PM-300x160.jpeg 300w\" sizes=\"(max-width: 620px) 100vw, 620px\" \/><figcaption><em>Foto: EsImagen<\/em><\/figcaption><\/figure>\n\n\n\n<p class=\"has-vivid-red-color has-text-color has-medium-font-size\"><strong>EDGAR GUZM\u00c1N URIBE \/ \u00c1NGULO 7<\/strong><\/p>\n\n\n\n<p><strong>Rodrigo Abdala Dartigues, delegado de los programas federales del Bienestar,<\/strong>&nbsp;se\u00f1al\u00f3 que ser\u00e1 a fin de mes cuando deje el cargo, ya que entre lunes y martes se registrar\u00e1 para la candidatura a la gubernatura de Puebla con Morena.<\/p>\n\n\n\n<p>En entrevista, tras la presentaci\u00f3n de los resultados del combate a la pobreza multidimensional, coment\u00f3 que si bien la convocatoria que emiti\u00f3&nbsp;<strong>el Comit\u00e9 Ejecutivo Nacional (CNE) del Movimiento de Regeneraci\u00f3n Nacional (Morena)<\/strong>&nbsp;<a href=\"https:\/\/www.angulo7.com.mx\/2023\/09\/19\/en-morena-mediran-2-hombres-y-2-mujeres-no-tendran-que-renunciar\">no obliga a renunciar a los aspirantes,<\/a>&nbsp;\u00e9l s\u00ed lo har\u00e1.<\/p>\n\n\n\n<p>\u201cEs en l\u00ednea y tengan por seguro que s\u00ed me voy a registrar, p<strong>or eso lo m\u00e1s seguro es que me separe del cargo,<\/strong>&nbsp;no por una cuesti\u00f3n de prohibici\u00f3n, sino de sanidad en las acciones y no crear interpretaciones que puedan ser equivocadas. Yo creo que ser\u00e1 por ah\u00ed del 28 o 29, a finales de este mes), expres\u00f3.<\/p>\n\n\n\n<p>Dijo que no depende de \u00e9l designar a la persona que se quede en el cargo, pero hizo \u00e9nfasis en que cualquiera de las personas que est\u00e1n dentro de la delegaci\u00f3n\u00a0<strong>hay \u201cequipo suficiente\u201d para continuar con el trabajo<\/strong>\u00a0que est\u00e1 haciendo la dependencia en el estado.<\/p>\n\n\n\n<p>Manifest\u00f3 que esto igual depender\u00e1 de lo que se d\u00e9 en el Consejo Estatal, que est\u00e1 programada p<strong>ara el jueves a las 6 de la tarde en el Centro Expositor,<\/strong>&nbsp;del cual tendr\u00e1n que salir las cuatro propuestas (dos hombres y dos mujeres) como parte del proceso.<\/p>\n\n\n\n<p>En ese tenor,&nbsp;<strong>Abdala Dartigues coment\u00f3 que, aunque \u00e9l se vaya de la delegaci\u00f3n, el trabajo no se detiene<\/strong>, toda vez que ya se tiene una planeaci\u00f3n por lo que resta del a\u00f1o y para iniciar el 2024 y la labor que se hace debe continuar \u201csin alg\u00fan regateo\u201d.<\/p>\n\n\n\n<p>ERG<\/p>\n\n\n\n<p>Fuente: <a href=\"https:\/\/www.angulo7.com.mx\/2023\/09\/22\/renuncia-a-fin-de-mes-para-buscar-candidatura-de-morena-abdala\/\">https:\/\/www.angulo7.com.mx\/2023\/09\/22\/renuncia-a-fin-de-mes-para-buscar-candidatura-de-morena-abdala\/<\/a><\/p>\n\n\n\n<p><a href=\"https:\/\/t.me\/LosPeriodistasLive\">S\u00edguenos en Telegram: Los Periodistas<\/a><\/p>\n","protected":false},"excerpt":{"rendered":"<p>EDGAR GUZM\u00c1N URIBE \/ \u00c1NGULO 7 Rodrigo Abdala Dartigues, delegado de los programas federales del Bienestar,&nbsp;se\u00f1al\u00f3 que ser\u00e1 a fin [&hellip;]<\/p>\n","protected":false},"author":1,"featured_media":59588,"comment_status":"open","ping_status":"open","sticky":false,"template":"","format":"standard","meta":{"site-sidebar-layout":"default","site-content-layout":"","ast-site-content-layout":"default","site-content-style":"default","site-sidebar-style":"default","ast-global-header-display":"","ast-banner-title-visibility":"","ast-main-header-display":"","ast-hfb-above-header-display":"","ast-hfb-below-header-display":"","ast-hfb-mobile-header-display":"","site-post-title":"","ast-breadcrumbs-content":"","ast-featured-img":"","footer-sml-layout":"","theme-transparent-header-meta":"","adv-header-id-meta":"","stick-header-meta":"","header-above-stick-meta":"","header-main-stick-meta":"","header-below-stick-meta":"","astra-migrate-meta-layouts":"default","ast-page-background-enabled":"default","ast-page-background-meta":{"desktop":{"background-color":"var(--ast-global-color-4)","background-image":"","background-repeat":"repeat","background-position":"center center","background-size":"auto","background-attachment":"scroll","background-type":"","background-media":"","overlay-type":"","overlay-color":"","overlay-opacity":"","overlay-gradient":""},"tablet":{"background-color":"","background-image":"","background-repeat":"repeat","background-position":"center center","background-size":"auto","background-attachment":"scroll","background-type":"","background-media":"","overlay-type":"","overlay-color":"","overlay-opacity":"","overlay-gradient":""},"mobile":{"background-color":"","background-image":"","background-repeat":"repeat","background-position":"center center","background-size":"auto","background-attachment":"scroll","background-type":"","background-media":"","overlay-type":"","overlay-color":"","overlay-opacity":"","overlay-gradient":""}},"ast-content-background-meta":{"desktop":{"background-color":"var(--ast-global-color-5)","background-image":"","background-repeat":"repeat","background-position":"center center","background-size":"auto","background-attachment":"scroll","background-type":"","background-media":"","overlay-type":"","overlay-color":"","overlay-opacity":"","overlay-gradient":""},"tablet":{"background-color":"var(--ast-global-color-5)","background-image":"","background-repeat":"repeat","background-position":"center center","background-size":"auto","background-attachment":"scroll","background-type":"","background-media":"","overlay-type":"","overlay-color":"","overlay-opacity":"","overlay-gradient":""},"mobile":{"background-color":"var(--ast-global-color-5)","background-image":"","background-repeat":"repeat","background-position":"center center","background-size":"auto","background-attachment":"scroll","background-type":"","background-media":"","overlay-type":"","overlay-color":"","overlay-opacity":"","overlay-gradient":""}},"footnotes":""},"categories":[8],"tags":[15580,16088],"class_list":["post-59587","post","type-post","status-publish","format-standard","has-post-thumbnail","hentry","category-noticias","tag-rodrigoabdala","tag-bienestar-puebla"],"_links":{"self":[{"href":"https:\/\/losperiodistas.com.mx\/portal\/wp-json\/wp\/v2\/posts\/59587","targetHints":{"allow":["GET"]}}],"collection":[{"href":"https:\/\/losperiodistas.com.mx\/portal\/wp-json\/wp\/v2\/posts"}],"about":[{"href":"https:\/\/losperiodistas.com.mx\/portal\/wp-json\/wp\/v2\/types\/post"}],"author":[{"embeddable":true,"href":"https:\/\/losperiodistas.com.mx\/portal\/wp-json\/wp\/v2\/users\/1"}],"replies":[{"embeddable":true,"href":"https:\/\/losperiodistas.com.mx\/portal\/wp-json\/wp\/v2\/comments?post=59587"}],"version-history":[{"count":1,"href":"https:\/\/losperiodistas.com.mx\/portal\/wp-json\/wp\/v2\/posts\/59587\/revisions"}],"predecessor-version":[{"id":59589,"href":"https:\/\/losperiodistas.com.mx\/portal\/wp-json\/wp\/v2\/posts\/59587\/revisions\/59589"}],"wp:featuredmedia":[{"embeddable":true,"href":"https:\/\/losperiodistas.com.mx\/portal\/wp-json\/wp\/v2\/media\/59588"}],"wp:attachment":[{"href":"https:\/\/losperiodistas.com.mx\/portal\/wp-json\/wp\/v2\/media?parent=59587"}],"wp:term":[{"taxonomy":"category","embeddable":true,"href":"https:\/\/losperiodistas.com.mx\/portal\/wp-json\/wp\/v2\/categories?post=59587"},{"taxonomy":"post_tag","embeddable":true,"href":"https:\/\/losperiodistas.com.mx\/portal\/wp-json\/wp\/v2\/tags?post=59587"}],"curies":[{"name":"wp","href":"https:\/\/api.w.org\/{rel}","templated":true}]}}