{"id":59584,"date":"2023-09-23T07:41:49","date_gmt":"2023-09-23T12:41:49","guid":{"rendered":"http:\/\/losperiodistas.com.mx\/portal\/?p=59584"},"modified":"2023-09-23T07:41:54","modified_gmt":"2023-09-23T12:41:54","slug":"ana-tere-aranda-contra-mas-morenistas-denunciara-por-delitos-electorales-e-consulta","status":"publish","type":"post","link":"https:\/\/losperiodistas.com.mx\/portal\/ana-tere-aranda-contra-mas-morenistas-denunciara-por-delitos-electorales-e-consulta\/","title":{"rendered":"Ana Tere Aranda, contra m\u00e1s morenistas; denunciar\u00e1 por delitos electorales | E-Consulta"},"content":{"rendered":"\n<p class=\"has-medium-font-size\">La panista dijo que en lugar de invitar a Marko Cort\u00e9s a comer chiles en nogada, lo invitar\u00e1 a ver sus resultados legislativos y experiencia pol\u00edtica para ser la candidata a la alcald\u00eda de Puebla<\/p>\n\n\n\n<figure class=\"wp-block-image size-full is-style-default\"><img fetchpriority=\"high\" decoding=\"async\" width=\"640\" height=\"426\" src=\"https:\/\/losperiodistas.com.mx\/portal\/wp-content\/uploads\/2023\/09\/ana_tere_aranda_contra_mas_morenistas_denunciara_por_delitos_electorales.jpg\" alt=\"\" class=\"wp-image-59585\" srcset=\"https:\/\/losperiodistas.com.mx\/portal\/wp-content\/uploads\/2023\/09\/ana_tere_aranda_contra_mas_morenistas_denunciara_por_delitos_electorales.jpg 640w, https:\/\/losperiodistas.com.mx\/portal\/wp-content\/uploads\/2023\/09\/ana_tere_aranda_contra_mas_morenistas_denunciara_por_delitos_electorales-300x200.jpg 300w\" sizes=\"(max-width: 640px) 100vw, 640px\" \/><figcaption>Foto \/ Especial<br><br><a href=\"https:\/\/www.facebook.com\/sharer\/sharer.php?u=https:\/\/www.e-consulta.com\/nota\/2023-09-22\/elecciones\/ana-tere-aranda-contra-mas-morenistas-denunciara-por-delitos-electorales\" target=\"_blank\" rel=\"noreferrer noopener\"><\/a><a href=\"https:\/\/twitter.com\/intent\/tweet?text=Ana%20Tere%20Aranda%2C%20contra%20m%C3%A1s%20morenistas%3B%20denunciar%C3%A1%20por%20delitos%20electorales&amp;url=https:\/\/www.e-consulta.com\/nota\/2023-09-22\/elecciones\/ana-tere-aranda-contra-mas-morenistas-denunciara-por-delitos-electorales&amp;via=e_consulta\" target=\"_blank\" rel=\"noreferrer noopener\"><\/a><a href=\"whatsapp:\/\/send?text=Ana%20Tere%20Aranda%2C%20contra%20m%C3%A1s%20morenistas%3B%20denunciar%C3%A1%20por%20delitos%20electorales%20-%20[Leer]%20https:\/\/www.e-consulta.com\/nota\/2023-09-22\/elecciones\/ana-tere-aranda-contra-mas-morenistas-denunciara-por-delitos-electorales\"><\/a><a href=\"\/\/www.e-consulta.com\/nota\/2023-09-22\/elecciones\/ana-tere-aranda-contra-mas-morenistas-denunciara-por-delitos-electorales\" target=\"_blank\" rel=\"noreferrer noopener\"><\/a><\/figcaption><\/figure>\n\n\n\n<p class=\"has-vivid-red-color has-text-color has-medium-font-size\"><strong>ANAID PI\u00d1AS \/ E-CONSULTA<\/strong><\/p>\n\n\n\n<p>La diputada federal panista,&nbsp;<strong><a href=\"https:\/\/www.e-consulta.com\/nota\/2023-09-20\/elecciones\/ana-teresa-aranda-busca-alcaldia-capitalina\" target=\"_blank\" rel=\"noreferrer noopener\">Ana Teresa Aranda Orozco<\/a><\/strong>, atender\u00e1 la petici\u00f3n del presidente nacional del Partido Acci\u00f3n Nacional (PAN),&nbsp;<strong>Marko Cort\u00e9s Mendoza<\/strong>, y&nbsp;<strong>denunciar\u00e1<\/strong>&nbsp;a m\u00e1s aspirantes de&nbsp;<strong>Morena<\/strong>&nbsp;a la gubernatura de Puebla, por la comisi\u00f3n de diversos&nbsp;<strong>delitos electorales<\/strong>, entre ellos,&nbsp;<strong>actos anticipados de campa\u00f1a<\/strong>.<\/p>\n\n\n\n<p>En\u00a0<strong>entrevista<\/strong>, tras acompa\u00f1ar al alcalde\u00a0<strong>Eduardo Rivera P\u00e9rez<\/strong>\u00a0a la puesta en marcha del Centro de Operaci\u00f3n Digital, dijo que las\u00a0<strong>pr\u00f3ximas denuncias<\/strong>\u00a0ir\u00e1n en contra del senador\u00a0<strong>Alejandro Armenta Mier<\/strong>; el exsecretario de Gobernaci\u00f3n,\u00a0<strong>Julio Miguel Huerta G\u00f3mez<\/strong>; y la extitular de la Secretar\u00eda de Econom\u00eda,\u00a0<strong>Olivia Salom\u00f3n Vivaldo<\/strong>.<\/p>\n\n\n\n<figure class=\"wp-block-embed is-type-rich is-provider-twitter wp-block-embed-twitter\"><div class=\"wp-block-embed__wrapper\">\nhttps:\/\/twitter.com\/e_consulta\/status\/1705246765878784351?ref_src=twsrc%5Etfw%7Ctwcamp%5Etweetembed%7Ctwterm%5E1705246765878784351%7Ctwgr%5Ee0667395774195b00292f4c18853b91bf5cb438f%7Ctwcon%5Es1_c10&#038;ref_url=https%3A%2F%2Fwww.e-consulta.com%2Fnota%2F2023-09-22%2Felecciones%2Fana-tere-aranda-contra-mas-morenistas-denunciara-por-delitos-electorales\n<\/div><\/figure>\n\n\n\n<p>Explic\u00f3 que ya se encuentra en la&nbsp;<strong>conformaci\u00f3n de los expedientes<\/strong>, con&nbsp;<strong>pruebas fotogr\u00e1ficas<\/strong>&nbsp;para acompa\u00f1ar las&nbsp;<strong>quejas<\/strong>&nbsp;que promover\u00e1 ante el&nbsp;<strong>Instituto Electoral del Estado<\/strong>&nbsp;(IEE) de Puebla, por&nbsp;<strong>uso indebido de recursos<\/strong>&nbsp;y promoci\u00f3n personalizada, por&nbsp;<strong><a href=\"https:\/\/www.e-consulta.com\/nota\/2023-09-21\/politica\/ana-teresa-aranda-denuncia-nuevos-espectaculares-favor-de-ignacio-mier\" target=\"_blank\" rel=\"noreferrer noopener\">colocaci\u00f3n de espectaculares<\/a><\/strong>&nbsp;y&nbsp;<strong>pinta de bardas<\/strong>.<\/p>\n\n\n\n<p>Te puede interesar:<\/p>\n\n\n\n<p><a href=\"https:\/\/www.e-consulta.com\/nota\/2023-09-20\/elecciones\/no-es-guerra-sucia-responde-ana-teresa-aranda-ignacio-mier\">No es guerra sucia: responde Ana Teresa Aranda a Ignacio Mier<\/a><\/p>\n\n\n\n<p>Aranda Orozco destac\u00f3 que en el caso particular de\u00a0<strong>Armenta Mier,<\/strong>\u00a0ser\u00e1 m\u00e1s complicado comprobar que ha cometido\u00a0<strong>delitos electorales<\/strong>, ya que existe una resoluci\u00f3n en el Tribunal Electoral del Poder Judicial de la Federaci\u00f3n (TEPJF) que exenta la\u00a0<strong>promoci\u00f3n de libros<\/strong>\u00a0como\u00a0<strong>acto anticipado de campa\u00f1a<\/strong>.\u201cHay que decirle a\u00a0<strong>Armenta<\/strong>, a\u00a0<strong>Julio<\/strong>\u00a0y a\u00a0<strong>Olivia<\/strong>\u00a0que no dejen de preocuparse porque\u00a0<strong>a cada capillita le va a llegar su fiestecita<\/strong>. Naturalmente que primero hicimos la denuncia del gasto exorbitante de\u00a0<strong>Nacho Mier<\/strong>\u00a0porque es el que tiene m\u00e1s espectaculares (\u2026) Ya estamos haciendo la\u00a0<strong>recopilaci\u00f3n de datos<\/strong>\u201d, detall\u00f3.<\/p>\n\n\n\n<figure class=\"wp-block-embed is-type-video is-provider-youtube wp-block-embed-youtube wp-embed-aspect-16-9 wp-has-aspect-ratio\"><div class=\"wp-block-embed__wrapper\">\n<iframe title=\"No es guerra sucia, responde Aranda a Mier\" width=\"500\" height=\"281\" src=\"https:\/\/www.youtube.com\/embed\/UvMNGJHG2TA?feature=oembed\" frameborder=\"0\" allow=\"accelerometer; autoplay; clipboard-write; encrypted-media; gyroscope; picture-in-picture; web-share\" referrerpolicy=\"strict-origin-when-cross-origin\" allowfullscreen><\/iframe>\n<\/div><\/figure>\n\n\n\n<p><\/p>\n\n\n\n<p>Record\u00f3 que el&nbsp;<strong>primero en ser denunciado<\/strong>&nbsp;fue el diputado federal morenista&nbsp;<strong>Ignacio Mier Velazco,<\/strong>&nbsp;al ser la corcholata estatal que m\u00e1s ha invertido en la&nbsp;<strong>promoci\u00f3n de su imagen<\/strong>, sin justificar el origen de los recursos, vinculando su nombre al partido&nbsp;<strong>Morena<\/strong>&nbsp;y haciendo un llamado a participar en la&nbsp;<strong>elecci\u00f3n de 2024<\/strong>, lo que&nbsp;<strong>viola los ordenamientos electorales<\/strong>.<\/p>\n\n\n\n<p>Dijo que el d\u00eda de ayer (jueves 21 de septiembre) present\u00f3 otra queja en su contra, misma que acompa\u00f1\u00f3 con\u00a0<strong>380 evidencias<\/strong>, que sumadas a las anteriores tendr\u00eda m\u00e1s de mil 600 pruebas de sus\u00a0<strong>actos anticipados de campa\u00f1a<\/strong>\u00a0en poder del IEE.<\/p>\n\n\n\n<h2 class=\"wp-block-heading\"><strong>Se asume como el mejor cuadro a la alcald\u00eda de Puebla<\/strong><\/h2>\n\n\n\n<p>En otro tema,&nbsp;<strong>Ana Teresa Aranda Orozco<\/strong>&nbsp;dijo que cuenta con los&nbsp;<strong>resultados legislativos<\/strong>&nbsp;y experiencia pol\u00edtica y de servicio p\u00fablico suficientes para ser la&nbsp;<strong>candidata a la presidencia municipal de Puebla<\/strong>&nbsp;por el PAN y abanderar al bloque opositor en la elecci\u00f3n de 2024.<\/p>\n\n\n\n<p>Tambi\u00e9n&nbsp;<strong>minimiz\u00f3 la reuni\u00f3n que tuvo Mario Riestra Pi\u00f1a<\/strong>, su compa\u00f1ero en San L\u00e1zaro y aspirante al mismo cargo, con el presidente nacional del partido,&nbsp;<strong>Marko Cort\u00e9s Mendoza<\/strong>, pues dijo que cada quien tiene \u201csus propias estrategias\u201d de posicionamiento.<\/p>\n\n\n\n<p>\u201cYo normalmente\u00a0<strong>trabajo en planito<\/strong>\u00a0(\u2026) Yo m\u00e1s que invitar al presidente a\u00a0<strong>comer un chile en nogada<\/strong>\u00a0lo que quiero es hacer mi trabajo para que eso\u00a0<strong>se refleje en las encuestas<\/strong>\u00a0y mis n\u00fameros me permitan contender a la alcald\u00eda\u201d, coment\u00f3 la legisladora.<\/p>\n\n\n\n<p>No obstante, dijo que entiende que, derivado del momento pol\u00edtico por el que est\u00e1 atravesando el pa\u00eds, los\u00a0<strong>panistas<\/strong>\u00a0est\u00e1n llamados\u00a0<strong>a trabajar sin ego\u00edsmos ni mezquindades<\/strong>, y que en caso de que no sea favorecida con las decisiones de su partido y del Frente Amplio por Puebla\u00a0<strong>se sumar\u00e1 al proyecto del elegido<\/strong>.<\/p>\n\n\n\n<p>Fuente: <a href=\"https:\/\/www.e-consulta.com\/nota\/2023-09-22\/elecciones\/ana-tere-aranda-contra-mas-morenistas-denunciara-por-delitos-electorales\">https:\/\/www.e-consulta.com\/nota\/2023-09-22\/elecciones\/ana-tere-aranda-contra-mas-morenistas-denunciara-por-delitos-electorales<\/a><\/p>\n","protected":false},"excerpt":{"rendered":"<p>La panista dijo que en lugar de invitar a Marko Cort\u00e9s a comer chiles en nogada, lo invitar\u00e1 a ver [&hellip;]<\/p>\n","protected":false},"author":1,"featured_media":59585,"comment_status":"open","ping_status":"open","sticky":false,"template":"","format":"standard","meta":{"site-sidebar-layout":"default","site-content-layout":"","ast-site-content-layout":"default","site-content-style":"default","site-sidebar-style":"default","ast-global-header-display":"","ast-banner-title-visibility":"","ast-main-header-display":"","ast-hfb-above-header-display":"","ast-hfb-below-header-display":"","ast-hfb-mobile-header-display":"","site-post-title":"","ast-breadcrumbs-content":"","ast-featured-img":"","footer-sml-layout":"","theme-transparent-header-meta":"","adv-header-id-meta":"","stick-header-meta":"","header-above-stick-meta":"","header-main-stick-meta":"","header-below-stick-meta":"","astra-migrate-meta-layouts":"default","ast-page-background-enabled":"default","ast-page-background-meta":{"desktop":{"background-color":"var(--ast-global-color-4)","background-image":"","background-repeat":"repeat","background-position":"center center","background-size":"auto","background-attachment":"scroll","background-type":"","background-media":"","overlay-type":"","overlay-color":"","overlay-opacity":"","overlay-gradient":""},"tablet":{"background-color":"","background-image":"","background-repeat":"repeat","background-position":"center center","background-size":"auto","background-attachment":"scroll","background-type":"","background-media":"","overlay-type":"","overlay-color":"","overlay-opacity":"","overlay-gradient":""},"mobile":{"background-color":"","background-image":"","background-repeat":"repeat","background-position":"center center","background-size":"auto","background-attachment":"scroll","background-type":"","background-media":"","overlay-type":"","overlay-color":"","overlay-opacity":"","overlay-gradient":""}},"ast-content-background-meta":{"desktop":{"background-color":"var(--ast-global-color-5)","background-image":"","background-repeat":"repeat","background-position":"center center","background-size":"auto","background-attachment":"scroll","background-type":"","background-media":"","overlay-type":"","overlay-color":"","overlay-opacity":"","overlay-gradient":""},"tablet":{"background-color":"var(--ast-global-color-5)","background-image":"","background-repeat":"repeat","background-position":"center center","background-size":"auto","background-attachment":"scroll","background-type":"","background-media":"","overlay-type":"","overlay-color":"","overlay-opacity":"","overlay-gradient":""},"mobile":{"background-color":"var(--ast-global-color-5)","background-image":"","background-repeat":"repeat","background-position":"center center","background-size":"auto","background-attachment":"scroll","background-type":"","background-media":"","overlay-type":"","overlay-color":"","overlay-opacity":"","overlay-gradient":""}},"footnotes":""},"categories":[8],"tags":[12410,3642,5110,17389,15829,725,6094,9064],"class_list":["post-59584","post","type-post","status-publish","format-standard","has-post-thumbnail","hentry","category-noticias","tag-actos-anticipados-de-campana","tag-alejandro-armenta","tag-ana-tere-aranda","tag-frente-amplio-por-puebla","tag-julio-huerta","tag-morena-puebla","tag-olivia-salomon","tag-puebla-elecciones-2024"],"_links":{"self":[{"href":"https:\/\/losperiodistas.com.mx\/portal\/wp-json\/wp\/v2\/posts\/59584","targetHints":{"allow":["GET"]}}],"collection":[{"href":"https:\/\/losperiodistas.com.mx\/portal\/wp-json\/wp\/v2\/posts"}],"about":[{"href":"https:\/\/losperiodistas.com.mx\/portal\/wp-json\/wp\/v2\/types\/post"}],"author":[{"embeddable":true,"href":"https:\/\/losperiodistas.com.mx\/portal\/wp-json\/wp\/v2\/users\/1"}],"replies":[{"embeddable":true,"href":"https:\/\/losperiodistas.com.mx\/portal\/wp-json\/wp\/v2\/comments?post=59584"}],"version-history":[{"count":1,"href":"https:\/\/losperiodistas.com.mx\/portal\/wp-json\/wp\/v2\/posts\/59584\/revisions"}],"predecessor-version":[{"id":59586,"href":"https:\/\/losperiodistas.com.mx\/portal\/wp-json\/wp\/v2\/posts\/59584\/revisions\/59586"}],"wp:featuredmedia":[{"embeddable":true,"href":"https:\/\/losperiodistas.com.mx\/portal\/wp-json\/wp\/v2\/media\/59585"}],"wp:attachment":[{"href":"https:\/\/losperiodistas.com.mx\/portal\/wp-json\/wp\/v2\/media?parent=59584"}],"wp:term":[{"taxonomy":"category","embeddable":true,"href":"https:\/\/losperiodistas.com.mx\/portal\/wp-json\/wp\/v2\/categories?post=59584"},{"taxonomy":"post_tag","embeddable":true,"href":"https:\/\/losperiodistas.com.mx\/portal\/wp-json\/wp\/v2\/tags?post=59584"}],"curies":[{"name":"wp","href":"https:\/\/api.w.org\/{rel}","templated":true}]}}