{"id":59579,"date":"2023-09-23T07:32:17","date_gmt":"2023-09-23T12:32:17","guid":{"rendered":"http:\/\/losperiodistas.com.mx\/portal\/?p=59579"},"modified":"2023-09-23T07:32:20","modified_gmt":"2023-09-23T12:32:20","slug":"inicio-el-otono-en-mexico-n","status":"publish","type":"post","link":"https:\/\/losperiodistas.com.mx\/portal\/inicio-el-otono-en-mexico-n\/","title":{"rendered":"Inici\u00f3 el Oto\u00f1o en M\u00e9xico | N+"},"content":{"rendered":"\n<p class=\"has-white-color has-text-color has-background has-medium-font-size\" style=\"background-color:#965c16\">El oto\u00f1o 2023 durar\u00e1 aproximadamente 89 d\u00edas y 21 horas y terminar\u00e1 el 22 de diciembre con el comienzo del invierno<\/p>\n\n\n\n<figure class=\"wp-block-image size-full is-style-default\"><img fetchpriority=\"high\" decoding=\"async\" width=\"734\" height=\"413\" src=\"https:\/\/losperiodistas.com.mx\/portal\/wp-content\/uploads\/2023\/09\/otono-estacion-mexico.jpg\" alt=\"\" class=\"wp-image-59582\" srcset=\"https:\/\/losperiodistas.com.mx\/portal\/wp-content\/uploads\/2023\/09\/otono-estacion-mexico.jpg 734w, https:\/\/losperiodistas.com.mx\/portal\/wp-content\/uploads\/2023\/09\/otono-estacion-mexico-300x169.jpg 300w\" sizes=\"(max-width: 734px) 100vw, 734px\" \/><figcaption>El inicio del oto\u00f1o, el s\u00e1bado 23 de septiembre, traer\u00e1 chubascos en territorios de Jalisco, Colima, Michoac\u00e1n, Guerrero, Oaxaca, Chiapas, Yucat\u00e1n y Quintana Roo.(Bloomberg\/Cesar Rodriguez)<\/figcaption><\/figure>\n\n\n\n<p class=\"has-vivid-red-color has-text-color has-medium-font-size\"><strong>REDACCI\u00d3 N+<\/strong><\/p>\n\n\n\n<p>El equinoccio de&nbsp;<strong>oto\u00f1o de 2023<\/strong>&nbsp;en el hemisferio norte comenzar\u00e1 el s\u00e1bado&nbsp;<strong>23 de septiembre&nbsp;<\/strong>a las 00:49 horas, tiempo del centro de M\u00e9xico, inform\u00f3 la Universidad Nacional Aut\u00f3noma de M\u00e9xico (UNAM) en la revista Global.<\/p>\n\n\n\n<p>Esta estaci\u00f3n durar\u00e1 aproximadamente 89 d\u00edas y 21 horas y terminar\u00e1 el 22 de diciembre de 2023 con el comienzo del&nbsp;<strong>invierno<\/strong>.<\/p>\n\n\n\n<p>El inicio del\u00a0<strong>oto\u00f1o<\/strong>\u00a0en el hemisferio norte est\u00e1 definido por el instante en que la\u00a0<strong>Tierra\u00a0<\/strong>pasa por el punto de su \u00f3rbita desde el cual el centro del\u00a0<strong>Sol\u00a0<\/strong>cruza el ecuador celeste en su movimiento aparente hacia el sur.\u00a0<\/p>\n\n\n\n<p>Cuando esto sucede la duraci\u00f3n del d\u00eda y la noche pr\u00e1cticamente coinciden. A esta circunstancia se le llama tambi\u00e9n&nbsp;<strong>equinoccio de oto\u00f1o<\/strong>.<\/p>\n\n\n\n<p>En el momento en que el&nbsp;<strong>oto\u00f1o<\/strong>&nbsp;comienza en el hemisferio norte, en el hemisferio sur inicia la&nbsp;<strong>primavera<\/strong>.<\/p>\n\n\n\n<p>Durante\u00a0<strong>el oto\u00f1o de 2023<\/strong>\u00a0tendr\u00e1n lugar\u00a0<strong>dos eclipses<\/strong>, uno de Sol y otro de Luna. El\u00a0<strong>eclipse de Sol\u00a0<\/strong>suceder\u00e1 el 14 de octubre, ser\u00e1 de tipo anular y se ver\u00e1 en Am\u00e9rica.\u00a0<\/p>\n\n\n\n<p>El&nbsp;<strong>eclipse de Luna&nbsp;<\/strong>suceder\u00e1 el 28 de octubre, ser\u00e1 de tipo parcial, y se ver\u00e1 en el este de Am\u00e9rica, Europa, \u00c1frica, Asia y Australia.&nbsp;<\/p>\n\n\n\n<p><strong>Noticia relacionada:<\/strong>&nbsp;<a href=\"https:\/\/www.nmas.com.mx\/estado-de-mexico\/equinoccio-2023-asi-reciben-su-llegada-en-sitios-arqueologicos-del-edomex\">As\u00ed Reciben el Equinoccio en Zonas Arqueol\u00f3gicas del Edomex<\/a><\/p>\n\n\n\n<p>Otros fen\u00f3menos de inter\u00e9s astron\u00f3mico durante el\u00a0<strong>oto\u00f1o de 2023<\/strong>\u00a0ser\u00e1n las lluvias de meteoros de las drac\u00f3nidas, cuyo m\u00e1ximo se espera hacia 8 de octubre; las ori\u00f3nidas, con m\u00e1ximo hacia el 21 de octubre; las le\u00f3nidas, con m\u00e1ximo hacia el 17 de noviembre y las gem\u00ednidas, con m\u00e1ximo hacia el 14 de diciembre.<\/p>\n\n\n\n<p>Las lunas llenas del&nbsp;<strong>oto\u00f1o<\/strong>&nbsp;tendr\u00e1n lugar el 29 de septiembre, el 28 de octubre y el 27 de noviembre.<\/p>\n\n\n\n<p>El inicio del&nbsp;<strong>oto\u00f1o<\/strong>&nbsp;puede darse en cuatro fechas distintas del calendario (del 21 al 24 de septiembre). A lo largo del siglo XXI el oto\u00f1o se iniciar\u00e1 en los d\u00edas 22 y 23 de septiembre, siendo su inicio m\u00e1s tempranero el del a\u00f1o 2096 y el inicio m\u00e1s tard\u00edo fue en 2003.&nbsp;<\/p>\n\n\n\n<p>Las variaciones de un a\u00f1o a otro son debidas al modo en que encaja la secuencia de a\u00f1os seg\u00fan el calendario (unos bisiestos, otros no) con la duraci\u00f3n de cada \u00f3rbita de la Tierra alrededor del Sol.<\/p>\n\n\n\n<p>El inicio del\u00a0<strong>oto\u00f1o<\/strong>\u00a0es la \u00e9poca del a\u00f1o en que la longitud del d\u00eda se acorta m\u00e1s r\u00e1pidamente.\u00a0<\/p>\n\n\n\n<p>Fuente: <a href=\"https:\/\/www.nmas.com.mx\/nacional\/otono-2023-mexico-cuando-empieza-equinoccio-horario\">https:\/\/www.nmas.com.mx\/nacional\/otono-2023-mexico-cuando-empieza-equinoccio-horario<\/a><\/p>\n","protected":false},"excerpt":{"rendered":"<p>El oto\u00f1o 2023 durar\u00e1 aproximadamente 89 d\u00edas y 21 horas y terminar\u00e1 el 22 de diciembre con el comienzo del [&hellip;]<\/p>\n","protected":false},"author":1,"featured_media":59582,"comment_status":"open","ping_status":"open","sticky":false,"template":"","format":"standard","meta":{"site-sidebar-layout":"default","site-content-layout":"","ast-site-content-layout":"default","site-content-style":"default","site-sidebar-style":"default","ast-global-header-display":"","ast-banner-title-visibility":"","ast-main-header-display":"","ast-hfb-above-header-display":"","ast-hfb-below-header-display":"","ast-hfb-mobile-header-display":"","site-post-title":"","ast-breadcrumbs-content":"","ast-featured-img":"","footer-sml-layout":"","theme-transparent-header-meta":"","adv-header-id-meta":"","stick-header-meta":"","header-above-stick-meta":"","header-main-stick-meta":"","header-below-stick-meta":"","astra-migrate-meta-layouts":"default","ast-page-background-enabled":"default","ast-page-background-meta":{"desktop":{"background-color":"var(--ast-global-color-4)","background-image":"","background-repeat":"repeat","background-position":"center center","background-size":"auto","background-attachment":"scroll","background-type":"","background-media":"","overlay-type":"","overlay-color":"","overlay-opacity":"","overlay-gradient":""},"tablet":{"background-color":"","background-image":"","background-repeat":"repeat","background-position":"center center","background-size":"auto","background-attachment":"scroll","background-type":"","background-media":"","overlay-type":"","overlay-color":"","overlay-opacity":"","overlay-gradient":""},"mobile":{"background-color":"","background-image":"","background-repeat":"repeat","background-position":"center center","background-size":"auto","background-attachment":"scroll","background-type":"","background-media":"","overlay-type":"","overlay-color":"","overlay-opacity":"","overlay-gradient":""}},"ast-content-background-meta":{"desktop":{"background-color":"var(--ast-global-color-5)","background-image":"","background-repeat":"repeat","background-position":"center center","background-size":"auto","background-attachment":"scroll","background-type":"","background-media":"","overlay-type":"","overlay-color":"","overlay-opacity":"","overlay-gradient":""},"tablet":{"background-color":"var(--ast-global-color-5)","background-image":"","background-repeat":"repeat","background-position":"center center","background-size":"auto","background-attachment":"scroll","background-type":"","background-media":"","overlay-type":"","overlay-color":"","overlay-opacity":"","overlay-gradient":""},"mobile":{"background-color":"var(--ast-global-color-5)","background-image":"","background-repeat":"repeat","background-position":"center center","background-size":"auto","background-attachment":"scroll","background-type":"","background-media":"","overlay-type":"","overlay-color":"","overlay-opacity":"","overlay-gradient":""}},"footnotes":""},"categories":[8],"tags":[19119],"class_list":["post-59579","post","type-post","status-publish","format-standard","has-post-thumbnail","hentry","category-noticias","tag-otono-mexico-2023"],"_links":{"self":[{"href":"https:\/\/losperiodistas.com.mx\/portal\/wp-json\/wp\/v2\/posts\/59579","targetHints":{"allow":["GET"]}}],"collection":[{"href":"https:\/\/losperiodistas.com.mx\/portal\/wp-json\/wp\/v2\/posts"}],"about":[{"href":"https:\/\/losperiodistas.com.mx\/portal\/wp-json\/wp\/v2\/types\/post"}],"author":[{"embeddable":true,"href":"https:\/\/losperiodistas.com.mx\/portal\/wp-json\/wp\/v2\/users\/1"}],"replies":[{"embeddable":true,"href":"https:\/\/losperiodistas.com.mx\/portal\/wp-json\/wp\/v2\/comments?post=59579"}],"version-history":[{"count":2,"href":"https:\/\/losperiodistas.com.mx\/portal\/wp-json\/wp\/v2\/posts\/59579\/revisions"}],"predecessor-version":[{"id":59583,"href":"https:\/\/losperiodistas.com.mx\/portal\/wp-json\/wp\/v2\/posts\/59579\/revisions\/59583"}],"wp:featuredmedia":[{"embeddable":true,"href":"https:\/\/losperiodistas.com.mx\/portal\/wp-json\/wp\/v2\/media\/59582"}],"wp:attachment":[{"href":"https:\/\/losperiodistas.com.mx\/portal\/wp-json\/wp\/v2\/media?parent=59579"}],"wp:term":[{"taxonomy":"category","embeddable":true,"href":"https:\/\/losperiodistas.com.mx\/portal\/wp-json\/wp\/v2\/categories?post=59579"},{"taxonomy":"post_tag","embeddable":true,"href":"https:\/\/losperiodistas.com.mx\/portal\/wp-json\/wp\/v2\/tags?post=59579"}],"curies":[{"name":"wp","href":"https:\/\/api.w.org\/{rel}","templated":true}]}}