{"id":59530,"date":"2023-09-22T07:44:10","date_gmt":"2023-09-22T12:44:10","guid":{"rendered":"http:\/\/losperiodistas.com.mx\/portal\/?p=59530"},"modified":"2023-09-22T07:44:12","modified_gmt":"2023-09-22T12:44:12","slug":"iglesia-buscara-dialogo-con-candidatos-para-combatir-violencia-en-el-pais-oem","status":"publish","type":"post","link":"https:\/\/losperiodistas.com.mx\/portal\/iglesia-buscara-dialogo-con-candidatos-para-combatir-violencia-en-el-pais-oem\/","title":{"rendered":"Iglesia buscar\u00e1 di\u00e1logo con candidatos para combatir violencia en el pa\u00eds | OEM"},"content":{"rendered":"\n<h3 class=\"has-medium-font-size wp-block-heading\">Se busca crear la Agenda Nacional por la Paz, en la que participar\u00e1n representantes de la Iglesia Cat\u00f3lica y dem\u00e1s religiones, as\u00ed como acad\u00e9micos y activistas<\/h3>\n\n\n\n<figure class=\"wp-block-image size-large is-style-default\"><img fetchpriority=\"high\" decoding=\"async\" width=\"1024\" height=\"752\" src=\"https:\/\/losperiodistas.com.mx\/portal\/wp-content\/uploads\/2023\/09\/Captura-de-Pantalla-2023-09-22-a-las-6.35.32-1024x752.jpg\" alt=\"\" class=\"wp-image-59531\" srcset=\"https:\/\/losperiodistas.com.mx\/portal\/wp-content\/uploads\/2023\/09\/Captura-de-Pantalla-2023-09-22-a-las-6.35.32-1024x752.jpg 1024w, https:\/\/losperiodistas.com.mx\/portal\/wp-content\/uploads\/2023\/09\/Captura-de-Pantalla-2023-09-22-a-las-6.35.32-300x220.jpg 300w, https:\/\/losperiodistas.com.mx\/portal\/wp-content\/uploads\/2023\/09\/Captura-de-Pantalla-2023-09-22-a-las-6.35.32-768x564.jpg 768w, https:\/\/losperiodistas.com.mx\/portal\/wp-content\/uploads\/2023\/09\/Captura-de-Pantalla-2023-09-22-a-las-6.35.32.jpg 1498w\" sizes=\"(max-width: 1024px) 100vw, 1024px\" \/><\/figure>\n\n\n\n<p><\/p>\n\n\n\n<p class=\"has-vivid-red-color has-text-color has-medium-font-size\"><strong>DANIELA HERN\u00c1NDEZ \/ DANIEL CRUZ CORT\u00c9S \/ EL SOL DE PUEBLA<\/strong><\/p>\n\n\n\n<p>La<strong><a href=\"https:\/\/www.elsoldepuebla.com.mx\/local\/pide-arzobispo-de-puebla-a-madres-buscadores-no-perder-la-esperanza-10566651.html\" target=\"_blank\" rel=\"noreferrer noopener\">&nbsp;Iglesia mexicana<\/a><\/strong>, obligada por el<strong>&nbsp;fracaso de los sistemas de procuraci\u00f3n de justicia y seguridad en el pa\u00eds<\/strong>, buscar\u00e1 establecer un<strong>&nbsp;di\u00e1logo con quienes resulten candidatos a la presidencia de la Rep\u00fablica<\/strong>&nbsp;para poner en marcha una<strong>&nbsp;nueva agenda de seguridad que atienda los altos \u00edndices de violencia en M\u00e9xico.<\/strong><\/p>\n\n\n\n<p><em>\u201cSe iniciar\u00e1 un proceso de di\u00e1logo con los futuros candidatos oficiales a la presidencia de la Rep\u00fablica y otros cargos, tratando de buscar compromisos para emprender otros caminos distintos\u201d,<\/em>\u00a0dijo el arzobispo de Puebla,\u00a0<strong>V\u00edctor S\u00e1nchez Espinosa<\/strong>, durante la inauguraci\u00f3n del\u00a0<strong>Di\u00e1logo Nacional por la Paz<\/strong>, organizado por la Conferencia del Episcopado Mexicano y la Universidad Iberoamericana de Puebla.<\/p>\n\n\n\n<p>Al final de este foro, emanar\u00e1 una&nbsp;<strong>nueva estrategia de seguridad<\/strong>, denominada&nbsp;<strong>Agenda Nacional por la Paz<\/strong>, elaborada por&nbsp;<strong>representantes de la iglesia cat\u00f3lica y dem\u00e1s religiones, acad\u00e9micos, activistas y v\u00edctimas de varios delitos.<\/strong><\/p>\n\n\n\n<p>S\u00e1nchez Espinosa expuso que el<strong>&nbsp;asesinato de los sacerdotes jesuitas Javier Campos y Joaqu\u00edn Mora<\/strong>, junto con el&nbsp;<strong>laico Pedro Palma<\/strong>, en la parroquia de la localidad de<strong>&nbsp;Cerocahui,<\/strong>&nbsp;en la<strong>&nbsp;sierra Tarahumara<\/strong>, fue la semilla del di\u00e1logo, que&nbsp;<strong>comenz\u00f3 con foros de justicia y seguridad en todo el pa\u00eds<\/strong>.<\/p>\n\n\n\n<p><a href=\"https:\/\/www.elsoldepuebla.com.mx\/local\/\">LOCAL<\/a><\/p>\n\n\n\n<figure class=\"wp-block-image is-style-default\"><a href=\"https:\/\/www.elsoldepuebla.com.mx\/local\/sacerdotes-del-triangulo-rojo-son-victimas-de-extorsion-robo-y-persecucion-arzobispo-10728775.html\"><img decoding=\"async\" src=\"https:\/\/www.elsoldepuebla.com.mx\/local\/wjixbb-sacerdotes-del-triangulo-rojo-son-victimas-de-extorsion-robo-y-persecucion-arzobispo\/alternates\/LANDSCAPE_200\/Sacerdotes%20del%20Tri%C3%A1ngulo%20Rojo%20son%20v%C3%ADctimas%20de%20extorsi%C3%B3n,%20robo%20y%20persecuci%C3%B3n:%20arzobispo\" alt=\"\" title=\"Sacerdotes del Tri\u00e1ngulo Rojo son v\u00edctimas de extorsi\u00f3n, robo y persecuci\u00f3n: arzobispo\"\/><\/a><\/figure>\n\n\n\n<h4 class=\"wp-block-heading\"><a href=\"https:\/\/www.elsoldepuebla.com.mx\/local\/sacerdotes-del-triangulo-rojo-son-victimas-de-extorsion-robo-y-persecucion-arzobispo-10728775.html\">Sacerdotes del Tri\u00e1ngulo Rojo son v\u00edctimas de extorsi\u00f3n, robo y persecuci\u00f3n: arzobispo<\/a><\/h4>\n\n\n\n<p>En medio de un<strong>&nbsp;gobierno desbordado por la delincuencia y necesitado de otros actores para hacer frente a la situaci\u00f3n de violencia en el pa\u00eds<\/strong>, resulta oportuna la intervenci\u00f3n de la Iglesia, opin\u00f3 el arzobispo.<\/p>\n\n\n\n<p>El contexto actual del pa\u00eds y la&nbsp;<strong>coyuntura electoral que se avecina en 2024<\/strong>&nbsp;son ideales para presentar los resultados de este encuentro ante los&nbsp;<strong>futuros l\u00edderes en M\u00e9xico.&nbsp;<\/strong>Una vez que sea creada la nueva estrategia, se buscar\u00e1&nbsp;<strong>entregar este documento a los perfiles definidos que competir\u00e1n por un cargo de elecci\u00f3n popular en 2024<\/strong>&nbsp;para que, si llegan al poder, hagan suya la propuesta emanada del foro, agreg\u00f3.<\/p>\n\n\n\n<h2 class=\"wp-block-heading\"><strong>Inseguridad exige movilizaci\u00f3n<\/strong><\/h2>\n\n\n\n<p>Frente a la<strong>&nbsp;grave crisis de inseguridad que vive nuestro pa\u00eds<\/strong>, es necesario que la&nbsp;<strong>poblaci\u00f3n refuerce su capacidad de movilizaci\u00f3n y organizaci\u00f3n<\/strong>, pues se requiere&nbsp;<strong>obligar a las autoridades a actuar ante la desprotecci\u00f3n de la ciudadan\u00eda<\/strong>, apunt\u00f3 el escritor y activista,<strong>&nbsp;Javier Sicilia Zardain<\/strong>, durante el primer d\u00eda de actividades de este encuentro.<\/p>\n\n\n\n<p>La&nbsp;<strong>capacidad de indignaci\u00f3n no se ha perdido<\/strong>, la&nbsp;<strong>sociedad ha disminuido su voluntad por salir de su centro para exigir un alto a la desmedida violencia&nbsp;<\/strong>que ata\u00f1e a miles de familias en todo M\u00e9xico, subray\u00f3. El contexto actual de&nbsp;<strong>criminalidad en M\u00e9xico<\/strong>&nbsp;exige el dise\u00f1o de una estrategia de seguridad que no dependa de la voluntad de las autoridades locales.<\/p>\n\n\n\n<p>\u201cEllos s\u00f3lo entienden con presi\u00f3n, con presi\u00f3n pol\u00edtica y presi\u00f3n de movilizaci\u00f3n, lo que ellos llaman \u2018m\u00fasculo\u2019\u201d, se\u00f1al\u00f3.<\/p>\n\n\n\n<p>El activista mexicano, que organiz\u00f3 la&nbsp;<strong>Marcha Nacional por la Paz con Justicia y Dignidad en 2011&nbsp;<\/strong>tras la muerte de su hijo, resalt\u00f3 que es&nbsp;<strong>necesario recobrar la dignidad del pa\u00eds,<\/strong>&nbsp;antes de que la violencia arrebate a toda la poblaci\u00f3n el derecho a vivir.<img decoding=\"async\" src=\"https:\/\/www.elsoldepuebla.com.mx\/local\/krmj0b-iglesia-buscara-dialogo-con-candidatos-a-la-presidencia-de-mexico\/alternates\/FREE_720\/Iglesia%20buscar%C3%A1%20di%C3%A1logo%20con%20candidatos%20a%20la%20presidencia%20de%20M%C3%A9xico\" alt=\"\"><\/p>\n\n\n\n<h4 class=\"wp-block-heading\">El contexto actual del pa\u00eds y la coyuntura electoral que se avecina en 2024 son ideales para presentar los resultados de este encuentro ante los futuros l\u00edderes en M\u00e9xico, explic\u00f3 el arzobispo. Foto: Jos\u00e9 Luis Bravo | El Sol de Puebla<\/h4>\n\n\n\n<h2 class=\"wp-block-heading\"><strong>Desigualdad deton\u00f3 la crisis<\/strong><\/h2>\n\n\n\n<p>La&nbsp;<strong>desigualdad econ\u00f3mica en M\u00e9xico&nbsp;<\/strong>ha detonado una<strong>&nbsp;crisis de inseguridad, impunidad y violencia, ingobernabilidad y p\u00e9rdida de valores<\/strong>&nbsp;que se agudiz\u00f3 en los \u00faltimos 15 a\u00f1os. Esta situaci\u00f3n, a su vez, ha impactado en la&nbsp;<strong>descomposici\u00f3n del n\u00facleo de la sociedad, la familia, y ha debilitado al Estado mexicano<\/strong>, subray\u00f3 el sacerdote jesuita&nbsp;<strong>Hern\u00e1n Quezada.<\/strong><\/p>\n\n\n\n<p>\u201cHay crisis de gobernanza, hay desconfianza sobre la capacidad de los gobiernos, en todos los niveles; se ve que no tienen capacidad para atender las violencias en todas sus manifestaciones. Existe tambi\u00e9n la sensaci\u00f3n de que las instituciones gubernamentales no saben c\u00f3mo atender la crisis violenta en todas sus manifestaciones, hay una notable percepci\u00f3n de que el sistema de justicia y de gobierno son corruptos\u201d, comparti\u00f3.<\/p>\n\n\n\n<h2 class=\"wp-block-heading\"><strong>Militarizaci\u00f3n es inviable<\/strong><\/h2>\n\n\n\n<p>El&nbsp;<strong>Estado mexicano fracas\u00f3 sistem\u00e1ticamente en la formaci\u00f3n de instituciones policiacas capacitadas para enfrentar a los grupos delictivos<\/strong>&nbsp;que imperan en el pa\u00eds. Por el contrario, la administraci\u00f3n del presidente&nbsp;<strong>Andr\u00e9s Manuel L\u00f3pez Obrador&nbsp;<\/strong>le apost\u00f3 a una&nbsp;<strong>corporaci\u00f3n h\u00edbrida civil-militar<\/strong>, la&nbsp;<strong>Guardia Nacional<\/strong>, que ha sido<strong>&nbsp;incapaz de contener la proliferaci\u00f3n de las c\u00e9lulas criminales&nbsp;<\/strong>que atentan contra la paz y prosperidad del pa\u00eds, apuntaron los acad\u00e9micos<strong>&nbsp;Eduardo Guerrero Guti\u00e9rrez y Sergio L\u00f3pez Ayll\u00f3n.<\/strong><\/p>\n\n\n\n<p>El contexto actual, en donde grupos criminales ostentan arsenales que superan en&nbsp;<strong>fuerza al del Ej\u00e9rcito Mexicano<\/strong>, demanda que las&nbsp;<strong>corporaciones policiacas tengan las herramientas necesarias para afrontar la adversa realidad de violencia<\/strong>&nbsp;que se vive en el pa\u00eds, urgieron.<\/p>\n\n\n\n<p>Se\u00f1alaron que el gobierno federal, partiendo de ese escenario, instaur\u00f3 una corporaci\u00f3n h\u00edbrida civil-militar, la&nbsp;<strong>Guardia Nacional<\/strong>, sin embargo,&nbsp;<strong>su configuraci\u00f3n fue inadecuada y ello ocasion\u00f3 que se creara una polic\u00eda poco funcional.<\/strong><\/p>\n\n\n\n<p>Guerrero Guti\u00e9rrez hizo hincapi\u00e9 en que<strong>&nbsp;la ausencia de una instituci\u00f3n fuerte ha debilitado al Estado mexicano.&nbsp;<\/strong>Esta condici\u00f3n, adem\u00e1s, ha permitido que los&nbsp;<strong>grupos criminales refuercen su presencia territorial<\/strong>, al punto de que hoy en d\u00eda existen alrededor de<strong>&nbsp;40 c\u00e1rteles, 57 mafias y 500 c\u00e9lulas criminales a nivel local.<\/strong><\/p>\n\n\n\n<h2 class=\"wp-block-heading\"><strong>Fracasa sistema de justicia<\/strong><\/h2>\n\n\n\n<p>En&nbsp;<strong>M\u00e9xico hay un sistema de justicia colapsado<\/strong>, que apenas y&nbsp;<strong>sanciona el dos por ciento de los delitos cometidos en todo el pa\u00eds<\/strong>.&nbsp;<strong>Atiborrar las c\u00e1rceles y elevar las condenas a n\u00fameros absurdos result\u00f3 in\u00fatil<\/strong>&nbsp;y, por el contrario,&nbsp;<strong>exacerb\u00f3 la corrupci\u00f3n<\/strong>, opinaron los acad\u00e9micos Elena Azaola y Jorge Atilano.<\/p>\n\n\n\n<p>\u201cHay un miedo profundo que apenas les permite sobrevivir\u201d, conden\u00f3 Elena Azaola Garrido, doctora en Antropolog\u00eda por el Centro de Investigaciones y Estudios Superiores en Antropolog\u00eda Social (CIESAS).<\/p>\n\n\n\n<p>La&nbsp;<strong>inseguridad en M\u00e9xico provoc\u00f3 una limitaci\u00f3n en el desarrollo de las capacidades de miles de personas<\/strong>, da\u00f1\u00f3 lazos familiares y, de forma preocupante, estimul\u00f3 la p\u00e9rdida de confianza en las autoridades, asegur\u00f3.<\/p>\n\n\n\n<p><strong>No podemos esperar a que llegue el candidato perfecto al poder, es necesario realizar acciones desde abajo<\/strong>, a\u00f1adi\u00f3<strong>&nbsp;Jorge Atilano Gonz\u00e1lez Candia<\/strong>, encargado del&nbsp;<strong>Sector Social de la Provincia Mexicana de la Compa\u00f1\u00eda de Jes\u00fas.&nbsp;<\/strong>\u201cTenemos un gobierno desbordado y necesitado de otros actores para atender la situaci\u00f3n de violencia, de desamparo, el sistema de justicia necesita con urgencia un nuevo dise\u00f1o\u201d, precis\u00f3.<\/p>\n\n\n\n<p>Si en\u00a0<strong>M\u00e9xico decidieran guardar un minuto de silencio por cada persona que, durante los \u00faltimos 15 a\u00f1os, fue v\u00edctima de desaparici\u00f3n forzada u homicidio<\/strong>, el pa\u00eds<strong>\u00a0estar\u00eda en silencio durante un poco m\u00e1s de a\u00f1o<\/strong>, lament\u00f3 Gonz\u00e1lez Candia. En este periodo han sido<strong>\u00a0asesinadas cerca de 450 mil personas y han desaparecido 111 mil en todo el pa\u00eds.<\/strong>\u00a0Para honrar la memoria de cada uno de ellos,<strong>\u00a0se debe estar en silencio por 389 d\u00edas.<\/strong><\/p>\n\n\n\n<p>Fuente: <a href=\"https:\/\/www.elsoldepuebla.com.mx\/local\/iglesia-buscara-dialogo-con-candidatos-para-combatir-violencia-en-el-pais-10731886.html\">https:\/\/www.elsoldepuebla.com.mx\/local\/iglesia-buscara-dialogo-con-candidatos-para-combatir-violencia-en-el-pais-10731886.html<\/a><\/p>\n","protected":false},"excerpt":{"rendered":"<p>Se busca crear la Agenda Nacional por la Paz, en la que participar\u00e1n representantes de la Iglesia Cat\u00f3lica y dem\u00e1s [&hellip;]<\/p>\n","protected":false},"author":1,"featured_media":59531,"comment_status":"open","ping_status":"open","sticky":false,"template":"","format":"standard","meta":{"site-sidebar-layout":"default","site-content-layout":"","ast-site-content-layout":"default","site-content-style":"default","site-sidebar-style":"default","ast-global-header-display":"","ast-banner-title-visibility":"","ast-main-header-display":"","ast-hfb-above-header-display":"","ast-hfb-below-header-display":"","ast-hfb-mobile-header-display":"","site-post-title":"","ast-breadcrumbs-content":"","ast-featured-img":"","footer-sml-layout":"","theme-transparent-header-meta":"","adv-header-id-meta":"","stick-header-meta":"","header-above-stick-meta":"","header-main-stick-meta":"","header-below-stick-meta":"","astra-migrate-meta-layouts":"default","ast-page-background-enabled":"default","ast-page-background-meta":{"desktop":{"background-color":"var(--ast-global-color-4)","background-image":"","background-repeat":"repeat","background-position":"center center","background-size":"auto","background-attachment":"scroll","background-type":"","background-media":"","overlay-type":"","overlay-color":"","overlay-opacity":"","overlay-gradient":""},"tablet":{"background-color":"","background-image":"","background-repeat":"repeat","background-position":"center center","background-size":"auto","background-attachment":"scroll","background-type":"","background-media":"","overlay-type":"","overlay-color":"","overlay-opacity":"","overlay-gradient":""},"mobile":{"background-color":"","background-image":"","background-repeat":"repeat","background-position":"center center","background-size":"auto","background-attachment":"scroll","background-type":"","background-media":"","overlay-type":"","overlay-color":"","overlay-opacity":"","overlay-gradient":""}},"ast-content-background-meta":{"desktop":{"background-color":"var(--ast-global-color-5)","background-image":"","background-repeat":"repeat","background-position":"center center","background-size":"auto","background-attachment":"scroll","background-type":"","background-media":"","overlay-type":"","overlay-color":"","overlay-opacity":"","overlay-gradient":""},"tablet":{"background-color":"var(--ast-global-color-5)","background-image":"","background-repeat":"repeat","background-position":"center center","background-size":"auto","background-attachment":"scroll","background-type":"","background-media":"","overlay-type":"","overlay-color":"","overlay-opacity":"","overlay-gradient":""},"mobile":{"background-color":"var(--ast-global-color-5)","background-image":"","background-repeat":"repeat","background-position":"center center","background-size":"auto","background-attachment":"scroll","background-type":"","background-media":"","overlay-type":"","overlay-color":"","overlay-opacity":"","overlay-gradient":""}},"footnotes":""},"categories":[8],"tags":[19100,618,18988,2176],"class_list":["post-59530","post","type-post","status-publish","format-standard","has-post-thumbnail","hentry","category-noticias","tag-agenda-nacional-por-la-paz","tag-arzobispo-de-puebla","tag-dialogo-nacional-por-la-paz","tag-mons-victor-sanchez"],"_links":{"self":[{"href":"https:\/\/losperiodistas.com.mx\/portal\/wp-json\/wp\/v2\/posts\/59530","targetHints":{"allow":["GET"]}}],"collection":[{"href":"https:\/\/losperiodistas.com.mx\/portal\/wp-json\/wp\/v2\/posts"}],"about":[{"href":"https:\/\/losperiodistas.com.mx\/portal\/wp-json\/wp\/v2\/types\/post"}],"author":[{"embeddable":true,"href":"https:\/\/losperiodistas.com.mx\/portal\/wp-json\/wp\/v2\/users\/1"}],"replies":[{"embeddable":true,"href":"https:\/\/losperiodistas.com.mx\/portal\/wp-json\/wp\/v2\/comments?post=59530"}],"version-history":[{"count":1,"href":"https:\/\/losperiodistas.com.mx\/portal\/wp-json\/wp\/v2\/posts\/59530\/revisions"}],"predecessor-version":[{"id":59532,"href":"https:\/\/losperiodistas.com.mx\/portal\/wp-json\/wp\/v2\/posts\/59530\/revisions\/59532"}],"wp:featuredmedia":[{"embeddable":true,"href":"https:\/\/losperiodistas.com.mx\/portal\/wp-json\/wp\/v2\/media\/59531"}],"wp:attachment":[{"href":"https:\/\/losperiodistas.com.mx\/portal\/wp-json\/wp\/v2\/media?parent=59530"}],"wp:term":[{"taxonomy":"category","embeddable":true,"href":"https:\/\/losperiodistas.com.mx\/portal\/wp-json\/wp\/v2\/categories?post=59530"},{"taxonomy":"post_tag","embeddable":true,"href":"https:\/\/losperiodistas.com.mx\/portal\/wp-json\/wp\/v2\/tags?post=59530"}],"curies":[{"name":"wp","href":"https:\/\/api.w.org\/{rel}","templated":true}]}}