{"id":59523,"date":"2023-09-22T07:16:32","date_gmt":"2023-09-22T12:16:32","guid":{"rendered":"http:\/\/losperiodistas.com.mx\/portal\/?p=59523"},"modified":"2023-09-22T07:16:35","modified_gmt":"2023-09-22T12:16:35","slug":"se-reune-lopez-obrador-con-director-de-nestle-mark-schneider-la-jornada","status":"publish","type":"post","link":"https:\/\/losperiodistas.com.mx\/portal\/se-reune-lopez-obrador-con-director-de-nestle-mark-schneider-la-jornada\/","title":{"rendered":"Se re\u00fane L\u00f3pez Obrador con director de Nestl\u00e9, Mark Schneider | La Jornada"},"content":{"rendered":"\n<figure class=\"wp-block-image size-full is-style-default\"><img fetchpriority=\"high\" decoding=\"async\" width=\"745\" height=\"496\" src=\"https:\/\/losperiodistas.com.mx\/portal\/wp-content\/uploads\/2023\/09\/se-reune-lopez-obrador-con-director-de-nestle-mark-schneider-5430html-amlo-1685html-d01f1706-8c95-4d66-a1dc-c15a94dddb75.jpg\" alt=\"\" class=\"wp-image-59524\" srcset=\"https:\/\/losperiodistas.com.mx\/portal\/wp-content\/uploads\/2023\/09\/se-reune-lopez-obrador-con-director-de-nestle-mark-schneider-5430html-amlo-1685html-d01f1706-8c95-4d66-a1dc-c15a94dddb75.jpg 745w, https:\/\/losperiodistas.com.mx\/portal\/wp-content\/uploads\/2023\/09\/se-reune-lopez-obrador-con-director-de-nestle-mark-schneider-5430html-amlo-1685html-d01f1706-8c95-4d66-a1dc-c15a94dddb75-300x200.jpg 300w\" sizes=\"(max-width: 745px) 100vw, 745px\" \/><figcaption>La secretaria de Econom\u00eda, Raquel Buenrostro S\u00e1nchez y el presidente del Consejo Coordinador Empresarial, Francisco Cervantes D\u00edaz tambi\u00e9n acudieron a la reuni\u00f3n. Foto Presidencia<\/figcaption><\/figure>\n\n\n\n<p class=\"has-vivid-red-color has-text-color has-medium-font-size\"><strong>REDACCI\u00d3N LA JORNADA<\/strong><\/p>\n\n\n\n<p>El presidente Andr\u00e9s Manuel L\u00f3pez Obrador sostuvo esta noche una reuni\u00f3n con el director ejecutivo global de Nestl\u00e9, Mark Schneider, as\u00ed como directivos de esta compa\u00f1\u00eda, quienes le informaron al mandatario que \u201cllevan invertidos en M\u00e9xico mil 500 millones de d\u00f3lares\u201d, ante lo cual les agradeci\u00f3 la confianza en el pa\u00eds.<\/p>\n\n\n\n<p>Por medio de redes sociales, el jefe del Ejecutivo federal difundi\u00f3 detalles del encuentro en Palacio Nacional, al que tambi\u00e9n asisti\u00f3 la secretaria de Econom\u00eda, Raquel Buenrostro S\u00e1nchez y el presidente del Consejo Coordinador Empresarial, Francisco Cervantes D\u00edaz.<\/p>\n\n\n\n<p>\u201cNos reunimos con Mark Schneider, director ejecutivo global de Nestl\u00e9, responsable de la formaci\u00f3n de j\u00f3venes a nivel mundial; tambi\u00e9n con Laurent Freixe, vicepresidente ejecutivo y director ejecutivo de Nestl\u00e9 Latinoam\u00e9rica; Fausto Costa, presidente ejecutivo y presidente del Consejo de Administraci\u00f3n de Grupo Nestl\u00e9 M\u00e9xico y Fernando C\u00e9sar, director general de Caf\u00e9s y Bebidas M\u00e9xico y responsable de la producci\u00f3n de caf\u00e9\u201d, indic\u00f3 el tabasque\u00f1o en redes sociales.<\/p>\n\n\n\n<p>\u201cNos informan que llevan invertidos en M\u00e9xico mil 500 millones de d\u00f3lares; les agradecimos la confianza en nuestro pa\u00eds\u201d, agreg\u00f3 en la publicaci\u00f3n, junto con dos fotograf\u00edas de la reuni\u00f3n.<\/p>\n\n\n\n<p>Fuente: <a href=\"https:\/\/www.jornada.com.mx\/noticia\/2023\/09\/21\/politica\/se-reune-lopez-obrador-con-director-de-nestle-mark-schneider-5430\">https:\/\/www.jornada.com.mx\/noticia\/2023\/09\/21\/politica\/se-reune-lopez-obrador-con-director-de-nestle-mark-schneider-5430<\/a><\/p>\n","protected":false},"excerpt":{"rendered":"<p>REDACCI\u00d3N LA JORNADA El presidente Andr\u00e9s Manuel L\u00f3pez Obrador sostuvo esta noche una reuni\u00f3n con el director ejecutivo global de [&hellip;]<\/p>\n","protected":false},"author":1,"featured_media":59524,"comment_status":"open","ping_status":"open","sticky":false,"template":"","format":"standard","meta":{"site-sidebar-layout":"default","site-content-layout":"","ast-site-content-layout":"default","site-content-style":"default","site-sidebar-style":"default","ast-global-header-display":"","ast-banner-title-visibility":"","ast-main-header-display":"","ast-hfb-above-header-display":"","ast-hfb-below-header-display":"","ast-hfb-mobile-header-display":"","site-post-title":"","ast-breadcrumbs-content":"","ast-featured-img":"","footer-sml-layout":"","theme-transparent-header-meta":"","adv-header-id-meta":"","stick-header-meta":"","header-above-stick-meta":"","header-main-stick-meta":"","header-below-stick-meta":"","astra-migrate-meta-layouts":"default","ast-page-background-enabled":"default","ast-page-background-meta":{"desktop":{"background-color":"var(--ast-global-color-4)","background-image":"","background-repeat":"repeat","background-position":"center center","background-size":"auto","background-attachment":"scroll","background-type":"","background-media":"","overlay-type":"","overlay-color":"","overlay-opacity":"","overlay-gradient":""},"tablet":{"background-color":"","background-image":"","background-repeat":"repeat","background-position":"center center","background-size":"auto","background-attachment":"scroll","background-type":"","background-media":"","overlay-type":"","overlay-color":"","overlay-opacity":"","overlay-gradient":""},"mobile":{"background-color":"","background-image":"","background-repeat":"repeat","background-position":"center center","background-size":"auto","background-attachment":"scroll","background-type":"","background-media":"","overlay-type":"","overlay-color":"","overlay-opacity":"","overlay-gradient":""}},"ast-content-background-meta":{"desktop":{"background-color":"var(--ast-global-color-5)","background-image":"","background-repeat":"repeat","background-position":"center center","background-size":"auto","background-attachment":"scroll","background-type":"","background-media":"","overlay-type":"","overlay-color":"","overlay-opacity":"","overlay-gradient":""},"tablet":{"background-color":"var(--ast-global-color-5)","background-image":"","background-repeat":"repeat","background-position":"center center","background-size":"auto","background-attachment":"scroll","background-type":"","background-media":"","overlay-type":"","overlay-color":"","overlay-opacity":"","overlay-gradient":""},"mobile":{"background-color":"var(--ast-global-color-5)","background-image":"","background-repeat":"repeat","background-position":"center center","background-size":"auto","background-attachment":"scroll","background-type":"","background-media":"","overlay-type":"","overlay-color":"","overlay-opacity":"","overlay-gradient":""}},"footnotes":""},"categories":[8],"tags":[199,19096,19099,19097],"class_list":["post-59523","post","type-post","status-publish","format-standard","has-post-thumbnail","hentry","category-noticias","tag-amlo","tag-marck-schneider","tag-nestle-en-mexico","tag-nestle-global"],"_links":{"self":[{"href":"https:\/\/losperiodistas.com.mx\/portal\/wp-json\/wp\/v2\/posts\/59523","targetHints":{"allow":["GET"]}}],"collection":[{"href":"https:\/\/losperiodistas.com.mx\/portal\/wp-json\/wp\/v2\/posts"}],"about":[{"href":"https:\/\/losperiodistas.com.mx\/portal\/wp-json\/wp\/v2\/types\/post"}],"author":[{"embeddable":true,"href":"https:\/\/losperiodistas.com.mx\/portal\/wp-json\/wp\/v2\/users\/1"}],"replies":[{"embeddable":true,"href":"https:\/\/losperiodistas.com.mx\/portal\/wp-json\/wp\/v2\/comments?post=59523"}],"version-history":[{"count":1,"href":"https:\/\/losperiodistas.com.mx\/portal\/wp-json\/wp\/v2\/posts\/59523\/revisions"}],"predecessor-version":[{"id":59525,"href":"https:\/\/losperiodistas.com.mx\/portal\/wp-json\/wp\/v2\/posts\/59523\/revisions\/59525"}],"wp:featuredmedia":[{"embeddable":true,"href":"https:\/\/losperiodistas.com.mx\/portal\/wp-json\/wp\/v2\/media\/59524"}],"wp:attachment":[{"href":"https:\/\/losperiodistas.com.mx\/portal\/wp-json\/wp\/v2\/media?parent=59523"}],"wp:term":[{"taxonomy":"category","embeddable":true,"href":"https:\/\/losperiodistas.com.mx\/portal\/wp-json\/wp\/v2\/categories?post=59523"},{"taxonomy":"post_tag","embeddable":true,"href":"https:\/\/losperiodistas.com.mx\/portal\/wp-json\/wp\/v2\/tags?post=59523"}],"curies":[{"name":"wp","href":"https:\/\/api.w.org\/{rel}","templated":true}]}}