{"id":59520,"date":"2023-09-22T07:07:43","date_gmt":"2023-09-22T12:07:43","guid":{"rendered":"http:\/\/losperiodistas.com.mx\/portal\/?p=59520"},"modified":"2023-09-22T07:07:45","modified_gmt":"2023-09-22T12:07:45","slug":"ebrard-forma-grupo-en-la-camara-de-diputados-busca-influir-en-presupuesto-e-iniciativas-forbes","status":"publish","type":"post","link":"https:\/\/losperiodistas.com.mx\/portal\/ebrard-forma-grupo-en-la-camara-de-diputados-busca-influir-en-presupuesto-e-iniciativas-forbes\/","title":{"rendered":"Ebrard forma grupo en la C\u00e1mara de Diputados; busca influir en Presupuesto e iniciativas | Forbes"},"content":{"rendered":"\n<p class=\"has-white-color has-vivid-red-background-color has-text-color has-background has-medium-font-size\"><em>De los 275 diputados que integran la coalici\u00f3n de Morena, PVEM y PT, 40 integraron un bloque af\u00edn a Marcelo Ebrard.<\/em><\/p>\n\n\n\n<figure class=\"wp-block-image size-large is-style-default\"><img fetchpriority=\"high\" decoding=\"async\" width=\"1024\" height=\"575\" src=\"https:\/\/losperiodistas.com.mx\/portal\/wp-content\/uploads\/2023\/09\/Captura-de-Pantalla-2023-09-22-a-las-6.00.43-1024x575.jpg\" alt=\"\" class=\"wp-image-59521\" srcset=\"https:\/\/losperiodistas.com.mx\/portal\/wp-content\/uploads\/2023\/09\/Captura-de-Pantalla-2023-09-22-a-las-6.00.43-1024x575.jpg 1024w, https:\/\/losperiodistas.com.mx\/portal\/wp-content\/uploads\/2023\/09\/Captura-de-Pantalla-2023-09-22-a-las-6.00.43-300x168.jpg 300w, https:\/\/losperiodistas.com.mx\/portal\/wp-content\/uploads\/2023\/09\/Captura-de-Pantalla-2023-09-22-a-las-6.00.43-768x431.jpg 768w, https:\/\/losperiodistas.com.mx\/portal\/wp-content\/uploads\/2023\/09\/Captura-de-Pantalla-2023-09-22-a-las-6.00.43-1536x862.jpg 1536w, https:\/\/losperiodistas.com.mx\/portal\/wp-content\/uploads\/2023\/09\/Captura-de-Pantalla-2023-09-22-a-las-6.00.43.jpg 1710w\" sizes=\"(max-width: 1024px) 100vw, 1024px\" \/><figcaption><em>Foto: X @m_ebrard.<\/em><\/figcaption><\/figure>\n\n\n\n<p class=\"has-vivid-red-color has-text-color has-medium-font-size\"><strong>YARED DE LA ROSA \/ FORBES<\/strong><\/p>\n\n\n\n<p>Marcelo Ebrard no logr\u00f3 la candidatura presidencial por Morena, tampoco ha decidido si se va del partido, pero ya form\u00f3 un bloque conocido como los \u201cmarcelistas\u201d en la C\u00e1mara de Diputados para influir en los procesos legislativos, desde iniciativas hasta el Paquete Econ\u00f3mico 2024.<\/p>\n\n\n\n<p>De los 275 diputados que conforman la coalici\u00f3n Juntos Haremos Historia, 40 respaldan al excanciller, por lo que sin ellos, los morenistas junto con los aliados del PT y PVEM no lograr\u00edan la mayor\u00eda absoluta (en caso de que asistan los 500 legisladores) y no podr\u00edan aprobar reformas secundarias ni el Presupuesto de Egresos de la Federaci\u00f3n.<\/p>\n\n\n\n<p>En una reuni\u00f3n realizada el pasado mi\u00e9rcoles a la que acudi\u00f3 el coordinador de Morena, Ignacio Mier, Marcelo Ebrard le inform\u00f3 que se hab\u00eda conformado este bloque dentro de la coalici\u00f3n y que buscar\u00e1n reasignaciones en el gasto del pr\u00f3ximo a\u00f1o.<\/p>\n\n\n\n<p>En entrevista con&nbsp;<em><strong>Forbes M\u00e9xico<\/strong><\/em>, el diputado Daniel Guti\u00e9rrez coment\u00f3 que el objetivo principal de este grupo es fortalecer el trabajo legislativo y aunque votar\u00e1n a favor en lo general en todo aquello que Morena impulse, en lo particular buscar\u00e1n hacer cambios en el Paquete Econ\u00f3mico 2024.<\/p>\n\n\n\n<p>\u201cLo que le dijimos (a Ignacio Mier) fue que en lo general vamos a votar por todo y en lo particular seguramente vamos a revisar para tener ciertas reasignaciones, que corresponde a ciertos sectores, a ciertos grupos y ciertos estados que requieren el apoyo a la C\u00e1mara de Diputados\u201d, dijo el legislador marcelista.<\/p>\n\n\n\n<p>A su vez, la diputada Salma Lu\u00e9vano, quien tambi\u00e9n es parte del grupo marcelista, coment\u00f3 que estar\u00e1n analizando el Proyecto de Presupuesto de Egresos de la Federaci\u00f3n y dijo que la pr\u00f3xima semana ya har\u00e1n propuestas para modificar algunas asignaciones de gasto.<\/p>\n\n\n\n<p>La legisladora se\u00f1al\u00f3 que este bloque no representa una divisi\u00f3n al interior de Morena ni una fractura, sino que es un grupo que busca la unidad y trabajar en equipo en el proyecto de naci\u00f3n del presidente Andr\u00e9s Manuel L\u00f3pez Obrador.<\/p>\n\n\n\n<p>Adem\u00e1s, coment\u00f3 que la intenci\u00f3n de los diputados no es salirse del partido dirigido por Mario Delgado, sino continuar en este organismo pol\u00edtico.<\/p>\n\n\n\n<p>El 18 de septiembre pasado, Marcelo Ebrard lanz\u00f3 su asociaci\u00f3n civil El camino de M\u00e9xico, con la cual busca reunir a militantes de Morena, PVEM y PT que lo respaldan, as\u00ed como recorrer el pa\u00eds.<\/p>\n\n\n\n<p>Para esta organizaci\u00f3n, el excanciller nombr\u00f3 a siete coordinadores, cinco para cada una de las circunscripciones electorales del pa\u00eds y dos para las entidades con mayor poblaci\u00f3n.<\/p>\n\n\n\n<p>Fuente: <a href=\"https:\/\/www.forbes.com.mx\/ebrard-forma-grupo-en-la-camara-de-diputados-busca-influir-en-presupuesto-e-iniciativas\/\">https:\/\/www.forbes.com.mx\/ebrard-forma-grupo-en-la-camara-de-diputados-busca-influir-en-presupuesto-e-iniciativas\/<\/a><\/p>\n","protected":false},"excerpt":{"rendered":"<p>De los 275 diputados que integran la coalici\u00f3n de Morena, PVEM y PT, 40 integraron un bloque af\u00edn a Marcelo [&hellip;]<\/p>\n","protected":false},"author":1,"featured_media":59521,"comment_status":"open","ping_status":"open","sticky":false,"template":"","format":"standard","meta":{"site-sidebar-layout":"default","site-content-layout":"","ast-site-content-layout":"default","site-content-style":"default","site-sidebar-style":"default","ast-global-header-display":"","ast-banner-title-visibility":"","ast-main-header-display":"","ast-hfb-above-header-display":"","ast-hfb-below-header-display":"","ast-hfb-mobile-header-display":"","site-post-title":"","ast-breadcrumbs-content":"","ast-featured-img":"","footer-sml-layout":"","theme-transparent-header-meta":"","adv-header-id-meta":"","stick-header-meta":"","header-above-stick-meta":"","header-main-stick-meta":"","header-below-stick-meta":"","astra-migrate-meta-layouts":"default","ast-page-background-enabled":"default","ast-page-background-meta":{"desktop":{"background-color":"var(--ast-global-color-4)","background-image":"","background-repeat":"repeat","background-position":"center center","background-size":"auto","background-attachment":"scroll","background-type":"","background-media":"","overlay-type":"","overlay-color":"","overlay-opacity":"","overlay-gradient":""},"tablet":{"background-color":"","background-image":"","background-repeat":"repeat","background-position":"center center","background-size":"auto","background-attachment":"scroll","background-type":"","background-media":"","overlay-type":"","overlay-color":"","overlay-opacity":"","overlay-gradient":""},"mobile":{"background-color":"","background-image":"","background-repeat":"repeat","background-position":"center center","background-size":"auto","background-attachment":"scroll","background-type":"","background-media":"","overlay-type":"","overlay-color":"","overlay-opacity":"","overlay-gradient":""}},"ast-content-background-meta":{"desktop":{"background-color":"var(--ast-global-color-5)","background-image":"","background-repeat":"repeat","background-position":"center center","background-size":"auto","background-attachment":"scroll","background-type":"","background-media":"","overlay-type":"","overlay-color":"","overlay-opacity":"","overlay-gradient":""},"tablet":{"background-color":"var(--ast-global-color-5)","background-image":"","background-repeat":"repeat","background-position":"center center","background-size":"auto","background-attachment":"scroll","background-type":"","background-media":"","overlay-type":"","overlay-color":"","overlay-opacity":"","overlay-gradient":""},"mobile":{"background-color":"var(--ast-global-color-5)","background-image":"","background-repeat":"repeat","background-position":"center center","background-size":"auto","background-attachment":"scroll","background-type":"","background-media":"","overlay-type":"","overlay-color":"","overlay-opacity":"","overlay-gradient":""}},"footnotes":""},"categories":[8],"tags":[19094,645,19095],"class_list":["post-59520","post","type-post","status-publish","format-standard","has-post-thumbnail","hentry","category-noticias","tag-diputados-marcelistas","tag-marcelo-ebrard","tag-presupuesto-mexico-2024"],"_links":{"self":[{"href":"https:\/\/losperiodistas.com.mx\/portal\/wp-json\/wp\/v2\/posts\/59520","targetHints":{"allow":["GET"]}}],"collection":[{"href":"https:\/\/losperiodistas.com.mx\/portal\/wp-json\/wp\/v2\/posts"}],"about":[{"href":"https:\/\/losperiodistas.com.mx\/portal\/wp-json\/wp\/v2\/types\/post"}],"author":[{"embeddable":true,"href":"https:\/\/losperiodistas.com.mx\/portal\/wp-json\/wp\/v2\/users\/1"}],"replies":[{"embeddable":true,"href":"https:\/\/losperiodistas.com.mx\/portal\/wp-json\/wp\/v2\/comments?post=59520"}],"version-history":[{"count":1,"href":"https:\/\/losperiodistas.com.mx\/portal\/wp-json\/wp\/v2\/posts\/59520\/revisions"}],"predecessor-version":[{"id":59522,"href":"https:\/\/losperiodistas.com.mx\/portal\/wp-json\/wp\/v2\/posts\/59520\/revisions\/59522"}],"wp:featuredmedia":[{"embeddable":true,"href":"https:\/\/losperiodistas.com.mx\/portal\/wp-json\/wp\/v2\/media\/59521"}],"wp:attachment":[{"href":"https:\/\/losperiodistas.com.mx\/portal\/wp-json\/wp\/v2\/media?parent=59520"}],"wp:term":[{"taxonomy":"category","embeddable":true,"href":"https:\/\/losperiodistas.com.mx\/portal\/wp-json\/wp\/v2\/categories?post=59520"},{"taxonomy":"post_tag","embeddable":true,"href":"https:\/\/losperiodistas.com.mx\/portal\/wp-json\/wp\/v2\/tags?post=59520"}],"curies":[{"name":"wp","href":"https:\/\/api.w.org\/{rel}","templated":true}]}}