{"id":59517,"date":"2023-09-22T06:58:10","date_gmt":"2023-09-22T11:58:10","guid":{"rendered":"http:\/\/losperiodistas.com.mx\/portal\/?p=59517"},"modified":"2023-09-22T06:58:12","modified_gmt":"2023-09-22T11:58:12","slug":"plataforma-y-agenda-ciudadana-reto-de-coaliciones-en-puebla-politologa-angulo-7","status":"publish","type":"post","link":"https:\/\/losperiodistas.com.mx\/portal\/plataforma-y-agenda-ciudadana-reto-de-coaliciones-en-puebla-politologa-angulo-7\/","title":{"rendered":"Plataforma y agenda ciudadana, reto de coaliciones en Puebla: polit\u00f3loga\u00a0\u00a0| \u00c1ngulo 7"},"content":{"rendered":"\n<figure class=\"wp-block-image size-full is-style-default\"><img fetchpriority=\"high\" decoding=\"async\" width=\"620\" height=\"330\" src=\"https:\/\/losperiodistas.com.mx\/portal\/wp-content\/uploads\/2023\/09\/WhatsApp-Image-2023-09-21-at-9.38.42-PM.jpeg\" alt=\"\" class=\"wp-image-59518\" srcset=\"https:\/\/losperiodistas.com.mx\/portal\/wp-content\/uploads\/2023\/09\/WhatsApp-Image-2023-09-21-at-9.38.42-PM.jpeg 620w, https:\/\/losperiodistas.com.mx\/portal\/wp-content\/uploads\/2023\/09\/WhatsApp-Image-2023-09-21-at-9.38.42-PM-300x160.jpeg 300w\" sizes=\"(max-width: 620px) 100vw, 620px\" \/><\/figure>\n\n\n\n<p><\/p>\n\n\n\n<p><\/p>\n\n\n\n<p class=\"has-vivid-red-color has-text-color has-medium-font-size\"><strong>EDGAR GUZM\u00c1N URIBE \/ \u00c1GULO 7<\/strong><\/p>\n\n\n\n<p><strong>Los partidos pol\u00edticos que vayan en coalici\u00f3n para el proceso del 2024 en Puebla,<\/strong>&nbsp;como Morena con PT, as\u00ed como el Frente Amplio Por M\u00e9xico (PAN, PRI y PRD) tienen como reto impulsar una plataforma con agendas compatibles a los intereses de los ciudadanos.<\/p>\n\n\n\n<p>As\u00ed lo se\u00f1al\u00f3, en entrevista con este medio,&nbsp;<strong>Claudia Ram\u00f3n P\u00e9rez, profesora de la Facultad de Ciencia Pol\u00edtica y Gobierno de la Universidad Popular Aut\u00f3noma del Estado de Puebla (Upaep),<\/strong>&nbsp;luego de que Morena arranc\u00f3 su proceso interno para definir al perfil a la gubernatura.<\/p>\n\n\n\n<p>Refiri\u00f3 que,&nbsp;<strong>si se analizaran los n\u00fameros de las elecciones, los l\u00edderes de los partidos<\/strong>&nbsp;son conscientes de que solos no est\u00e1n en condiciones de competir, principalmente si compiten contra alianzas o coaliciones, como por ejemplo Pacto Social de Integraci\u00f3n (PSI) y Verde Ecologista que anunciaron que podr\u00edan competir con candidato propio.<\/p>\n\n\n\n<p>Y es que, dijo,&nbsp;<strong>de esta manera pueden ir negociando posiciones<\/strong>&nbsp;y viendo con quien van conforme a sus intereses y que tiene que ver con una realidad de que han perdido votos, aunque esto igual lo hacen conforme a los tiempos electorales para tomar una decisi\u00f3n al respecto.-Publicidad-<\/p>\n\n\n\n<p>Ante esto, precis\u00f3 que lo que se ha visto e<strong>n los \u00faltimos procesos son coaliciones electorales<\/strong>&nbsp;y no de agendas compatibles, por lo que es un punto en el que los partidos deber\u00edan trabajar detalladamente, ya que ninguno de los dos lados se toma en consideraci\u00f3n la opini\u00f3n de todos.<\/p>\n\n\n\n<h2 class=\"wp-block-heading\"><strong>Es un \u00e1rea de oportunidad a trabajar&nbsp;<\/strong><\/h2>\n\n\n\n<p>Lo anterior, puso de ejemplo que de&nbsp;<strong>la coalici\u00f3n de \u201cJuntos Haremos Historia\u201d, quien lleva la agenda y marca el ritmo es Morena,<\/strong>&nbsp;mientras que, del otro lado, es decir, PAN, PRI y PRD, aunque se ha tenido alianza estatal, no se traduce en una plataforma de gobierno, ya que lo que se ha visto son agendas legislativas para la aprobaci\u00f3n de leyes.<\/p>\n\n\n\n<p>\u201cMe parece que es una oportunidad en la que tendr\u00edan que trabajar,&nbsp;<strong>sobre todo para el frente opositor en este caso.<\/strong>&nbsp;Hemos visto que se respetan acuerdo, pero se tiene que revisar si todos los actores est\u00e1n dispuestos a ello, porque los partidos peque\u00f1os pueden decir, me quieres, est\u00e1 bien, pero qu\u00e9 hay a cambio\u201d, expres\u00f3.- Publicidad &#8211;<\/p>\n\n\n\n<p>Refiri\u00f3 que si bien a\u00fan no inicia el proceso electoral local, Morena y aliados ya se adelantaron a diferencia de lo que hace<strong>&nbsp;el Frente Amplio Por M\u00e9xico (FAM)<\/strong>&nbsp;que a\u00fan no define c\u00f3mo ser\u00e1 su m\u00e9todo, pero tomando en consideraci\u00f3n que a nivel nacional se hizo casi a la par, la oposici\u00f3n ya se atras\u00f3.<\/p>\n\n\n\n<p>Ram\u00f3n P\u00e9rez dijo que, ante esta situaci\u00f3n, los partidos oficialistas tienen ventaja de posicionamiento por delante del PAN, PRI y PAN, lo cual contempla tambi\u00e9n&nbsp;<strong>el papel que jueguen los medios de comunicaci\u00f3n<\/strong>&nbsp;y las redes sociales, sobre todo \u00e9stas \u00faltimas que es donde m\u00e1s se politiza.<\/p>\n\n\n\n<p>\u201cSe puede ver desde dos perspectivas, una que s\u00ed van antes de los tiempos y, por otro lado, en el frente no vemos una cultura clara,&nbsp;<strong>aunque s\u00ed con la figura de X\u00f3chitl G\u00e1lvez<\/strong>&nbsp;eleva las posibilidades de algunos aspirantes, lo cierto es que lo que marca la ley electoral, pues si no est\u00e1n respetando\u201d, expres\u00f3.-Publicidad-<\/p>\n\n\n\n<h2 class=\"wp-block-heading\"><strong>Convocatoria de Morena pone l\u00edmites, dice&nbsp;<\/strong><\/h2>\n\n\n\n<p>En ese tenor, la acad\u00e9mica coment\u00f3 que la convocatoria es clara y el partido est\u00e1 tratando de cerrar filas&nbsp;<strong>para evitar lo que pas\u00f3 a nivel nacional de Marcelo Ebrard Casaub\u00f3n,<\/strong>&nbsp;sobre todo porque en Puebla son m\u00e1s de diez los que tiene la aspiraci\u00f3n por quedarse con la Coordinaci\u00f3n Estatal de los Comit\u00e9s de la Defensa de la Transformaci\u00f3n.<\/p>\n\n\n\n<p>Esto, ya que dijo que se est\u00e1n poniendo los l\u00edmites para los que compitan, adem\u00e1s de que se abre la puerta para que igual militantes externos&nbsp;<strong>como el Partido del Trabajo<\/strong>&nbsp;se registren, aunque hizo \u00e9nfasis en que siempre se corre el riesgo que alguien se inconforme si el resultado no le parece.<\/p>\n\n\n\n<p>\u201cNo solo se trata de que, si cumplen los requisitos o no, sino de todo lo que contempla en la convocatoria, pero el hecho de que haya dos encuestas con espejos con empresas de prestigios y&nbsp;<strong>cuando vemos el n\u00famero de aspirantes s\u00ed es muy amplio,<\/strong>&nbsp;pero todo esto puede ir acortando el hecho de que haya problemas internos\u201d, expres\u00f3.<\/p>\n\n\n\n<p>Dijo que, si bien son pocos los que van en la punta,&nbsp;<a href=\"https:\/\/www.angulo7.com.mx\/2023\/09\/19\/conoce-quienes-buscan-la-candidatura-de-morena-en-puebla\/\">se han ido apareciendo otros<\/a>, por lo que tambi\u00e9n puede representar \u201clos premios que les toque\u201d y e<strong>so ser\u00e1 un tema que tendr\u00e1 que valorar el partido,<\/strong>&nbsp;por lo que se\u00f1al\u00f3 que si todos se ci\u00f1en y respetan las reglas no habr\u00e1 conflictos.<\/p>\n\n\n\n<p><strong>La acad\u00e9mica consider\u00f3 que los procesos internos son m\u00e1s complicados<\/strong>&nbsp;que ya una elecci\u00f3n constitucional, aunque eso se da igual en gran parte por los propios actores, con las inconformidades que tengan si no les parece un resultado y las negociaciones de los partidos al hacer las alianzas.<\/p>\n\n\n\n<p>ERG<\/p>\n\n\n\n<p>Fuente: <a href=\"https:\/\/www.angulo7.com.mx\/2023\/09\/21\/plataforma-y-agenda-ciudadana-reto-de-coaliciones-en-puebla-politologa\/\">https:\/\/www.angulo7.com.mx\/2023\/09\/21\/plataforma-y-agenda-ciudadana-reto-de-coaliciones-en-puebla-politologa\/<\/a><\/p>\n","protected":false},"excerpt":{"rendered":"<p>EDGAR GUZM\u00c1N URIBE \/ \u00c1GULO 7 Los partidos pol\u00edticos que vayan en coalici\u00f3n para el proceso del 2024 en Puebla,&nbsp;como [&hellip;]<\/p>\n","protected":false},"author":1,"featured_media":59518,"comment_status":"open","ping_status":"open","sticky":false,"template":"","format":"standard","meta":{"site-sidebar-layout":"default","site-content-layout":"","ast-site-content-layout":"default","site-content-style":"default","site-sidebar-style":"default","ast-global-header-display":"","ast-banner-title-visibility":"","ast-main-header-display":"","ast-hfb-above-header-display":"","ast-hfb-below-header-display":"","ast-hfb-mobile-header-display":"","site-post-title":"","ast-breadcrumbs-content":"","ast-featured-img":"","footer-sml-layout":"","theme-transparent-header-meta":"","adv-header-id-meta":"","stick-header-meta":"","header-above-stick-meta":"","header-main-stick-meta":"","header-below-stick-meta":"","astra-migrate-meta-layouts":"default","ast-page-background-enabled":"default","ast-page-background-meta":{"desktop":{"background-color":"var(--ast-global-color-4)","background-image":"","background-repeat":"repeat","background-position":"center center","background-size":"auto","background-attachment":"scroll","background-type":"","background-media":"","overlay-type":"","overlay-color":"","overlay-opacity":"","overlay-gradient":""},"tablet":{"background-color":"","background-image":"","background-repeat":"repeat","background-position":"center center","background-size":"auto","background-attachment":"scroll","background-type":"","background-media":"","overlay-type":"","overlay-color":"","overlay-opacity":"","overlay-gradient":""},"mobile":{"background-color":"","background-image":"","background-repeat":"repeat","background-position":"center center","background-size":"auto","background-attachment":"scroll","background-type":"","background-media":"","overlay-type":"","overlay-color":"","overlay-opacity":"","overlay-gradient":""}},"ast-content-background-meta":{"desktop":{"background-color":"var(--ast-global-color-5)","background-image":"","background-repeat":"repeat","background-position":"center center","background-size":"auto","background-attachment":"scroll","background-type":"","background-media":"","overlay-type":"","overlay-color":"","overlay-opacity":"","overlay-gradient":""},"tablet":{"background-color":"var(--ast-global-color-5)","background-image":"","background-repeat":"repeat","background-position":"center center","background-size":"auto","background-attachment":"scroll","background-type":"","background-media":"","overlay-type":"","overlay-color":"","overlay-opacity":"","overlay-gradient":""},"mobile":{"background-color":"var(--ast-global-color-5)","background-image":"","background-repeat":"repeat","background-position":"center center","background-size":"auto","background-attachment":"scroll","background-type":"","background-media":"","overlay-type":"","overlay-color":"","overlay-opacity":"","overlay-gradient":""}},"footnotes":""},"categories":[8],"tags":[19092,19091,19093],"class_list":["post-59517","post","type-post","status-publish","format-standard","has-post-thumbnail","hentry","category-noticias","tag-agendas-ciudadanas-2024","tag-agendas-politcas-2024","tag-dra-claudia-ramon-perez"],"_links":{"self":[{"href":"https:\/\/losperiodistas.com.mx\/portal\/wp-json\/wp\/v2\/posts\/59517","targetHints":{"allow":["GET"]}}],"collection":[{"href":"https:\/\/losperiodistas.com.mx\/portal\/wp-json\/wp\/v2\/posts"}],"about":[{"href":"https:\/\/losperiodistas.com.mx\/portal\/wp-json\/wp\/v2\/types\/post"}],"author":[{"embeddable":true,"href":"https:\/\/losperiodistas.com.mx\/portal\/wp-json\/wp\/v2\/users\/1"}],"replies":[{"embeddable":true,"href":"https:\/\/losperiodistas.com.mx\/portal\/wp-json\/wp\/v2\/comments?post=59517"}],"version-history":[{"count":1,"href":"https:\/\/losperiodistas.com.mx\/portal\/wp-json\/wp\/v2\/posts\/59517\/revisions"}],"predecessor-version":[{"id":59519,"href":"https:\/\/losperiodistas.com.mx\/portal\/wp-json\/wp\/v2\/posts\/59517\/revisions\/59519"}],"wp:featuredmedia":[{"embeddable":true,"href":"https:\/\/losperiodistas.com.mx\/portal\/wp-json\/wp\/v2\/media\/59518"}],"wp:attachment":[{"href":"https:\/\/losperiodistas.com.mx\/portal\/wp-json\/wp\/v2\/media?parent=59517"}],"wp:term":[{"taxonomy":"category","embeddable":true,"href":"https:\/\/losperiodistas.com.mx\/portal\/wp-json\/wp\/v2\/categories?post=59517"},{"taxonomy":"post_tag","embeddable":true,"href":"https:\/\/losperiodistas.com.mx\/portal\/wp-json\/wp\/v2\/tags?post=59517"}],"curies":[{"name":"wp","href":"https:\/\/api.w.org\/{rel}","templated":true}]}}