{"id":59514,"date":"2023-09-22T06:50:54","date_gmt":"2023-09-22T11:50:54","guid":{"rendered":"http:\/\/losperiodistas.com.mx\/portal\/?p=59514"},"modified":"2023-09-22T06:50:56","modified_gmt":"2023-09-22T11:50:56","slug":"dia-internacional-del-mimo-did","status":"publish","type":"post","link":"https:\/\/losperiodistas.com.mx\/portal\/dia-internacional-del-mimo-did\/","title":{"rendered":"D\u00eda Internacional del Mimo\u00a0| DID"},"content":{"rendered":"\n<figure class=\"wp-block-image size-full is-style-default\"><img fetchpriority=\"high\" decoding=\"async\" width=\"960\" height=\"720\" src=\"https:\/\/losperiodistas.com.mx\/portal\/wp-content\/uploads\/2023\/09\/teatro-negro-praga.jpeg\" alt=\"\" class=\"wp-image-59515\" srcset=\"https:\/\/losperiodistas.com.mx\/portal\/wp-content\/uploads\/2023\/09\/teatro-negro-praga.jpeg 960w, https:\/\/losperiodistas.com.mx\/portal\/wp-content\/uploads\/2023\/09\/teatro-negro-praga-300x225.jpeg 300w, https:\/\/losperiodistas.com.mx\/portal\/wp-content\/uploads\/2023\/09\/teatro-negro-praga-768x576.jpeg 768w\" sizes=\"(max-width: 960px) 100vw, 960px\" \/><\/figure>\n\n\n\n<p><\/p>\n\n\n\n<p class=\"has-vivid-red-color has-text-color has-medium-font-size\"><strong>REDACCI\u00d3N D\u00cdA INTERNACIONAL DE<\/strong><\/p>\n\n\n\n<p>La iniciativa de celebrar el&nbsp;<strong>D\u00eda Internacional del Mimo<\/strong>&nbsp;surgi\u00f3 del actor y mimo franc\u00e9s&nbsp;<strong>Jean Bernard Laclotte<\/strong>, quien propuso festejar este arte cada 22 de septiembre en conmemoraci\u00f3n a la muerte de Marcel Marceau.<\/p>\n\n\n\n<p>Aunque se desconoce la fecha oficial en la que se instituy\u00f3 esta celebraci\u00f3n, las fuentes nos hacen ver que dicho d\u00eda comenz\u00f3 a festejarse en el a\u00f1o 2011, con la participaron de diversos pa\u00edses del mundo, entre ellos: Francia, Espa\u00f1a, Argentina, Venezuela, M\u00e9xico, Costa Rica, Guatemala, Colombia, Chile, Estados Unidos, Uruguay y Per\u00fa.<\/p>\n\n\n\n<figure class=\"wp-block-embed is-type-video is-provider-youtube wp-block-embed-youtube wp-embed-aspect-16-9 wp-has-aspect-ratio\"><div class=\"wp-block-embed__wrapper\">\n<iframe title=\"EL MIMO JUD\u00cdO QUE ESCAP\u00d3 DEL NAZISMO\" width=\"500\" height=\"281\" src=\"https:\/\/www.youtube.com\/embed\/ZdBStqTeWoY?feature=oembed\" frameborder=\"0\" allow=\"accelerometer; autoplay; clipboard-write; encrypted-media; gyroscope; picture-in-picture; web-share\" referrerpolicy=\"strict-origin-when-cross-origin\" allowfullscreen><\/iframe>\n<\/div><figcaption><em>Video sobre la vida del mimo Marcel Marceau<\/em><\/figcaption><\/figure>\n\n\n\n<p>Es importante se\u00f1alar que\u00a0<em>Laclotte<\/em>\u00a0es un actor, mimo, director teatral y profesor de expresi\u00f3n corporal que estudio con Marceau y tiene participaci\u00f3n activa durante el\u00a0<strong>D\u00eda Internacional del Mimo<\/strong>. Durante las festividades es posible disfrutar de sus presentaciones, as\u00ed como de otras diversas actividades destinadas al disfrute de este arte silente.<\/p>\n\n\n\n<h2 class=\"wp-block-heading\" id=\"resTit_2\">\u00bfQu\u00e9 son los mimos?<\/h2>\n\n\n\n<p>Los mimos son actores que, sin utilizar palabras, representan historias por medio de movimientos, gestos y expresi\u00f3n corporal. Su origen proviene de la antigua Grecia donde se realizaban obras de distintos g\u00e9neros. Este arte se ir\u00eda expandiendo paulatinamente a otras regiones como Sicilia, Roma y Alejandr\u00eda, entre otros, evolucionando con el correr del tiempo.<\/p>\n\n\n\n<p>Fue conservado por compa\u00f1\u00edas ambulantes en la Europa medieval, resurgiendo con la&nbsp;<strong>Commedia dell&#8217; Arte<\/strong>&nbsp;(teatro popular nacido en Italia, siglos XVI-XIX). Luego continuar\u00eda su desarrollo con representantes como: Jean-GaspardDeburau, Jacques Copeau, \u00c8tienneDecroux, Jacques Lecoq y Marcel Marceau. Cada uno agregando elementos distintivos a este arte.<\/p>\n\n\n\n<h2 class=\"wp-block-heading\" id=\"resTit_3\">\u00bfQuien fue Marcel Marceau?<\/h2>\n\n\n\n<p>Naci\u00f3 el 22 de marzo de 1923 en Estrasburgo (Francia). De origen jud\u00edo, durante su adolescencia tuvo que abandonar su hogar junto a su familia debido a la invasi\u00f3n de las tropas alemanas durante la II Guerra Mundial, estableci\u00e9ndose en Limoges.<\/p>\n\n\n\n<figure class=\"wp-block-image is-style-default\"><img decoding=\"async\" src=\"https:\/\/www.diainternacionalde.com\/imagenes\/dias\/septiembre\/09-22_dia-internacional-del-mimo_marcel-marceau_m.jpg\" alt=\"El mimo Marcel Marceau\" title=\"El mimo Marcel Marceau\"\/><figcaption>El mimo Marcel Marceau<\/figcaption><\/figure>\n\n\n\n<p>Su padre fue arrestado por la polic\u00eda secreta de los nazis (Gestapo) y enviado a Auschwitz (campo de concentraci\u00f3n), donde morir\u00eda en 1944. Debido a la situaci\u00f3n, \u00e9l y su hermano cambian su apellido al de Marceau, a fin de ocultar su origen jud\u00edo. Posteriormente se alistan en la Resistencia francesa y luego a las fuerzas de la Francia Libre de Charles de Gaulle.<\/p>\n\n\n\n<p>Su admiraci\u00f3n por Charles Chaplin, lo llev\u00f3 a interesarse por la actuaci\u00f3n, iniciando su carrera actuando para las tropas francesas de ocupaci\u00f3n. Al finalizar la guerra comenz\u00f3 a estudiar arte dram\u00e1tico en la academia Charles Dullinen el teatro Sarah Bernhardt de Par\u00eds.<\/p>\n\n\n\n<p>En 1947 cre\u00f3&nbsp;<strong><em>Bip<\/em><\/strong>, un personaje que ten\u00eda un su\u00e9ter a rayas, pantalones negros anchos y un sombrero con una flor roja. Dicho personaje enfrentaba diversas desventuras y se convertir\u00eda en un \u00edcono de este arte. Marceau logr\u00f3, en cada interpretaci\u00f3n, cautivar a los espectadores mezclando la acrobacia, el ballet, el ilusionismo y la genialidad.<\/p>\n\n\n\n<p>Muri\u00f3 el 22 de septiembre de 2007 producto de una enfermedad. Sus restos se encuentran en el cementerio P\u00e8re Lachaise de Par\u00eds.<\/p>\n\n\n\n<h2 class=\"wp-block-heading\" id=\"resTit_4\">Celebraci\u00f3n en silencio<\/h2>\n\n\n\n<p>Los mimos del mundo celebran este d\u00eda recurriendo a la genialidad y arte para presentar festivales nacionales e internacionales, presentaciones callejeras, homenajes a Marcel Marceau, performances, encuentros, actividades infantiles y muchas cosas m\u00e1s. Una forma de llevar alegr\u00eda a todos nosotros trav\u00e9s del silencio.<\/p>\n\n\n\n<p>Al acercarse el d\u00eda, debemos estar atentos de las noticias y redes sociales, para ver lo que nos tienen preparado este a\u00f1o. Usa el hashtag&nbsp;<strong><em>#DiaInternacionaldelMimo<\/em><\/strong><\/p>\n\n\n\n<p>Tambi\u00e9n puedes seguir al creador de este d\u00eda\u00a0<strong>Jean Bernard Laclotte<\/strong>\u00a0a trav\u00e9s de\u00a0<a href=\"http:\/\/laclotte.mime.free.fr\/\" target=\"_blank\" rel=\"noreferrer noopener\">su p\u00e1gina web<\/a>.<\/p>\n\n\n\n<p>Fuente: <a href=\"https:\/\/www.diainternacionalde.com\/ficha\/dia-internacional-del-mimo\">https:\/\/www.diainternacionalde.com\/ficha\/dia-internacional-del-mimo<\/a><\/p>\n","protected":false},"excerpt":{"rendered":"<p>REDACCI\u00d3N D\u00cdA INTERNACIONAL DE La iniciativa de celebrar el&nbsp;D\u00eda Internacional del Mimo&nbsp;surgi\u00f3 del actor y mimo franc\u00e9s&nbsp;Jean Bernard Laclotte, quien [&hellip;]<\/p>\n","protected":false},"author":1,"featured_media":59515,"comment_status":"open","ping_status":"open","sticky":false,"template":"","format":"standard","meta":{"site-sidebar-layout":"default","site-content-layout":"","ast-site-content-layout":"default","site-content-style":"default","site-sidebar-style":"default","ast-global-header-display":"","ast-banner-title-visibility":"","ast-main-header-display":"","ast-hfb-above-header-display":"","ast-hfb-below-header-display":"","ast-hfb-mobile-header-display":"","site-post-title":"","ast-breadcrumbs-content":"","ast-featured-img":"","footer-sml-layout":"","theme-transparent-header-meta":"","adv-header-id-meta":"","stick-header-meta":"","header-above-stick-meta":"","header-main-stick-meta":"","header-below-stick-meta":"","astra-migrate-meta-layouts":"default","ast-page-background-enabled":"default","ast-page-background-meta":{"desktop":{"background-color":"var(--ast-global-color-4)","background-image":"","background-repeat":"repeat","background-position":"center center","background-size":"auto","background-attachment":"scroll","background-type":"","background-media":"","overlay-type":"","overlay-color":"","overlay-opacity":"","overlay-gradient":""},"tablet":{"background-color":"","background-image":"","background-repeat":"repeat","background-position":"center center","background-size":"auto","background-attachment":"scroll","background-type":"","background-media":"","overlay-type":"","overlay-color":"","overlay-opacity":"","overlay-gradient":""},"mobile":{"background-color":"","background-image":"","background-repeat":"repeat","background-position":"center center","background-size":"auto","background-attachment":"scroll","background-type":"","background-media":"","overlay-type":"","overlay-color":"","overlay-opacity":"","overlay-gradient":""}},"ast-content-background-meta":{"desktop":{"background-color":"var(--ast-global-color-5)","background-image":"","background-repeat":"repeat","background-position":"center center","background-size":"auto","background-attachment":"scroll","background-type":"","background-media":"","overlay-type":"","overlay-color":"","overlay-opacity":"","overlay-gradient":""},"tablet":{"background-color":"var(--ast-global-color-5)","background-image":"","background-repeat":"repeat","background-position":"center center","background-size":"auto","background-attachment":"scroll","background-type":"","background-media":"","overlay-type":"","overlay-color":"","overlay-opacity":"","overlay-gradient":""},"mobile":{"background-color":"var(--ast-global-color-5)","background-image":"","background-repeat":"repeat","background-position":"center center","background-size":"auto","background-attachment":"scroll","background-type":"","background-media":"","overlay-type":"","overlay-color":"","overlay-opacity":"","overlay-gradient":""}},"footnotes":""},"categories":[8],"tags":[19090,19088,19089],"class_list":["post-59514","post","type-post","status-publish","format-standard","has-post-thumbnail","hentry","category-noticias","tag-diainternacionaldelmimo","tag-jean-bernard-laclotte","tag-marcel-marceau"],"_links":{"self":[{"href":"https:\/\/losperiodistas.com.mx\/portal\/wp-json\/wp\/v2\/posts\/59514","targetHints":{"allow":["GET"]}}],"collection":[{"href":"https:\/\/losperiodistas.com.mx\/portal\/wp-json\/wp\/v2\/posts"}],"about":[{"href":"https:\/\/losperiodistas.com.mx\/portal\/wp-json\/wp\/v2\/types\/post"}],"author":[{"embeddable":true,"href":"https:\/\/losperiodistas.com.mx\/portal\/wp-json\/wp\/v2\/users\/1"}],"replies":[{"embeddable":true,"href":"https:\/\/losperiodistas.com.mx\/portal\/wp-json\/wp\/v2\/comments?post=59514"}],"version-history":[{"count":1,"href":"https:\/\/losperiodistas.com.mx\/portal\/wp-json\/wp\/v2\/posts\/59514\/revisions"}],"predecessor-version":[{"id":59516,"href":"https:\/\/losperiodistas.com.mx\/portal\/wp-json\/wp\/v2\/posts\/59514\/revisions\/59516"}],"wp:featuredmedia":[{"embeddable":true,"href":"https:\/\/losperiodistas.com.mx\/portal\/wp-json\/wp\/v2\/media\/59515"}],"wp:attachment":[{"href":"https:\/\/losperiodistas.com.mx\/portal\/wp-json\/wp\/v2\/media?parent=59514"}],"wp:term":[{"taxonomy":"category","embeddable":true,"href":"https:\/\/losperiodistas.com.mx\/portal\/wp-json\/wp\/v2\/categories?post=59514"},{"taxonomy":"post_tag","embeddable":true,"href":"https:\/\/losperiodistas.com.mx\/portal\/wp-json\/wp\/v2\/tags?post=59514"}],"curies":[{"name":"wp","href":"https:\/\/api.w.org\/{rel}","templated":true}]}}