{"id":59501,"date":"2023-09-21T21:13:29","date_gmt":"2023-09-22T02:13:29","guid":{"rendered":"http:\/\/losperiodistas.com.mx\/portal\/?p=59501"},"modified":"2023-09-21T21:13:31","modified_gmt":"2023-09-22T02:13:31","slug":"eduardo-rivera-el-mejor-perfil-para-gobernador-de-puebla-marko-cortes-e-consulta","status":"publish","type":"post","link":"https:\/\/losperiodistas.com.mx\/portal\/eduardo-rivera-el-mejor-perfil-para-gobernador-de-puebla-marko-cortes-e-consulta\/","title":{"rendered":"Eduardo Rivera, el mejor perfil para gobernador de Puebla: Marko Cort\u00e9s | E-Consulta"},"content":{"rendered":"\n<p class=\"has-medium-font-size\">\u00abAl que le falta decir que s\u00ed es a Eduardo Rivera, hay que presionarlo duro; es mucho mejor perfil que Mier y que Armenta\u00bb, asent\u00f3<\/p>\n\n\n\n<figure class=\"wp-block-image size-large is-style-default\"><img fetchpriority=\"high\" decoding=\"async\" width=\"1024\" height=\"683\" src=\"https:\/\/losperiodistas.com.mx\/portal\/wp-content\/uploads\/2023\/09\/Captura-de-Pantalla-2023-09-21-a-las-20.07.54-1024x683.jpg\" alt=\"\" class=\"wp-image-59502\" srcset=\"https:\/\/losperiodistas.com.mx\/portal\/wp-content\/uploads\/2023\/09\/Captura-de-Pantalla-2023-09-21-a-las-20.07.54-1024x683.jpg 1024w, https:\/\/losperiodistas.com.mx\/portal\/wp-content\/uploads\/2023\/09\/Captura-de-Pantalla-2023-09-21-a-las-20.07.54-300x200.jpg 300w, https:\/\/losperiodistas.com.mx\/portal\/wp-content\/uploads\/2023\/09\/Captura-de-Pantalla-2023-09-21-a-las-20.07.54-768x512.jpg 768w, https:\/\/losperiodistas.com.mx\/portal\/wp-content\/uploads\/2023\/09\/Captura-de-Pantalla-2023-09-21-a-las-20.07.54.jpg 1280w\" sizes=\"(max-width: 1024px) 100vw, 1024px\" \/><figcaption>Foto \/ Agencia Enfoque<br><br><a href=\"https:\/\/www.facebook.com\/sharer\/sharer.php?u=https:\/\/www.e-consulta.com\/nota\/2023-09-21\/elecciones\/eduardo-rivera-el-mejor-perfil-para-gobernador-de-puebla-marko-cortes\" target=\"_blank\" rel=\"noreferrer noopener\"><\/a><a href=\"https:\/\/twitter.com\/intent\/tweet?text=Eduardo%20Rivera%2C%20el%20mejor%20perfil%20para%20gobernador%20de%20Puebla%3A%20Marko%20Cort%C3%A9s&amp;url=https:\/\/www.e-consulta.com\/nota\/2023-09-21\/elecciones\/eduardo-rivera-el-mejor-perfil-para-gobernador-de-puebla-marko-cortes&amp;via=e_consulta\" target=\"_blank\" rel=\"noreferrer noopener\"><\/a><a href=\"whatsapp:\/\/send?text=Eduardo%20Rivera%2C%20el%20mejor%20perfil%20para%20gobernador%20de%20Puebla%3A%20Marko%20Cort%C3%A9s%20-%20[Leer]%20https:\/\/www.e-consulta.com\/nota\/2023-09-21\/elecciones\/eduardo-rivera-el-mejor-perfil-para-gobernador-de-puebla-marko-cortes\"><\/a><\/figcaption><\/figure>\n\n\n\n<p class=\"has-vivid-red-color has-text-color has-medium-font-size\"><strong>ANAID PI\u00d1AS \/ E-CONSULTA<\/strong><\/p>\n\n\n\n<p>El dirigente federal de Acci\u00f3n Nacional (PAN),&nbsp;<strong><a href=\"https:\/\/www.e-consulta.com\/nota\/2023-08-25\/elecciones\/nadia-navarro-puebla-quiere-gobernadora-y-marko-cortes-me-respalda\" target=\"_blank\" rel=\"noreferrer noopener\">Marko Cort\u00e9s<\/a>&nbsp;Mendoza<\/strong>, asegur\u00f3 que el mejor perfil de la oposici\u00f3n para competir por la gubernatura de Puebla en 2024 es el presidente municipal,&nbsp;<strong>Eduardo Rivera P\u00e9rez<\/strong>.<\/p>\n\n\n\n<p>En rueda de prensa durante la&nbsp;<strong>inauguraci\u00f3n de las nuevas oficinas del blanquiazul<\/strong>&nbsp;y la celebraci\u00f3n de los&nbsp;<strong>84 a\u00f1os de vida del partido<\/strong>, Marko Cort\u00e9s afirm\u00f3 que el alcalde representa la&nbsp;<strong>oportunidad de vencer a Morena<\/strong>&nbsp;y recuperar el estado.<\/p>\n\n\n\n<p>Indic\u00f3 que ser\u00e1 respetuoso de las aspiraciones pol\u00edticas de los dem\u00e1s perfiles que han levantado la mano por la candidatura, como la senadora&nbsp;<strong><a href=\"https:\/\/www.e-consulta.com\/nota\/2023-09-20\/elecciones\/ana-teresa-aranda-busca-alcaldia-capitalina\" target=\"_blank\" rel=\"noreferrer noopener\">Nadia Navarro Acevedo<\/a><\/strong>; sin embargo, dijo que hay que ser \u00abrealistas\u00bb y reconocer que el cuadro&nbsp;<strong>mejor posicionado en la entidad es&nbsp;<a href=\"https:\/\/www.e-consulta.com\/nota\/2023-09-21\/gobierno\/inaugura-rivera-perez-seminario-internacional-de-seguridad-en-puebla\" target=\"_blank\" rel=\"noreferrer noopener\">Eduardo Rivera P\u00e9rez<\/a><\/strong>.<\/p>\n\n\n\n<p>\u00abEsto no se trata de afinidades (&#8230;). A la senadora Nadia le reconozco su aspiraci\u00f3n, pero tambi\u00e9n reconozco las mediciones, tambi\u00e9n reconozco las encuestas y tambi\u00e9n s\u00e9 que va a haber mucha generosidad como lo hubo a nivel nacional con&nbsp;<strong>X\u00f3chitl G\u00e1lvez<\/strong>, donde&nbsp;<strong>se privilegi\u00f3 quien era la persona m\u00e1s competitiva<\/strong>\u00ab, destac\u00f3 el l\u00edder nacional del PAN.<\/p>\n\n\n\n<p>Te puede interesar:<\/p>\n\n\n\n<p><a href=\"https:\/\/www.e-consulta.com\/nota\/2023-09-21\/ciudad\/eduardo-rivera-presentara-su-segundo-informe-de-gobierno-el-15-de-octubre\">Eduardo Rivera presentar\u00e1 su segundo informe de gobierno el 15 de octubre<\/a><\/p>\n\n\n\n<p>En ese sentido, pidi\u00f3 al presidente municipal hacer p\u00fablicas sus aspiraciones y confi\u00f3 en que \u00ab<strong>el momento clave\u00bb ser\u00e1 durante su informe de labores<\/strong>, evento al cual acudir\u00e1 para ser testigo de su destape, ya que es el \u00fanico \u00abal que le falta decir que s\u00ed\u00bb.<\/p>\n\n\n\n<p>\u00ab<strong>Al que le falta decir que s\u00ed es a Eduardo Rivera<\/strong>, hay que presionarlo duro. Cuando digo que es el mejor perfil para ser el pr\u00f3ximo gobernador me refiero a que&nbsp;<strong>es el mejor perfil de toda la oposici\u00f3n<\/strong>, y es&nbsp;<strong>mucho mejor perfil que Mier y que Armenta<\/strong>\u00ab, asent\u00f3.<\/p>\n\n\n\n<p><a href=\"https:\/\/archivo.e-consulta.com\/blogs\/corte\/tag\/marko-cortes\/\" target=\"_blank\" rel=\"noreferrer noopener\">Marko Cort\u00e9s<\/a>&nbsp;Mendoza dijo que las dirigencias estatales del PAN, el Revolucionario Institucional (PRI) y el Partido de la Revoluci\u00f3n Democr\u00e1tica (PRD) llegar\u00e1n a los acuerdos necesarios para&nbsp;<strong>recuperar la mayor\u00eda de espacios<\/strong>&nbsp;en el pr\u00f3ximo proceso electoral, abanderando a los cuadros m\u00e1s fuertes.<\/p>\n\n\n\n<p>Tambi\u00e9n celebr\u00f3 la denuncia que present\u00f3 la diputada federal&nbsp;<strong>Ana Teresa Aranda<\/strong>&nbsp;<strong>Orozco<\/strong>&nbsp;en contra del diputado federal y aspirante a la gubernatura por Morena,&nbsp;<strong>Ignacio Mier Velazco<\/strong>, por presuntos actos anticipados de campa\u00f1a, en especial porque no ha justificado el origen de los recursos con los que paga su propaganda.<\/p>\n\n\n\n<p>Te puede interesar:<\/p>\n\n\n\n<p><a href=\"https:\/\/www.e-consulta.com\/nota\/2023-09-21\/elecciones\/proceso-de-frente-amplio-por-mexico-en-puebla-sera-diferente-al-nacional\">Proceso de Frente Amplio por M\u00e9xico en Puebla ser\u00e1 diferente al naciona<\/a><\/p>\n\n\n\n<p>Por lo que llam\u00f3 a la fracci\u00f3n parlamentaria a preparar una queja similar en contra del senador Alejandro Armenta Mier, al ser el segundo perfil m\u00e1s conocido del oficialismo, pues al exsecretario de Gobernaci\u00f3n,\u00a0<strong><a href=\"https:\/\/www.e-consulta.com\/nota\/2023-09-20\/politica\/julio-huerta-apuesta-promover-el-desarrollo-metropolitano-de-puebla\" target=\"_blank\" rel=\"noreferrer noopener\">Julio Huerta G\u00f3mez<\/a>,<\/strong>\u00a0\u00abnadie lo conoce\u00bb. (JT)<\/p>\n\n\n\n<p>Fuente: <a href=\"https:\/\/www.e-consulta.com\/nota\/2023-09-21\/elecciones\/eduardo-rivera-el-mejor-perfil-para-gobernador-de-puebla-marko-cortes\">https:\/\/www.e-consulta.com\/nota\/2023-09-21\/elecciones\/eduardo-rivera-el-mejor-perfil-para-gobernador-de-puebla-marko-cortes<\/a><\/p>\n","protected":false},"excerpt":{"rendered":"<p>\u00abAl que le falta decir que s\u00ed es a Eduardo Rivera, hay que presionarlo duro; es mucho mejor perfil que [&hellip;]<\/p>\n","protected":false},"author":1,"featured_media":59502,"comment_status":"open","ping_status":"open","sticky":false,"template":"","format":"standard","meta":{"site-sidebar-layout":"default","site-content-layout":"","ast-site-content-layout":"default","site-content-style":"default","site-sidebar-style":"default","ast-global-header-display":"","ast-banner-title-visibility":"","ast-main-header-display":"","ast-hfb-above-header-display":"","ast-hfb-below-header-display":"","ast-hfb-mobile-header-display":"","site-post-title":"","ast-breadcrumbs-content":"","ast-featured-img":"","footer-sml-layout":"","theme-transparent-header-meta":"","adv-header-id-meta":"","stick-header-meta":"","header-above-stick-meta":"","header-main-stick-meta":"","header-below-stick-meta":"","astra-migrate-meta-layouts":"default","ast-page-background-enabled":"default","ast-page-background-meta":{"desktop":{"background-color":"var(--ast-global-color-4)","background-image":"","background-repeat":"repeat","background-position":"center center","background-size":"auto","background-attachment":"scroll","background-type":"","background-media":"","overlay-type":"","overlay-color":"","overlay-opacity":"","overlay-gradient":""},"tablet":{"background-color":"","background-image":"","background-repeat":"repeat","background-position":"center center","background-size":"auto","background-attachment":"scroll","background-type":"","background-media":"","overlay-type":"","overlay-color":"","overlay-opacity":"","overlay-gradient":""},"mobile":{"background-color":"","background-image":"","background-repeat":"repeat","background-position":"center center","background-size":"auto","background-attachment":"scroll","background-type":"","background-media":"","overlay-type":"","overlay-color":"","overlay-opacity":"","overlay-gradient":""}},"ast-content-background-meta":{"desktop":{"background-color":"var(--ast-global-color-5)","background-image":"","background-repeat":"repeat","background-position":"center center","background-size":"auto","background-attachment":"scroll","background-type":"","background-media":"","overlay-type":"","overlay-color":"","overlay-opacity":"","overlay-gradient":""},"tablet":{"background-color":"var(--ast-global-color-5)","background-image":"","background-repeat":"repeat","background-position":"center center","background-size":"auto","background-attachment":"scroll","background-type":"","background-media":"","overlay-type":"","overlay-color":"","overlay-opacity":"","overlay-gradient":""},"mobile":{"background-color":"var(--ast-global-color-5)","background-image":"","background-repeat":"repeat","background-position":"center center","background-size":"auto","background-attachment":"scroll","background-type":"","background-media":"","overlay-type":"","overlay-color":"","overlay-opacity":"","overlay-gradient":""}},"footnotes":""},"categories":[8],"tags":[1286,2089,248],"class_list":["post-59501","post","type-post","status-publish","format-standard","has-post-thumbnail","hentry","category-noticias","tag-eduardo-rivera","tag-marko-cortes","tag-pan"],"_links":{"self":[{"href":"https:\/\/losperiodistas.com.mx\/portal\/wp-json\/wp\/v2\/posts\/59501","targetHints":{"allow":["GET"]}}],"collection":[{"href":"https:\/\/losperiodistas.com.mx\/portal\/wp-json\/wp\/v2\/posts"}],"about":[{"href":"https:\/\/losperiodistas.com.mx\/portal\/wp-json\/wp\/v2\/types\/post"}],"author":[{"embeddable":true,"href":"https:\/\/losperiodistas.com.mx\/portal\/wp-json\/wp\/v2\/users\/1"}],"replies":[{"embeddable":true,"href":"https:\/\/losperiodistas.com.mx\/portal\/wp-json\/wp\/v2\/comments?post=59501"}],"version-history":[{"count":1,"href":"https:\/\/losperiodistas.com.mx\/portal\/wp-json\/wp\/v2\/posts\/59501\/revisions"}],"predecessor-version":[{"id":59503,"href":"https:\/\/losperiodistas.com.mx\/portal\/wp-json\/wp\/v2\/posts\/59501\/revisions\/59503"}],"wp:featuredmedia":[{"embeddable":true,"href":"https:\/\/losperiodistas.com.mx\/portal\/wp-json\/wp\/v2\/media\/59502"}],"wp:attachment":[{"href":"https:\/\/losperiodistas.com.mx\/portal\/wp-json\/wp\/v2\/media?parent=59501"}],"wp:term":[{"taxonomy":"category","embeddable":true,"href":"https:\/\/losperiodistas.com.mx\/portal\/wp-json\/wp\/v2\/categories?post=59501"},{"taxonomy":"post_tag","embeddable":true,"href":"https:\/\/losperiodistas.com.mx\/portal\/wp-json\/wp\/v2\/tags?post=59501"}],"curies":[{"name":"wp","href":"https:\/\/api.w.org\/{rel}","templated":true}]}}