{"id":59206,"date":"2023-09-17T20:10:18","date_gmt":"2023-09-18T01:10:18","guid":{"rendered":"http:\/\/losperiodistas.com.mx\/portal\/?p=59206"},"modified":"2023-09-17T20:10:21","modified_gmt":"2023-09-18T01:10:21","slug":"sheinbaum-arranca-gira-nacional-la-esperanza-en-morelia-le-da-un-llegue-a-calderon-el-financiero","status":"publish","type":"post","link":"https:\/\/losperiodistas.com.mx\/portal\/sheinbaum-arranca-gira-nacional-la-esperanza-en-morelia-le-da-un-llegue-a-calderon-el-financiero\/","title":{"rendered":"Sheinbaum arranca gira nacional \u2018La Esperanza\u2019 en Morelia; le da un \u2018llegue\u2019 a Calder\u00f3n | El Financiero"},"content":{"rendered":"\n<h2 class=\"has-pale-cyan-blue-background-color has-background has-medium-font-size wp-block-heading\">Claudia Sheinbaum aprovech\u00f3 su mensaje en Morelia en el inicio de su gira para avisar que ella no buscar\u00e1 viejas pol\u00edticas en materia de seguridad que dejaron miles de muertos.<\/h2>\n\n\n\n<figure class=\"wp-block-image size-large is-style-default\"><img fetchpriority=\"high\" decoding=\"async\" width=\"1024\" height=\"679\" src=\"https:\/\/losperiodistas.com.mx\/portal\/wp-content\/uploads\/2023\/09\/Captura-de-Pantalla-2023-09-17-a-las-19.04.16-1024x679.jpg\" alt=\"\" class=\"wp-image-59207\" srcset=\"https:\/\/losperiodistas.com.mx\/portal\/wp-content\/uploads\/2023\/09\/Captura-de-Pantalla-2023-09-17-a-las-19.04.16-1024x679.jpg 1024w, https:\/\/losperiodistas.com.mx\/portal\/wp-content\/uploads\/2023\/09\/Captura-de-Pantalla-2023-09-17-a-las-19.04.16-300x199.jpg 300w, https:\/\/losperiodistas.com.mx\/portal\/wp-content\/uploads\/2023\/09\/Captura-de-Pantalla-2023-09-17-a-las-19.04.16-768x509.jpg 768w, https:\/\/losperiodistas.com.mx\/portal\/wp-content\/uploads\/2023\/09\/Captura-de-Pantalla-2023-09-17-a-las-19.04.16-1536x1019.jpg 1536w, https:\/\/losperiodistas.com.mx\/portal\/wp-content\/uploads\/2023\/09\/Captura-de-Pantalla-2023-09-17-a-las-19.04.16.jpg 1830w\" sizes=\"(max-width: 1024px) 100vw, 1024px\" \/><figcaption>Claudia Sheinbaum arranc\u00f3 su gira nacional con el objetivo de firmar acuerdos con la militancia y simpatizantes de Morena.\u00a0(Cuartoscuro)<\/figcaption><\/figure>\n\n\n\n<p class=\"has-vivid-red-color has-text-color has-medium-font-size\"><strong>REDACCI\u00d3N EL FINANCIERO<\/strong><\/p>\n\n\n\n<p><a href=\"https:\/\/www.elfinanciero.com.mx\/opinion\/confidencial\/2023\/09\/15\/sheinbaum-arranca-giras\/\" target=\"_blank\" rel=\"noreferrer noopener\">Claudia Sheinbaum comenz\u00f3 su gira nacional<\/a>&nbsp;como coordinadora de los Comit\u00e9s de Defensa de la Cuarta Transformaci\u00f3n,&nbsp;<strong>siendo ganadora de la encuesta realizada por Morena y aliados<\/strong>&nbsp;que la perfilar\u00e1n como candidata a la Presidencia por el oficialismo en 2024.<\/p>\n\n\n\n<p>Se espera que tras el inicio del a\u00f1o electoral, la\u00a0<a href=\"https:\/\/www.elfinanciero.com.mx\/opinion\/salvador-camarena\/2023\/09\/12\/sheinbaum-va-por-mas\/\" target=\"_blank\" rel=\"noreferrer noopener\">exjefa de Gobierno de la Ciudad de M\u00e9xico se acerque a la ciudadan\u00eda y a las militancias de Morena<\/a>, PT y Verde a fin de terminar de\u00a0<strong>solidificar su paso como candidata a suceder la Presidencia\u00a0<\/strong>de Andr\u00e9s Manuel L\u00f3pez Obrador.<\/p>\n\n\n\n<p>En su primer d\u00eda de gira, que fue este domingo 17 de septiembre,<strong>\u00a0le acompa\u00f1\u00f3 el l\u00edder nacional de Morena, Mario Delgado<\/strong>, as\u00ed como su\u00a0<a href=\"https:\/\/www.elfinanciero.com.mx\/nacional\/2023\/09\/13\/claudia-sheinbaum-suma-a-fernandez-norona-lo-nombra-como-coordinador-de-vocerias\/\" target=\"_blank\" rel=\"noreferrer noopener\">vocero anunciado en d\u00edas pasados, el diputado Gerardo Fern\u00e1ndez Noro\u00f1a<\/a>, quien tambi\u00e9n contendiera por la candidatura presidencial hace unas semanas.<\/p>\n\n\n\n<h2 class=\"wp-block-heading\">\u00bfQu\u00e9 hizo Sheinbaum este domingo y cu\u00e1les son sus actividades como futura candidata a la Presidencia?<\/h2>\n\n\n\n<p><a href=\"https:\/\/www.elfinanciero.com.mx\/opinion\/salvador-camarena\/2023\/09\/14\/gobernadores-de-morena-y-el-estilo-sheinbaum\/\" target=\"_blank\" rel=\"noreferrer noopener\">Sheinbaum anunci\u00f3 que su gira comenz\u00f3 este domingo en Michoac\u00e1n<\/a>, y buscar\u00e1 acudir a las 32 entidades del pa\u00eds en estas semanas,\u00a0<strong>especialmente en d\u00edas jueves, viernes, s\u00e1bado y domingo<\/strong>, con el objetivo de firmar un denominado acuerdo por la transformaci\u00f3n.<\/p>\n\n\n\n<p>En \u00e9l, buscar\u00e1 que mexicanos de diferentes clases sociales, profesiones,&nbsp;<strong>oficios y contextos se unan a su movimiento&nbsp;<\/strong>y logre establecerse a\u00fan m\u00e1s como candidata a la Presidencia, siendo que es la aspirante que lidera las encuestas ante la preferencia ciudadana por Morena reportada en encuestas.<\/p>\n\n\n\n<p>Esta\u00a0<strong>gira, llamada \u2018La Esperanza nos une\u2019, comenz\u00f3 en Morelia\u00a0<\/strong>con el acompa\u00f1amiento del gobernador de la entidad, Alfredo Ram\u00edrez Bedolla.<\/p>\n\n\n\n<h2 class=\"wp-block-heading\">Claudia Sheinbaum en Morelia: \u00bfQu\u00e9 dijo este domingo y cu\u00e1les fueron sus iniciativas?<\/h2>\n\n\n\n<p><a href=\"https:\/\/www.elfinanciero.com.mx\/nacional\/2023\/09\/15\/ine-ordena-a-amlo-bajar-publicaciones-de-entrega-de-baston-de-mando-a-sheinbaum\/\" target=\"_blank\" rel=\"noreferrer noopener\">Claudia Sheinbaum ofreci\u00f3 continuar con los programas sociales,<\/a>&nbsp;y remarc\u00f3 que defender\u00e1 el crecimiento de Pemex y la Comisi\u00f3n Federal de Electricidad (CFE).<\/p>\n\n\n\n<p>A lo largo de su evento, la exjefa de Gobierno de la capital del pa\u00eds asegur\u00f3 que su objetivo de consolidar la 4T en el pa\u00eds significa al mismo tiempo reducir el numero de pobres<\/p>\n\n\n\n<p>En el arranque de su gira por el pa\u00eds, donde tomar\u00e1 protesta a los Comit\u00e9s de Defensa de la\u00a0<a href=\"https:\/\/www.elfinanciero.com.mx\/nacional\/2023\/09\/13\/sheinbaum-dice-a-diputados-de-la-4t-no-vengo-a-convencer-a-nadie\/\" target=\"_blank\" rel=\"noreferrer noopener\">Cuarta Transformaci\u00f3n, Sheinbaum\u00a0<\/a>dijo que\u00a0<strong>consolidar la cuarta transformaci\u00f3n<\/strong>\u00a0significa reducir el n\u00famero de pobres.<\/p>\n\n\n\n<p>Tambi\u00e9n aprovech\u00f3 el micr\u00f3fono para \u2018tirarle\u2019 al expresidente Felipe Calder\u00f3n, a\u00f1adiendo&nbsp;<strong>que ella estaba del lado de la paz y no de la guerra<\/strong>, esto en referencia a la pol\u00edtica de seguridad implementada por el mandatario panista que dej\u00f3 miles de muertos en la llamada \u2018guerra contra el narco\u2019.<\/p>\n\n\n\n<p>A lo largo de 10 minutos,&nbsp;<a href=\"https:\/\/www.elfinanciero.com.mx\/nacional\/2023\/09\/12\/sheinbaum-ya-mueve-a-morena-estas-decisiones-ha-tomado-desde-que-gano-las-encuestas\/\" target=\"_blank\" rel=\"noreferrer noopener\">Sheinbaum llam\u00f3 a la unidad y abri\u00f3 las puertas a los mexicanos<\/a>&nbsp;que deseen sumarse a su proyecto, sin importar militancias.&nbsp;<strong>Finalmente, recalc\u00f3 el \u00e9nfasis que tendr\u00e1 su gobierno<\/strong>&nbsp;en la lucha contra la corrupci\u00f3n.<\/p>\n\n\n\n<p><em>Con informaci\u00f3n de Arturo Estrada.<\/em><\/p>\n\n\n\n<p>Fuente: <a href=\"https:\/\/losperiodistas.com.mx\/portal\/wp-admin\/post.php?post=59206&amp;action=edit\">https:\/\/losperiodistas.com.mx\/portal\/wp-admin\/post.php?post=59206&amp;action=edit<\/a><\/p>\n","protected":false},"excerpt":{"rendered":"<p>Claudia Sheinbaum aprovech\u00f3 su mensaje en Morelia en el inicio de su gira para avisar que ella no buscar\u00e1 viejas [&hellip;]<\/p>\n","protected":false},"author":1,"featured_media":59207,"comment_status":"open","ping_status":"open","sticky":false,"template":"","format":"standard","meta":{"site-sidebar-layout":"default","site-content-layout":"","ast-site-content-layout":"default","site-content-style":"default","site-sidebar-style":"default","ast-global-header-display":"","ast-banner-title-visibility":"","ast-main-header-display":"","ast-hfb-above-header-display":"","ast-hfb-below-header-display":"","ast-hfb-mobile-header-display":"","site-post-title":"","ast-breadcrumbs-content":"","ast-featured-img":"","footer-sml-layout":"","theme-transparent-header-meta":"","adv-header-id-meta":"","stick-header-meta":"","header-above-stick-meta":"","header-main-stick-meta":"","header-below-stick-meta":"","astra-migrate-meta-layouts":"default","ast-page-background-enabled":"default","ast-page-background-meta":{"desktop":{"background-color":"var(--ast-global-color-4)","background-image":"","background-repeat":"repeat","background-position":"center center","background-size":"auto","background-attachment":"scroll","background-type":"","background-media":"","overlay-type":"","overlay-color":"","overlay-opacity":"","overlay-gradient":""},"tablet":{"background-color":"","background-image":"","background-repeat":"repeat","background-position":"center center","background-size":"auto","background-attachment":"scroll","background-type":"","background-media":"","overlay-type":"","overlay-color":"","overlay-opacity":"","overlay-gradient":""},"mobile":{"background-color":"","background-image":"","background-repeat":"repeat","background-position":"center center","background-size":"auto","background-attachment":"scroll","background-type":"","background-media":"","overlay-type":"","overlay-color":"","overlay-opacity":"","overlay-gradient":""}},"ast-content-background-meta":{"desktop":{"background-color":"var(--ast-global-color-5)","background-image":"","background-repeat":"repeat","background-position":"center center","background-size":"auto","background-attachment":"scroll","background-type":"","background-media":"","overlay-type":"","overlay-color":"","overlay-opacity":"","overlay-gradient":""},"tablet":{"background-color":"var(--ast-global-color-5)","background-image":"","background-repeat":"repeat","background-position":"center center","background-size":"auto","background-attachment":"scroll","background-type":"","background-media":"","overlay-type":"","overlay-color":"","overlay-opacity":"","overlay-gradient":""},"mobile":{"background-color":"var(--ast-global-color-5)","background-image":"","background-repeat":"repeat","background-position":"center center","background-size":"auto","background-attachment":"scroll","background-type":"","background-media":"","overlay-type":"","overlay-color":"","overlay-opacity":"","overlay-gradient":""}},"footnotes":""},"categories":[8],"tags":[18990,3133,16903],"class_list":["post-59206","post","type-post","status-publish","format-standard","has-post-thumbnail","hentry","category-noticias","tag-la-esperanza-nos-une","tag-morelia","tag-sheinbaum"],"_links":{"self":[{"href":"https:\/\/losperiodistas.com.mx\/portal\/wp-json\/wp\/v2\/posts\/59206","targetHints":{"allow":["GET"]}}],"collection":[{"href":"https:\/\/losperiodistas.com.mx\/portal\/wp-json\/wp\/v2\/posts"}],"about":[{"href":"https:\/\/losperiodistas.com.mx\/portal\/wp-json\/wp\/v2\/types\/post"}],"author":[{"embeddable":true,"href":"https:\/\/losperiodistas.com.mx\/portal\/wp-json\/wp\/v2\/users\/1"}],"replies":[{"embeddable":true,"href":"https:\/\/losperiodistas.com.mx\/portal\/wp-json\/wp\/v2\/comments?post=59206"}],"version-history":[{"count":1,"href":"https:\/\/losperiodistas.com.mx\/portal\/wp-json\/wp\/v2\/posts\/59206\/revisions"}],"predecessor-version":[{"id":59208,"href":"https:\/\/losperiodistas.com.mx\/portal\/wp-json\/wp\/v2\/posts\/59206\/revisions\/59208"}],"wp:featuredmedia":[{"embeddable":true,"href":"https:\/\/losperiodistas.com.mx\/portal\/wp-json\/wp\/v2\/media\/59207"}],"wp:attachment":[{"href":"https:\/\/losperiodistas.com.mx\/portal\/wp-json\/wp\/v2\/media?parent=59206"}],"wp:term":[{"taxonomy":"category","embeddable":true,"href":"https:\/\/losperiodistas.com.mx\/portal\/wp-json\/wp\/v2\/categories?post=59206"},{"taxonomy":"post_tag","embeddable":true,"href":"https:\/\/losperiodistas.com.mx\/portal\/wp-json\/wp\/v2\/tags?post=59206"}],"curies":[{"name":"wp","href":"https:\/\/api.w.org\/{rel}","templated":true}]}}