{"id":59202,"date":"2023-09-17T19:57:19","date_gmt":"2023-09-18T00:57:19","guid":{"rendered":"http:\/\/losperiodistas.com.mx\/portal\/?p=59202"},"modified":"2023-09-17T19:57:22","modified_gmt":"2023-09-18T00:57:22","slug":"puebla-sera-sede-del-dialogo-nacional-por-la-paz-arzobispo-victor-sanchez-e-consulta","status":"publish","type":"post","link":"https:\/\/losperiodistas.com.mx\/portal\/puebla-sera-sede-del-dialogo-nacional-por-la-paz-arzobispo-victor-sanchez-e-consulta\/","title":{"rendered":"Puebla ser\u00e1 sede del Di\u00e1logo Nacional por la Paz: arzobispo V\u00edctor S\u00e1nchez | E-Consulta"},"content":{"rendered":"\n<p class=\"has-medium-font-size\">\u201cQueremos como iglesia trabajar por la paz en nuestra patria. Pid\u00e1mosle al se\u00f1or que de esta jornada por la paz surjan proyectos de verdad nos lleven a erradicar la violencia que tanto est\u00e1 sufriendo nuestra patria\u201d, dijo el l\u00edder cat\u00f3lico<\/p>\n\n\n\n<div class=\"wp-block-image is-style-default\"><figure class=\"aligncenter size-full\"><img fetchpriority=\"high\" decoding=\"async\" width=\"640\" height=\"425\" src=\"https:\/\/losperiodistas.com.mx\/portal\/wp-content\/uploads\/2023\/09\/puebla_sera_sede_del_dialogo_nacional_por_la_paz_arzobispo_victor_sanchez.jpg\" alt=\"\" class=\"wp-image-59203\" srcset=\"https:\/\/losperiodistas.com.mx\/portal\/wp-content\/uploads\/2023\/09\/puebla_sera_sede_del_dialogo_nacional_por_la_paz_arzobispo_victor_sanchez.jpg 640w, https:\/\/losperiodistas.com.mx\/portal\/wp-content\/uploads\/2023\/09\/puebla_sera_sede_del_dialogo_nacional_por_la_paz_arzobispo_victor_sanchez-300x199.jpg 300w\" sizes=\"(max-width: 640px) 100vw, 640px\" \/><figcaption>Foto \/ Agencia Enfoque<\/figcaption><\/figure><\/div>\n\n\n\n<p class=\"has-vivid-red-color has-text-color has-medium-font-size\"><strong>NANCY CAMACHO \/ E-CONSULTA<\/strong><\/p>\n\n\n\n<p>Del 21 al 23 de septiembre se llevar\u00e1 a cabo el \u00ab<strong>Di\u00e1logo Nacional por la Paz<\/strong>\u201d en la Universidad Iberoamericana de Puebla (<a href=\"https:\/\/www.e-consulta.com\/nota\/2023-09-04\/universidades\/ibero-implementa-guia-ante-casos-de-desaparicion-forzada\" target=\"_blank\" rel=\"noreferrer noopener\"><strong>Ibero<\/strong><\/a>) con el objetivo de generar un espacio plural e incluyente en torno a la&nbsp;<strong>seguridad y la construcci\u00f3n de la paz<\/strong>, inform\u00f3 el arzobispo&nbsp;<strong>V\u00edctor S\u00e1nchez Espinosa.<\/strong><\/p>\n\n\n\n<p>Durante la misa dominical en la Catedral Metropolitana,&nbsp;<a href=\"https:\/\/www.e-consulta.com\/nota\/2023-09-03\/sociedad\/arzobispo-de-puebla-pide-solidaridad-con-familias-de-desaparecidos\" target=\"_blank\" rel=\"noreferrer noopener\">S\u00e1nchez Espinosa<\/a>&nbsp;dijo que en este encuentro estar\u00e1n presentes la&nbsp;<strong>Conferencia del Episcopado Mexicano<\/strong>, la Conferencia de Superiores Mayores de Religiosos de M\u00e9xico y la Providencia Mexicana de la Compa\u00f1\u00eda de Jes\u00fas.<\/p>\n\n\n\n<p>\u201c50 obispos est\u00e1n confirmados de todo el pa\u00eds, sacerdotes, religiosas, acad\u00e9micos, funcionarios, porque&nbsp;<strong>queremos como iglesia trabajar por la paz en nuestra patria<\/strong>. Pid\u00e1mosle al se\u00f1or que de esta jornada por la paz surjan proyectos de verdad nos lleven a&nbsp;<strong>erradicar la violencia<\/strong>&nbsp;que tanto est\u00e1 sufriendo nuestra patria\u201d, dijo.<\/p>\n\n\n\n<p>El arzobispo se\u00f1al\u00f3 que el objetivo de este evento es elaborar propuestas que abonen a los&nbsp;<strong>principales temas de la seguridad social<\/strong>, la justicia cotidiana y la reconstrucci\u00f3n del tejido social.<\/p>\n\n\n\n<p>Te puede interesar:<\/p>\n\n\n\n<p><a href=\"https:\/\/www.e-consulta.com\/nota\/2023-04-16\/ciudad\/arzobispo-de-puebla-llama-reconstruir-el-tejido-social\">Arzobispo de Puebla llama a reconstruir el tejido social<\/a><\/p>\n\n\n\n<p>Asimismo, el l\u00edder de la grey cat\u00f3lica en Puebla se pronunci\u00f3 por el cese de la ola delictiva, dijo que se debe&nbsp;<strong>construir a partir del di\u00e1logo<\/strong>&nbsp;y bien com\u00fan reconstruir el tejido social que consideran se encuentra deteriorado y ha desintegrado familias por falta de valores.<\/p>\n\n\n\n<p>\u201cEstamos manchados de sangre, pedimos a la Morenita del Tepeyac por este M\u00e9xico violento y no es Michoac\u00e1n, Guanajuato, Chihuahua,&nbsp;<strong>es Puebla, Morelos, toda nuestra patria<\/strong>. Tristemente el ser humano es capaz de agredir y da\u00f1ar por cualquier motivo, \u00e9l asesina por ambici\u00f3n de poder, de dominio y esa es la triste realidad humana cuando pierde sus valores,&nbsp;<strong>el perd\u00f3n y la reconciliaci\u00f3n son los \u00fanicos capaces de abatir el aspirante violencia<\/strong>\u201d, expres\u00f3.<\/p>\n\n\n\n<p>Finalmente, pidi\u00f3 por la salud de\u00a0<strong>Ernesto Calder\u00f3n,\u00a0<\/strong>que fue golpeado por una turba de ocho sujetos cerca de la Estrella de Puebla, en los l\u00edmites territoriales de Puebla con San Andr\u00e9s Cholula. La agresi\u00f3n habr\u00eda derivado tras el reclam\u00f3 de la v\u00edctima a los agresores por arrojarle una botella de cerveza; el caso ya es investigado por la Fiscal\u00eda General del Estado de Puebla (<strong>FGE<\/strong>). (JT)<\/p>\n\n\n\n<p>Fuente:<a href=\"https:\/\/www.e-consulta.com\/nota\/2023-09-17\/ciudad\/puebla-sera-sede-del-dialogo-nacional-por-la-paz-arzobispo-victor-sanchez\">https:\/\/www.e-consulta.com\/nota\/2023-09-17\/ciudad\/puebla-sera-sede-del-dialogo-nacional-por-la-paz-arzobispo-victor-sanchez<\/a><\/p>\n","protected":false},"excerpt":{"rendered":"<p>\u201cQueremos como iglesia trabajar por la paz en nuestra patria. Pid\u00e1mosle al se\u00f1or que de esta jornada por la paz [&hellip;]<\/p>\n","protected":false},"author":1,"featured_media":59203,"comment_status":"open","ping_status":"open","sticky":false,"template":"","format":"standard","meta":{"site-sidebar-layout":"default","site-content-layout":"","ast-site-content-layout":"default","site-content-style":"default","site-sidebar-style":"default","ast-global-header-display":"","ast-banner-title-visibility":"","ast-main-header-display":"","ast-hfb-above-header-display":"","ast-hfb-below-header-display":"","ast-hfb-mobile-header-display":"","site-post-title":"","ast-breadcrumbs-content":"","ast-featured-img":"","footer-sml-layout":"","theme-transparent-header-meta":"","adv-header-id-meta":"","stick-header-meta":"","header-above-stick-meta":"","header-main-stick-meta":"","header-below-stick-meta":"","astra-migrate-meta-layouts":"default","ast-page-background-enabled":"default","ast-page-background-meta":{"desktop":{"background-color":"var(--ast-global-color-4)","background-image":"","background-repeat":"repeat","background-position":"center center","background-size":"auto","background-attachment":"scroll","background-type":"","background-media":"","overlay-type":"","overlay-color":"","overlay-opacity":"","overlay-gradient":""},"tablet":{"background-color":"","background-image":"","background-repeat":"repeat","background-position":"center center","background-size":"auto","background-attachment":"scroll","background-type":"","background-media":"","overlay-type":"","overlay-color":"","overlay-opacity":"","overlay-gradient":""},"mobile":{"background-color":"","background-image":"","background-repeat":"repeat","background-position":"center center","background-size":"auto","background-attachment":"scroll","background-type":"","background-media":"","overlay-type":"","overlay-color":"","overlay-opacity":"","overlay-gradient":""}},"ast-content-background-meta":{"desktop":{"background-color":"var(--ast-global-color-5)","background-image":"","background-repeat":"repeat","background-position":"center center","background-size":"auto","background-attachment":"scroll","background-type":"","background-media":"","overlay-type":"","overlay-color":"","overlay-opacity":"","overlay-gradient":""},"tablet":{"background-color":"var(--ast-global-color-5)","background-image":"","background-repeat":"repeat","background-position":"center center","background-size":"auto","background-attachment":"scroll","background-type":"","background-media":"","overlay-type":"","overlay-color":"","overlay-opacity":"","overlay-gradient":""},"mobile":{"background-color":"var(--ast-global-color-5)","background-image":"","background-repeat":"repeat","background-position":"center center","background-size":"auto","background-attachment":"scroll","background-type":"","background-media":"","overlay-type":"","overlay-color":"","overlay-opacity":"","overlay-gradient":""}},"footnotes":""},"categories":[8],"tags":[18988,2176,18989],"class_list":["post-59202","post","type-post","status-publish","format-standard","has-post-thumbnail","hentry","category-noticias","tag-dialogo-nacional-por-la-paz","tag-mons-victor-sanchez","tag-universiad-iberoamericana"],"_links":{"self":[{"href":"https:\/\/losperiodistas.com.mx\/portal\/wp-json\/wp\/v2\/posts\/59202","targetHints":{"allow":["GET"]}}],"collection":[{"href":"https:\/\/losperiodistas.com.mx\/portal\/wp-json\/wp\/v2\/posts"}],"about":[{"href":"https:\/\/losperiodistas.com.mx\/portal\/wp-json\/wp\/v2\/types\/post"}],"author":[{"embeddable":true,"href":"https:\/\/losperiodistas.com.mx\/portal\/wp-json\/wp\/v2\/users\/1"}],"replies":[{"embeddable":true,"href":"https:\/\/losperiodistas.com.mx\/portal\/wp-json\/wp\/v2\/comments?post=59202"}],"version-history":[{"count":1,"href":"https:\/\/losperiodistas.com.mx\/portal\/wp-json\/wp\/v2\/posts\/59202\/revisions"}],"predecessor-version":[{"id":59205,"href":"https:\/\/losperiodistas.com.mx\/portal\/wp-json\/wp\/v2\/posts\/59202\/revisions\/59205"}],"wp:featuredmedia":[{"embeddable":true,"href":"https:\/\/losperiodistas.com.mx\/portal\/wp-json\/wp\/v2\/media\/59203"}],"wp:attachment":[{"href":"https:\/\/losperiodistas.com.mx\/portal\/wp-json\/wp\/v2\/media?parent=59202"}],"wp:term":[{"taxonomy":"category","embeddable":true,"href":"https:\/\/losperiodistas.com.mx\/portal\/wp-json\/wp\/v2\/categories?post=59202"},{"taxonomy":"post_tag","embeddable":true,"href":"https:\/\/losperiodistas.com.mx\/portal\/wp-json\/wp\/v2\/tags?post=59202"}],"curies":[{"name":"wp","href":"https:\/\/api.w.org\/{rel}","templated":true}]}}