{"id":59195,"date":"2023-09-17T14:04:02","date_gmt":"2023-09-17T19:04:02","guid":{"rendered":"http:\/\/losperiodistas.com.mx\/portal\/?p=59195"},"modified":"2023-09-17T19:37:23","modified_gmt":"2023-09-18T00:37:23","slug":"la-lucha-por-el-poder","status":"publish","type":"post","link":"https:\/\/losperiodistas.com.mx\/portal\/la-lucha-por-el-poder\/","title":{"rendered":"La lucha por el poder"},"content":{"rendered":"\n<p>#PorSoleares <em>Destino de Morena Puebla ligado al de CdMx; \u00bfjalar\u00e1n las riendas a alguno de los punteros y qui\u00e9n pagar\u00e1 a los inversionistas? las dudas.<\/em><\/p>\n\n\n\n<figure class=\"wp-block-embed is-type-video is-provider-youtube wp-block-embed-youtube wp-embed-aspect-16-9 wp-has-aspect-ratio\"><div class=\"wp-block-embed__wrapper\">\n<iframe title=\"La lucha por el poder | Septiembre 17 2023\" width=\"500\" height=\"281\" src=\"https:\/\/www.youtube.com\/embed\/_gMn-R28Kyc?feature=oembed\" frameborder=\"0\" allow=\"accelerometer; autoplay; clipboard-write; encrypted-media; gyroscope; picture-in-picture; web-share\" referrerpolicy=\"strict-origin-when-cross-origin\" allowfullscreen><\/iframe>\n<\/div><\/figure>\n\n\n\n<p><\/p>\n\n\n\n<p><\/p>\n\n\n\n<p class=\"has-vivid-red-color has-text-color\" style=\"font-size:26px\"><strong><em>Por Jes\u00fas Manuel Hern\u00e1ndez<\/em><\/strong><\/p>\n\n\n\n<p>Un proverbio popular dice: \u201cNo hay fecha que no se cumpla ni plazo que no se llegue\u201d, y ese es el caso de MORENA ante el proceso de selecci\u00f3n de candidatos para los estados donde habr\u00e1 elecciones en 2024.<\/p>\n\n\n\n<p>Este 18 de septiembre con la publicaci\u00f3n de la convocatoria se abre el espacio para el registro de quienes quieran competir, la pr\u00f3xima semana entre el 24 y el 25 habr\u00e1n de llegar a las oficinas del movimiento quienes quieran ser tomados en cuenta.<\/p>\n\n\n\n<p>Veremos as\u00ed anotarse a quienes han venido trabajando desde hace varios meses en posicionarse siguiendo <strong>los m\u00e9todos conocidos, recorridos, desayunos, comidas, cenas, concentraciones masivas, espectaculares, entrevistas, donde se van dando los \u201camarres\u201d para compartir el poder<\/strong> cuando se adquiera formalmente.<\/p>\n\n\n\n<p>En las \u00faltimas semanas la lista de aspirantes para el caso de Puebla se ha visto fortalecida, Jos\u00e9 Antonio Mart\u00ednez Garc\u00eda, Olivia Salom\u00f3n y Liz S\u00e1nchez se suman a los anteriores, Claudia Rivera Vivanco, Rodrigo Abdala, Julio Huerta y por supuesto los punteros Ignacio Mier y Alejandro Armenta, de entre alguno de ellos saldr\u00e1 el nombre para defender a la 4T en el proceso de 2024.<\/p>\n\n\n\n<p>En tiempos de Miguel Barbosa la lista era similar, salvo por Sergio Salom\u00f3n C\u00e9spedes, quien era, seg\u00fan los conocedores, la verdadera carta de Barbosa para sucederle, de ah\u00ed el tema de su designaci\u00f3n como sustituto a la muerte de Miguel.<\/p>\n\n\n\n<p><strong>Barbosa nunca quiso a Nacho Mier<\/strong>, asunto aprovechado por sus promotores para penetrar en los grupos perseguidos por el barbosismo; en cambio, siempre dej\u00f3 abierta la puerta a que Alejandro Armenta pudiera ser un candidato desde el \u201ccentro\u201d con quien <strong>consiguiera negociar en caso de no tener una carta lo suficientemente fuerte para competir<\/strong>.<\/p>\n\n\n\n<p>De unas semanas a la fecha circula en Puebla la versi\u00f3n de que los destinos pol\u00edticos de la entidad no son tan aut\u00f3nomos e independientes, m\u00e1s bien, se pronostica que el futuro de Puebla estar\u00e1 \u00edntimamente ligado a la decisi\u00f3n final de qui\u00e9n ser\u00e1 la o el elegido para la <strong>Ciudad de M\u00e9xico.<\/strong><\/p>\n\n\n\n<p>Y no es que Puebla no le importe a Morena, m\u00e1s bien, su proximidad podr\u00eda verse influenciada por lo que suceda en la capital.<\/p>\n\n\n\n<p>Quiz\u00e1 por ello la inclusi\u00f3n de dos mujeres m\u00e1s y un ciudadano, Jos\u00e9 Antonio Mart\u00ednez.<\/p>\n\n\n\n<p>Pareciera que desde alg\u00fan nivel muy alto en la federaci\u00f3n <strong>se va cultivando un escenario donde las \u201cdos opciones\u201d conocidas no sean al final del d\u00eda<\/strong>, las \u00fanicas y se confronte a uno de los \u201cfavoritos\u201d para dejar un espacio a una tercera o tercero, seg\u00fan se decida si es mujer u hombre.<\/p>\n\n\n\n<p>Hasta ahora las entidades donde habr\u00e1 elecciones van definiendo su tendencia, en Guanajuato ser\u00e1 hombre, Ricardo Sheffeld en Veracruz, mujer, Roc\u00edo Nahle; en Tabasco, hombre, Javier May; en Chiapas, mujer, Manuela Obrador; en Morelos, mujer, Margarita Gonz\u00e1lez; en Yucat\u00e1n hay tres finalistas una mujer y dos hombres; en Jalisco lleva delantera un hombre, Pablo Lemus; y quedan Ciudad de M\u00e9xico y Puebla sin definici\u00f3n.<\/p>\n\n\n\n<p>El gobernador C\u00e9spedes convoc\u00f3 el pasado 16 de setiembre a los aspirantes a no pelearse, a mantener la unidad.<\/p>\n\n\n\n<p>\u00bfQui\u00e9n ser\u00eda capaz de mantener la unidad en la contienda interna dado un escenario de confrontaci\u00f3n?<\/p>\n\n\n\n<p>Quiz\u00e1 la respuesta est\u00e9 en considerar las palabras de Claudia Sheinbaum y la del presidente L\u00f3pez Obrador, quienes, al final del d\u00eda, podr\u00edan jalarle las riendas a uno de los primos y con ello dejar espacio a la decisi\u00f3n final.<\/p>\n\n\n\n<p>Hoy, como muchas veces, <strong>Puebla volver\u00eda a ser escenario de \u201cexperimentos\u201d en el terreno de pol\u00edtica mexicana<\/strong>, como sucedi\u00f3 con Luis Echeverr\u00eda\u2026<\/p>\n\n\n\n<p>Pero queda la duda, <strong>\u00bfc\u00f3mo le pagar\u00e1n a los perdedores? <\/strong>Y no me refiero a los aspirantes, m\u00e1s bien a los inversionistas, a los patrocinadores de los punteros, un asunto que por el momento no est\u00e1 en manos ni de Sheinbaum, ni de C\u00e9spedes.<\/p>\n\n\n\n<p>O por lo menos, as\u00ed me lo parece.<\/p>\n\n\n\n<p><a href=\"mailto:losperiodistas.com.mx@gmail.com\">losperiodistas.com.mx@gmail.com<\/a><\/p>\n","protected":false},"excerpt":{"rendered":"<p>#PorSoleares Destino de Morena Puebla ligado al de CdMx; \u00bfjalar\u00e1n las riendas a alguno de los punteros y qui\u00e9n pagar\u00e1 [&hellip;]<\/p>\n","protected":false},"author":1,"featured_media":59200,"comment_status":"open","ping_status":"open","sticky":false,"template":"","format":"standard","meta":{"site-sidebar-layout":"default","site-content-layout":"","ast-site-content-layout":"default","site-content-style":"default","site-sidebar-style":"default","ast-global-header-display":"","ast-banner-title-visibility":"","ast-main-header-display":"","ast-hfb-above-header-display":"","ast-hfb-below-header-display":"","ast-hfb-mobile-header-display":"","site-post-title":"","ast-breadcrumbs-content":"","ast-featured-img":"","footer-sml-layout":"","theme-transparent-header-meta":"","adv-header-id-meta":"","stick-header-meta":"","header-above-stick-meta":"","header-main-stick-meta":"","header-below-stick-meta":"","astra-migrate-meta-layouts":"default","ast-page-background-enabled":"default","ast-page-background-meta":{"desktop":{"background-color":"var(--ast-global-color-4)","background-image":"","background-repeat":"repeat","background-position":"center center","background-size":"auto","background-attachment":"scroll","background-type":"","background-media":"","overlay-type":"","overlay-color":"","overlay-opacity":"","overlay-gradient":""},"tablet":{"background-color":"","background-image":"","background-repeat":"repeat","background-position":"center center","background-size":"auto","background-attachment":"scroll","background-type":"","background-media":"","overlay-type":"","overlay-color":"","overlay-opacity":"","overlay-gradient":""},"mobile":{"background-color":"","background-image":"","background-repeat":"repeat","background-position":"center center","background-size":"auto","background-attachment":"scroll","background-type":"","background-media":"","overlay-type":"","overlay-color":"","overlay-opacity":"","overlay-gradient":""}},"ast-content-background-meta":{"desktop":{"background-color":"var(--ast-global-color-5)","background-image":"","background-repeat":"repeat","background-position":"center center","background-size":"auto","background-attachment":"scroll","background-type":"","background-media":"","overlay-type":"","overlay-color":"","overlay-opacity":"","overlay-gradient":""},"tablet":{"background-color":"var(--ast-global-color-5)","background-image":"","background-repeat":"repeat","background-position":"center center","background-size":"auto","background-attachment":"scroll","background-type":"","background-media":"","overlay-type":"","overlay-color":"","overlay-opacity":"","overlay-gradient":""},"mobile":{"background-color":"var(--ast-global-color-5)","background-image":"","background-repeat":"repeat","background-position":"center center","background-size":"auto","background-attachment":"scroll","background-type":"","background-media":"","overlay-type":"","overlay-color":"","overlay-opacity":"","overlay-gradient":""}},"footnotes":""},"categories":[8,5],"tags":[8711,725],"class_list":["post-59195","post","type-post","status-publish","format-standard","has-post-thumbnail","hentry","category-noticias","category-por-soleares","tag-elecciones-puebla-2024","tag-morena-puebla"],"_links":{"self":[{"href":"https:\/\/losperiodistas.com.mx\/portal\/wp-json\/wp\/v2\/posts\/59195","targetHints":{"allow":["GET"]}}],"collection":[{"href":"https:\/\/losperiodistas.com.mx\/portal\/wp-json\/wp\/v2\/posts"}],"about":[{"href":"https:\/\/losperiodistas.com.mx\/portal\/wp-json\/wp\/v2\/types\/post"}],"author":[{"embeddable":true,"href":"https:\/\/losperiodistas.com.mx\/portal\/wp-json\/wp\/v2\/users\/1"}],"replies":[{"embeddable":true,"href":"https:\/\/losperiodistas.com.mx\/portal\/wp-json\/wp\/v2\/comments?post=59195"}],"version-history":[{"count":1,"href":"https:\/\/losperiodistas.com.mx\/portal\/wp-json\/wp\/v2\/posts\/59195\/revisions"}],"predecessor-version":[{"id":59199,"href":"https:\/\/losperiodistas.com.mx\/portal\/wp-json\/wp\/v2\/posts\/59195\/revisions\/59199"}],"wp:featuredmedia":[{"embeddable":true,"href":"https:\/\/losperiodistas.com.mx\/portal\/wp-json\/wp\/v2\/media\/59200"}],"wp:attachment":[{"href":"https:\/\/losperiodistas.com.mx\/portal\/wp-json\/wp\/v2\/media?parent=59195"}],"wp:term":[{"taxonomy":"category","embeddable":true,"href":"https:\/\/losperiodistas.com.mx\/portal\/wp-json\/wp\/v2\/categories?post=59195"},{"taxonomy":"post_tag","embeddable":true,"href":"https:\/\/losperiodistas.com.mx\/portal\/wp-json\/wp\/v2\/tags?post=59195"}],"curies":[{"name":"wp","href":"https:\/\/api.w.org\/{rel}","templated":true}]}}