{"id":59192,"date":"2023-09-17T13:26:31","date_gmt":"2023-09-17T18:26:31","guid":{"rendered":"http:\/\/losperiodistas.com.mx\/portal\/?p=59192"},"modified":"2023-09-17T13:26:33","modified_gmt":"2023-09-17T18:26:33","slug":"asesinatos-en-mexico-con-95-muertos-al-dia-uno-cada-15-minutos-asi-cierra-amlo-su-sexenio-infobae","status":"publish","type":"post","link":"https:\/\/losperiodistas.com.mx\/portal\/asesinatos-en-mexico-con-95-muertos-al-dia-uno-cada-15-minutos-asi-cierra-amlo-su-sexenio-infobae\/","title":{"rendered":"Asesinatos en M\u00e9xico: con 95 muertos al d\u00eda, uno cada 15 minutos, as\u00ed cierra AMLO su sexenio | Infobae"},"content":{"rendered":"\n<h2 class=\"has-white-color has-vivid-red-background-color has-text-color has-background has-medium-font-size wp-block-heading\">TResearch estim\u00f3 que se cometieron con m\u00e1s de 200 mil homicidios dejando muy por detr\u00e1s los a\u00f1os de violencia de las administraciones de Felipe Calder\u00f3n Hinojosa y de Enrique Pe\u00f1a Nieto<\/h2>\n\n\n\n<figure class=\"wp-block-image size-large is-style-default\"><img fetchpriority=\"high\" decoding=\"async\" width=\"1024\" height=\"578\" src=\"https:\/\/losperiodistas.com.mx\/portal\/wp-content\/uploads\/2023\/09\/Captura-de-Pantalla-2023-09-17-a-las-12.20.28-1024x578.jpg\" alt=\"\" class=\"wp-image-59193\" srcset=\"https:\/\/losperiodistas.com.mx\/portal\/wp-content\/uploads\/2023\/09\/Captura-de-Pantalla-2023-09-17-a-las-12.20.28-1024x578.jpg 1024w, https:\/\/losperiodistas.com.mx\/portal\/wp-content\/uploads\/2023\/09\/Captura-de-Pantalla-2023-09-17-a-las-12.20.28-300x169.jpg 300w, https:\/\/losperiodistas.com.mx\/portal\/wp-content\/uploads\/2023\/09\/Captura-de-Pantalla-2023-09-17-a-las-12.20.28-768x433.jpg 768w, https:\/\/losperiodistas.com.mx\/portal\/wp-content\/uploads\/2023\/09\/Captura-de-Pantalla-2023-09-17-a-las-12.20.28-1536x867.jpg 1536w, https:\/\/losperiodistas.com.mx\/portal\/wp-content\/uploads\/2023\/09\/Captura-de-Pantalla-2023-09-17-a-las-12.20.28.jpg 1712w\" sizes=\"(max-width: 1024px) 100vw, 1024px\" \/><figcaption>Guanajuato se posicion\u00f3 como la entidad m\u00e1s violenta en el sexenio de AMLO. (@JOSEANGELMART18\/captura de pantalla)<\/figcaption><\/figure>\n\n\n\n<p class=\"has-vivid-red-color has-text-color has-medium-font-size\"><strong>C\u00c9SAR JIM\u00c9NEZ \/ INFOBAE<\/strong><\/p>\n\n\n\n<p>La cifra de&nbsp;<strong>homicidios&nbsp;<\/strong>durante el sexenio del presidente&nbsp;<strong>Andr\u00e9s Manuel L\u00f3pez Obrador&nbsp;<\/strong>s\u00ed ha marcado una reducci\u00f3n como lo ha definido su gabinete de&nbsp;<strong>seguridad<\/strong>, sin embargo, se encamina a ser el sexenio m\u00e1s violento y a poco m\u00e1s de un a\u00f1o de distancia del fin de esta administraci\u00f3n, se prev\u00e9 que finalice con m\u00e1s de&nbsp;<strong>200 mil asesinatos.<\/strong><\/p>\n\n\n\n<div class=\"wp-block-image is-style-default\"><figure class=\"alignleft is-resized\"><img decoding=\"async\" src=\"https:\/\/www.infobae.com\/new-resizer\/i3G2ZTrbTSqZLD9bVSZy_0JIAQg=\/filters:format(webp):quality(85)\/cloudfront-us-east-1.images.arcpublishing.com\/infobae\/PI2PLD3UTFFGFPVXVIV3SKCK34.jpg\" alt=\"Violencia en m\u00e9xico Fotoarte: (Jes\u00fas Avil\u00e9s)\" width=\"-473\" height=\"-266\"\/><\/figure><\/div>\n\n\n\n<p>Te puede interesar:<strong><a href=\"https:\/\/www.infobae.com\/mexico\/2023\/09\/16\/ataque-armado-en-teocaltiche-jalisco-deja-cuatro-muertos-y-un-herido-en-pleno-15-de-septiembre\/\">Ataque armado en Teocaltiche, Jalisco, deja cuatro muertos y un herido en pleno 15 de septiembre<\/a><\/strong><\/p>\n\n\n\n<p><\/p>\n\n\n\n<p><\/p>\n\n\n\n<p><\/p>\n\n\n\n<p>De acuerdo con la agencia\u00a0<em>TResearch<\/em>, hasta ahora se han registrado 165 mil 791 homicidios, dejando muy por detr\u00e1s los a\u00f1os de violencia de las administraciones de\u00a0<strong>Felipe Calder\u00f3n Hinojosa\u00a0<\/strong>(89 mil 983) y de Enrique Pe\u00f1a Nieto (113 mil 629).<\/p>\n\n\n\n<p>Aunque los homicidios s\u00ed han marcado una disminuci\u00f3n este a\u00f1o en comparaci\u00f3n con a\u00f1os anteriores de esta misma administraci\u00f3n, en el periodo entre enero y septiembre, actualmente ya suman m\u00e1s de 21 mil.<\/p>\n\n\n\n<p>En 2019, por ejemplo, los&nbsp;<strong>homicidios&nbsp;<\/strong>en los nueve meses del a\u00f1o fueron 27 mil 097; para el a\u00f1o 2020 la cifra ascendi\u00f3 a 27 mil 176 asesinatos; para 2021 fue de 26 mil 685 y para 2022 fue de 24 mil 127.<img decoding=\"async\" alt=\"El presidente L\u00f3pez Obrador ha defendido su estrategia de seguridad \nEuropa Press\/Contacto\n\" height=\"1895\" width=\"2843\" src=\"https:\/\/www.infobae.com\/new-resizer\/BBHoVnr5U2JXE_k9CsXOpwjLUJM=\/arc-anglerfish-arc2-prod-infobae\/public\/NEMIOSSUJRHSDD6MW5IO3YGDVQ.jpg\" srcset=\"https:\/\/www.infobae.com\/new-resizer\/RQDdUH29arTgh0yp3rot1W0Wt80=\/420x280\/filters:format(webp):quality(85)\/cloudfront-us-east-1.images.arcpublishing.com\/infobae\/NEMIOSSUJRHSDD6MW5IO3YGDVQ.jpg 420w,https:\/\/www.infobae.com\/new-resizer\/uWtFGjSXrIvQbU5SuQLWiLBRfSE=\/768x512\/filters:format(webp):quality(85)\/cloudfront-us-east-1.images.arcpublishing.com\/infobae\/NEMIOSSUJRHSDD6MW5IO3YGDVQ.jpg 768w,https:\/\/www.infobae.com\/new-resizer\/nicasCu1zmzNJvNm3jgek2ldYOI=\/992x661\/filters:format(webp):quality(85)\/cloudfront-us-east-1.images.arcpublishing.com\/infobae\/NEMIOSSUJRHSDD6MW5IO3YGDVQ.jpg 992w,https:\/\/www.infobae.com\/new-resizer\/A_EwQgYu-22iQ38tuEd5rsWdgus=\/1200x800\/filters:format(webp):quality(85)\/cloudfront-us-east-1.images.arcpublishing.com\/infobae\/NEMIOSSUJRHSDD6MW5IO3YGDVQ.jpg 1200w,https:\/\/www.infobae.com\/new-resizer\/hZ51JntfCXabx9ykGvhsr_rushw=\/1440x960\/filters:format(webp):quality(85)\/cloudfront-us-east-1.images.arcpublishing.com\/infobae\/NEMIOSSUJRHSDD6MW5IO3YGDVQ.jpg 1440w\">El presidente L\u00f3pez Obrador ha defendido su estrategia de seguridad Europa Press\/Contacto<\/p>\n\n\n\n<p><em>TResearch&nbsp;<\/em>realiz\u00f3 una proyecci\u00f3n sobre los&nbsp;<strong>homicidios diarios<\/strong>&nbsp;que se registran en el pa\u00eds y de acuerdo con sus c\u00e1lculos, se estima que el presidente L\u00f3pez Obrador finalice su sexenio con 206 mil 489 homicidios.<a href=\"https:\/\/www.infobae.com\/mexico\/2023\/09\/13\/horror-en-celaya-tres-mujeres-son-asesinadas-a-sangre-fria-frente-a-dos-ninos\/\" rel=\"noreferrer noopener\" target=\"_blank\">Te puede interesar:<strong>Horror en Celaya: tres mujeres son asesinadas a sangre fr\u00eda; iban acompa\u00f1adas de dos ni\u00f1os<\/strong><\/a><\/p>\n\n\n\n<p>La proyecci\u00f3n se\u00f1ala que el mes de&nbsp;<strong>septiembre&nbsp;<\/strong>finalizar\u00e1 con 168 mil 712 homicidios, y que el 2023 terminar\u00e1 con 177 mil 344 asesinatos.<\/p>\n\n\n\n<h2 class=\"wp-block-heading\">Un homicidio cada 15 minutos en M\u00e9xico<\/h2>\n\n\n\n<p>Hasta ahora el a\u00f1o con la mayor cantidad de homicidios durante el&nbsp;<strong>sexenio de L\u00f3pez Obrador<\/strong>&nbsp;ha sido 2020, cuando se registraron en total 36 mil 773; en tanto, en lo que va de septiembre, los homicidios han alcanzado los 21 mil 343.<\/p>\n\n\n\n<p>De acuerdo con&nbsp;<em>TResearch<\/em>, 2020 fue tambi\u00e9n el a\u00f1o en el que m\u00e1s homicidios diarios se registraron, con 101 por d\u00eda; mientras que en 2020 se documentaron 100 diarios.<img decoding=\"async\" alt=\"Michoac\u00e1n ha sido una de las entidades que ha tenido despliegues de fuerzas de seguridad en d\u00edas recientes. \n(Foto: Sedena)\" height=\"1059\" width=\"1600\" src=\"https:\/\/www.infobae.com\/new-resizer\/EkZqOn0YGruifwxM0w9xgUGvREA=\/arc-anglerfish-arc2-prod-infobae\/public\/7E2XVAMSV5HEREP74SC5YL2KHI.jpg\" srcset=\"https:\/\/www.infobae.com\/new-resizer\/wtEqHzKUNPexF2vLsykinHBJYvU=\/420x280\/filters:format(webp):quality(85)\/cloudfront-us-east-1.images.arcpublishing.com\/infobae\/7E2XVAMSV5HEREP74SC5YL2KHI.jpg 420w,https:\/\/www.infobae.com\/new-resizer\/vhYJPCuQTZtkPSq4y3EYauDqm8k=\/768x512\/filters:format(webp):quality(85)\/cloudfront-us-east-1.images.arcpublishing.com\/infobae\/7E2XVAMSV5HEREP74SC5YL2KHI.jpg 768w,https:\/\/www.infobae.com\/new-resizer\/ZUhNLwqb_PRIo0W04gFmmoYOqas=\/992x661\/filters:format(webp):quality(85)\/cloudfront-us-east-1.images.arcpublishing.com\/infobae\/7E2XVAMSV5HEREP74SC5YL2KHI.jpg 992w,https:\/\/www.infobae.com\/new-resizer\/R11nE5FJklK5tRW2rYnaA8Khnrw=\/1200x800\/filters:format(webp):quality(85)\/cloudfront-us-east-1.images.arcpublishing.com\/infobae\/7E2XVAMSV5HEREP74SC5YL2KHI.jpg 1200w,https:\/\/www.infobae.com\/new-resizer\/uPavv6LLwBVVhT_4hM1g_qb-JOw=\/1440x960\/filters:format(webp):quality(85)\/cloudfront-us-east-1.images.arcpublishing.com\/infobae\/7E2XVAMSV5HEREP74SC5YL2KHI.jpg 1440w\">Michoac\u00e1n ha sido una de las entidades que ha tenido despliegues de fuerzas de seguridad en d\u00edas recientes. (Foto: Sedena)<\/p>\n\n\n\n<p>Para este a\u00f1o la cifra diaria promedio es de 83, pero en su conjunto, en los cinco a\u00f1os de&nbsp;<strong>gobierno de L\u00f3pez Obrador<\/strong>, el promedio llega a los 95 asesinatos por d\u00eda.<a href=\"https:\/\/www.infobae.com\/mexico\/2023\/09\/14\/violencia-en-edomex-hombre-recibe-golpiza-por-tres-hombres-le-avientan-una-piedra-en-la-cabeza\/\" rel=\"noreferrer noopener\" target=\"_blank\">Te puede interesar:<strong>Tres hombres golpean y avientan piedra a la cabeza de un peat\u00f3n en el Edomex; v\u00edctima queda inconsciente en el piso<\/strong><\/a><\/p>\n\n\n\n<p>De tal forma que si se registran 95 asesinatos promedio al d\u00eda durante la actual administraci\u00f3n, se comete un homicidio en el pa\u00eds cada 15 minutos.<\/p>\n\n\n\n<p>En el comparativo por entidad, se tiene que durante todo el sexenio del presidente L\u00f3pez Obrador, el estado de&nbsp;<strong>Guanajuato&nbsp;<\/strong>se posicion\u00f3 como la entidad con m\u00e1s homicidios. Desde 2019 la entidad gobernada por Diego Sinhu\u00e9 encabeza las cifras por estos delitos.<img loading=\"lazy\" decoding=\"async\" alt=\"Se prev\u00e9 que el presidente L\u00f3pez Obrador finalice su sexenio con m\u00e1s de 200 mil asesinatos.  (Twitter\/@Miguel_Leon_C)\" height=\"1080\" width=\"1920\" src=\"https:\/\/www.infobae.com\/new-resizer\/I5yDwGhRb-WtVi_ku4JtQAkRQAU=\/arc-anglerfish-arc2-prod-infobae\/public\/3LSRFTTNABDZTFULUKCLIXBYZE.jpg\" srcset=\"https:\/\/www.infobae.com\/new-resizer\/bFv8S6tXtKkbhbr9-ZLQVAtPdhA=\/420x236\/filters:format(webp):quality(85)\/cloudfront-us-east-1.images.arcpublishing.com\/infobae\/3LSRFTTNABDZTFULUKCLIXBYZE.jpg 420w,https:\/\/www.infobae.com\/new-resizer\/m45vROWKPZ07pi_5umB66cz_aXM=\/768x432\/filters:format(webp):quality(85)\/cloudfront-us-east-1.images.arcpublishing.com\/infobae\/3LSRFTTNABDZTFULUKCLIXBYZE.jpg 768w,https:\/\/www.infobae.com\/new-resizer\/CiD2y7jBIfEylUo-raKILfCIaiU=\/992x558\/filters:format(webp):quality(85)\/cloudfront-us-east-1.images.arcpublishing.com\/infobae\/3LSRFTTNABDZTFULUKCLIXBYZE.jpg 992w,https:\/\/www.infobae.com\/new-resizer\/p5qTgnFgS6Xg4RTpqtb_rZ2-tIs=\/1200x675\/filters:format(webp):quality(85)\/cloudfront-us-east-1.images.arcpublishing.com\/infobae\/3LSRFTTNABDZTFULUKCLIXBYZE.jpg 1200w,https:\/\/www.infobae.com\/new-resizer\/9W_XH_WQs0Nj2vvpJCaOE2SINcw=\/1440x810\/filters:format(webp):quality(85)\/cloudfront-us-east-1.images.arcpublishing.com\/infobae\/3LSRFTTNABDZTFULUKCLIXBYZE.jpg 1440w\">Se prev\u00e9 que el presidente L\u00f3pez Obrador finalice su sexenio con m\u00e1s de 200 mil asesinatos. (Twitter\/@Miguel_Leon_C)<\/p>\n\n\n\n<p>Para el a\u00f1o 2019 se registraron 4 mil 019 homicidios; al a\u00f1o siguiente la cifra aument\u00f3 a 5 mil 371 y para 2021 baj\u00f3 nuevamente a mil 333. En 2022 la disminuci\u00f3n se sostuvo para llegar a los 4 mil 2556 y al d\u00eda de hoy, va en 2 mil 303.<\/p>\n\n\n\n<p>Pese a que se trata de una de las\u00a0<strong>entidades m\u00e1s violentas<\/strong>, su tendencia en cuanto a homicidios ha marcado una disminuci\u00f3n, aunque marginal. La agencia encontr\u00f3 que su reducci\u00f3n en asesinatos es de 3%, mientras que otras entidades con gobiernos morenistas sufren descalabros importantes en el tema de seguridad y han tenido aumentos importantes como lo es el caso de Veracruz, Oaxaca, la Ciudad de M\u00e9xico y Quintana Roo.<\/p>\n\n\n\n<p>Fuente: <a href=\"https:\/\/www.infobae.com\/mexico\/2023\/09\/17\/asesinatos-en-mexico-con-95-muertos-al-dia-uno-cada-15-minutos-asi-cierra-amlo-su-sexenio\/\">https:\/\/www.infobae.com\/mexico\/2023\/09\/17\/asesinatos-en-mexico-con-95-muertos-al-dia-uno-cada-15-minutos-asi-cierra-amlo-su-sexenio\/<\/a><\/p>\n","protected":false},"excerpt":{"rendered":"<p>TResearch estim\u00f3 que se cometieron con m\u00e1s de 200 mil homicidios dejando muy por detr\u00e1s los a\u00f1os de violencia de [&hellip;]<\/p>\n","protected":false},"author":1,"featured_media":59193,"comment_status":"open","ping_status":"open","sticky":false,"template":"","format":"standard","meta":{"site-sidebar-layout":"default","site-content-layout":"","ast-site-content-layout":"default","site-content-style":"default","site-sidebar-style":"default","ast-global-header-display":"","ast-banner-title-visibility":"","ast-main-header-display":"","ast-hfb-above-header-display":"","ast-hfb-below-header-display":"","ast-hfb-mobile-header-display":"","site-post-title":"","ast-breadcrumbs-content":"","ast-featured-img":"","footer-sml-layout":"","theme-transparent-header-meta":"","adv-header-id-meta":"","stick-header-meta":"","header-above-stick-meta":"","header-main-stick-meta":"","header-below-stick-meta":"","astra-migrate-meta-layouts":"default","ast-page-background-enabled":"default","ast-page-background-meta":{"desktop":{"background-color":"var(--ast-global-color-4)","background-image":"","background-repeat":"repeat","background-position":"center center","background-size":"auto","background-attachment":"scroll","background-type":"","background-media":"","overlay-type":"","overlay-color":"","overlay-opacity":"","overlay-gradient":""},"tablet":{"background-color":"","background-image":"","background-repeat":"repeat","background-position":"center center","background-size":"auto","background-attachment":"scroll","background-type":"","background-media":"","overlay-type":"","overlay-color":"","overlay-opacity":"","overlay-gradient":""},"mobile":{"background-color":"","background-image":"","background-repeat":"repeat","background-position":"center center","background-size":"auto","background-attachment":"scroll","background-type":"","background-media":"","overlay-type":"","overlay-color":"","overlay-opacity":"","overlay-gradient":""}},"ast-content-background-meta":{"desktop":{"background-color":"var(--ast-global-color-5)","background-image":"","background-repeat":"repeat","background-position":"center center","background-size":"auto","background-attachment":"scroll","background-type":"","background-media":"","overlay-type":"","overlay-color":"","overlay-opacity":"","overlay-gradient":""},"tablet":{"background-color":"var(--ast-global-color-5)","background-image":"","background-repeat":"repeat","background-position":"center center","background-size":"auto","background-attachment":"scroll","background-type":"","background-media":"","overlay-type":"","overlay-color":"","overlay-opacity":"","overlay-gradient":""},"mobile":{"background-color":"var(--ast-global-color-5)","background-image":"","background-repeat":"repeat","background-position":"center center","background-size":"auto","background-attachment":"scroll","background-type":"","background-media":"","overlay-type":"","overlay-color":"","overlay-opacity":"","overlay-gradient":""}},"footnotes":""},"categories":[8],"tags":[14822,4585,18986],"class_list":["post-59192","post","type-post","status-publish","format-standard","has-post-thumbnail","hentry","category-noticias","tag-asesinatos","tag-seguridad-mexico","tag-tresearch"],"_links":{"self":[{"href":"https:\/\/losperiodistas.com.mx\/portal\/wp-json\/wp\/v2\/posts\/59192","targetHints":{"allow":["GET"]}}],"collection":[{"href":"https:\/\/losperiodistas.com.mx\/portal\/wp-json\/wp\/v2\/posts"}],"about":[{"href":"https:\/\/losperiodistas.com.mx\/portal\/wp-json\/wp\/v2\/types\/post"}],"author":[{"embeddable":true,"href":"https:\/\/losperiodistas.com.mx\/portal\/wp-json\/wp\/v2\/users\/1"}],"replies":[{"embeddable":true,"href":"https:\/\/losperiodistas.com.mx\/portal\/wp-json\/wp\/v2\/comments?post=59192"}],"version-history":[{"count":1,"href":"https:\/\/losperiodistas.com.mx\/portal\/wp-json\/wp\/v2\/posts\/59192\/revisions"}],"predecessor-version":[{"id":59194,"href":"https:\/\/losperiodistas.com.mx\/portal\/wp-json\/wp\/v2\/posts\/59192\/revisions\/59194"}],"wp:featuredmedia":[{"embeddable":true,"href":"https:\/\/losperiodistas.com.mx\/portal\/wp-json\/wp\/v2\/media\/59193"}],"wp:attachment":[{"href":"https:\/\/losperiodistas.com.mx\/portal\/wp-json\/wp\/v2\/media?parent=59192"}],"wp:term":[{"taxonomy":"category","embeddable":true,"href":"https:\/\/losperiodistas.com.mx\/portal\/wp-json\/wp\/v2\/categories?post=59192"},{"taxonomy":"post_tag","embeddable":true,"href":"https:\/\/losperiodistas.com.mx\/portal\/wp-json\/wp\/v2\/tags?post=59192"}],"curies":[{"name":"wp","href":"https:\/\/api.w.org\/{rel}","templated":true}]}}