{"id":59180,"date":"2023-09-17T08:54:05","date_gmt":"2023-09-17T13:54:05","guid":{"rendered":"http:\/\/losperiodistas.com.mx\/portal\/?p=59180"},"modified":"2023-09-17T08:54:07","modified_gmt":"2023-09-17T13:54:07","slug":"el-suicidio-de-un-sacerdote-de-40-anos-conmociona-a-catolicos-en-la-india-aci","status":"publish","type":"post","link":"https:\/\/losperiodistas.com.mx\/portal\/el-suicidio-de-un-sacerdote-de-40-anos-conmociona-a-catolicos-en-la-india-aci\/","title":{"rendered":"El suicidio de un sacerdote de 40 a\u00f1os conmociona a cat\u00f3licos en la India | ACI"},"content":{"rendered":"\n<div class=\"wp-block-image is-style-default\"><figure class=\"aligncenter size-large\"><img fetchpriority=\"high\" decoding=\"async\" width=\"1024\" height=\"684\" src=\"https:\/\/losperiodistas.com.mx\/portal\/wp-content\/uploads\/2023\/09\/Captura-de-Pantalla-2023-09-17-a-las-7.46.37-1024x684.jpg\" alt=\"\" class=\"wp-image-59181\" srcset=\"https:\/\/losperiodistas.com.mx\/portal\/wp-content\/uploads\/2023\/09\/Captura-de-Pantalla-2023-09-17-a-las-7.46.37-1024x684.jpg 1024w, https:\/\/losperiodistas.com.mx\/portal\/wp-content\/uploads\/2023\/09\/Captura-de-Pantalla-2023-09-17-a-las-7.46.37-300x200.jpg 300w, https:\/\/losperiodistas.com.mx\/portal\/wp-content\/uploads\/2023\/09\/Captura-de-Pantalla-2023-09-17-a-las-7.46.37-768x513.jpg 768w, https:\/\/losperiodistas.com.mx\/portal\/wp-content\/uploads\/2023\/09\/Captura-de-Pantalla-2023-09-17-a-las-7.46.37.jpg 1342w\" sizes=\"(max-width: 1024px) 100vw, 1024px\" \/><figcaption>Foto referencial | Cr\u00e9dito: Shutterstock<\/figcaption><\/figure><\/div>\n\n\n\n<p class=\"has-vivid-red-color has-text-color has-medium-font-size\"><strong>WALTER S\u00c1NCHEZ SILVA \/ ACI PRENSA<\/strong><\/p>\n\n\n\n<p>El suicidio de un sacerdote, que ten\u00eda 40 a\u00f1os y 10 de ordenado presb\u00edtero, ha conmocionado a los fieles cat\u00f3licos en el estado de Madhya Pradesh, en la regi\u00f3n central de la India.<\/p>\n\n\n\n<p>El P. Anil Francis, era responsable de la Academia Santa Alfonsa, una escuela primaria del pueblo de Garhakota. El 14 de septiembre fue encontrado ahorcado en un \u00e1rbol en las afueras de Sagar, adonde hab\u00eda llegado para participar de un retiro del clero.<\/p>\n\n\n\n<p>\u201cNo sabemos qu\u00e9 hizo que tomara esa decisi\u00f3n extrema. A\u00fan estamos en shock\u201d, declar\u00f3 a&nbsp;<a href=\"https:\/\/www.ucanews.com\/news\/catholic-priest-found-hanging-in-indian-diocese\/102619\">UCA News<\/a>&nbsp;el Obispo de Sagar, Mons. James Athikalam.<\/p>\n\n\n\n<p>\u201cRespetaremos su deseo\u201d, agreg\u00f3 el Prelado y precis\u00f3 que el cuerpo ser\u00e1 entregado a su familia, para que el fallecido sacerdote sea cremado y no enterrado, como lo pidi\u00f3 en una nota que dej\u00f3.<\/p>\n\n\n\n<p>Seg\u00fan informa\u00a0<a href=\"https:\/\/www.asianews.it\/noticias-es\/El-suicidio-de-un-sacerdote-cat%C3%B3lico-sacude-Madhya-Pradesh-59157.html\">Asia News<\/a>, el vocero de la Di\u00f3cesis de Sagar, P. Sabu Puthenpurackal, dio a conocer una declaraci\u00f3n en la que se\u00f1ala que \u201cla polic\u00eda est\u00e1 investigando el caso y la di\u00f3cesis coopera plenamente\u00bb. \u00abEl padre Anil Francis estaba bajo tensi\u00f3n y presi\u00f3n debido a una denuncia presentada contra \u00e9l por un post que hab\u00eda compartido en las redes sociales sobre la violencia en Manipur\u00bb, a\u00f1ade.<\/p>\n\n\n\n<p>Asia News precisa que la publicaci\u00f3n la hizo el sacerdote como protestar por la inacci\u00f3n del gobierno ante los enfrentamientos en la regi\u00f3n noreste de la India, que suele tener como v\u00edctimas a los cristianos.<\/p>\n\n\n\n<p>\u201cEstamos extremadamente tristes y apenados por la muerte del P. Anil Francis, que era conocido por su compromiso con las obras que se le hab\u00edan confiado y su dedicaci\u00f3n a los valores que predicaba\u201d, concluye la nota de la Di\u00f3cesis de Sagar.<\/p>\n\n\n\n<p><strong>La violencia en Manipur<\/strong><\/p>\n\n\n\n<p>La agencia vaticana&nbsp;<a href=\"http:\/\/www.fides.org\/es\/news\/74176-ASIA_INDIA_Nuevos_episodios_de_violencia_en_el_estado_indio_de_Manipur_los_cristianos_estudian_la_enciclica_Hermanos_todos_como_manual_para_la_reconciliacion\">Fides<\/a>&nbsp;refiere que, desde hace algunos meses existe un conflicto \u00e9tnico, que se ha agudizado por el elemento religioso, en el&nbsp;<a href=\"https:\/\/www.google.com\/maps\/place\/Manipur,+India\/@22.4200481,82.3850533,5.25z\/data=!4m6!3m5!1s0x3749265bf16390db:0x8cc1691ae0a829af!8m2!3d24.6637173!4d93.9062688!16zL20vMDI2bXg0?entry=ttu\">estado de Manipur<\/a>.<\/p>\n\n\n\n<p>El 8 de septiembre hubo un enfrentamiento en el pueblo de Pallel, donde dos personas fallecieron y otras 40 quedaron heridas.<\/p>\n\n\n\n<p>Hace unos meses, el Tribunal Superior de Manipur orden\u00f3 incluir a la comunidad meitei, un grupo no tribal y de mayor\u00eda hind\u00fa, en la lista de \u201ctribus reconocidas\u201d constitucionalmente, lo que suscit\u00f3 en mayo las protestas de las comunidades kuki y naga, grupos que s\u00ed son considerados tribales y que son en su mayor\u00eda cristianas.<\/p>\n\n\n\n<p>Como consecuencia de la violencia, ahora hay unos 70 mil desplazados y m\u00e1s de 200 fallecidos en esa regi\u00f3n.<\/p>\n\n\n\n<p>Los enfrentamientos suscitaron el toque de queda, decretado por las autoridades locales, y han dejado m\u00e1s de 3.700 propiedades da\u00f1adas. De estas, m\u00e1s de 200 son iglesias o capillas, como inform\u00f3 Mons. Dominic Lumon, Arzobispo de Imphal. Este hecho ha agudizado a\u00fan m\u00e1s la polarizaci\u00f3n.<\/p>\n","protected":false},"excerpt":{"rendered":"<p>WALTER S\u00c1NCHEZ SILVA \/ ACI PRENSA El suicidio de un sacerdote, que ten\u00eda 40 a\u00f1os y 10 de ordenado presb\u00edtero, [&hellip;]<\/p>\n","protected":false},"author":1,"featured_media":59181,"comment_status":"open","ping_status":"open","sticky":false,"template":"","format":"standard","meta":{"site-sidebar-layout":"default","site-content-layout":"","ast-site-content-layout":"default","site-content-style":"default","site-sidebar-style":"default","ast-global-header-display":"","ast-banner-title-visibility":"","ast-main-header-display":"","ast-hfb-above-header-display":"","ast-hfb-below-header-display":"","ast-hfb-mobile-header-display":"","site-post-title":"","ast-breadcrumbs-content":"","ast-featured-img":"","footer-sml-layout":"","theme-transparent-header-meta":"","adv-header-id-meta":"","stick-header-meta":"","header-above-stick-meta":"","header-main-stick-meta":"","header-below-stick-meta":"","astra-migrate-meta-layouts":"default","ast-page-background-enabled":"default","ast-page-background-meta":{"desktop":{"background-color":"var(--ast-global-color-4)","background-image":"","background-repeat":"repeat","background-position":"center center","background-size":"auto","background-attachment":"scroll","background-type":"","background-media":"","overlay-type":"","overlay-color":"","overlay-opacity":"","overlay-gradient":""},"tablet":{"background-color":"","background-image":"","background-repeat":"repeat","background-position":"center center","background-size":"auto","background-attachment":"scroll","background-type":"","background-media":"","overlay-type":"","overlay-color":"","overlay-opacity":"","overlay-gradient":""},"mobile":{"background-color":"","background-image":"","background-repeat":"repeat","background-position":"center center","background-size":"auto","background-attachment":"scroll","background-type":"","background-media":"","overlay-type":"","overlay-color":"","overlay-opacity":"","overlay-gradient":""}},"ast-content-background-meta":{"desktop":{"background-color":"var(--ast-global-color-5)","background-image":"","background-repeat":"repeat","background-position":"center center","background-size":"auto","background-attachment":"scroll","background-type":"","background-media":"","overlay-type":"","overlay-color":"","overlay-opacity":"","overlay-gradient":""},"tablet":{"background-color":"var(--ast-global-color-5)","background-image":"","background-repeat":"repeat","background-position":"center center","background-size":"auto","background-attachment":"scroll","background-type":"","background-media":"","overlay-type":"","overlay-color":"","overlay-opacity":"","overlay-gradient":""},"mobile":{"background-color":"var(--ast-global-color-5)","background-image":"","background-repeat":"repeat","background-position":"center center","background-size":"auto","background-attachment":"scroll","background-type":"","background-media":"","overlay-type":"","overlay-color":"","overlay-opacity":"","overlay-gradient":""}},"footnotes":""},"categories":[8],"tags":[18979,18980],"class_list":["post-59180","post","type-post","status-publish","format-standard","has-post-thumbnail","hentry","category-noticias","tag-india-catolicos","tag-suicidio-sacerdote"],"_links":{"self":[{"href":"https:\/\/losperiodistas.com.mx\/portal\/wp-json\/wp\/v2\/posts\/59180","targetHints":{"allow":["GET"]}}],"collection":[{"href":"https:\/\/losperiodistas.com.mx\/portal\/wp-json\/wp\/v2\/posts"}],"about":[{"href":"https:\/\/losperiodistas.com.mx\/portal\/wp-json\/wp\/v2\/types\/post"}],"author":[{"embeddable":true,"href":"https:\/\/losperiodistas.com.mx\/portal\/wp-json\/wp\/v2\/users\/1"}],"replies":[{"embeddable":true,"href":"https:\/\/losperiodistas.com.mx\/portal\/wp-json\/wp\/v2\/comments?post=59180"}],"version-history":[{"count":1,"href":"https:\/\/losperiodistas.com.mx\/portal\/wp-json\/wp\/v2\/posts\/59180\/revisions"}],"predecessor-version":[{"id":59182,"href":"https:\/\/losperiodistas.com.mx\/portal\/wp-json\/wp\/v2\/posts\/59180\/revisions\/59182"}],"wp:featuredmedia":[{"embeddable":true,"href":"https:\/\/losperiodistas.com.mx\/portal\/wp-json\/wp\/v2\/media\/59181"}],"wp:attachment":[{"href":"https:\/\/losperiodistas.com.mx\/portal\/wp-json\/wp\/v2\/media?parent=59180"}],"wp:term":[{"taxonomy":"category","embeddable":true,"href":"https:\/\/losperiodistas.com.mx\/portal\/wp-json\/wp\/v2\/categories?post=59180"},{"taxonomy":"post_tag","embeddable":true,"href":"https:\/\/losperiodistas.com.mx\/portal\/wp-json\/wp\/v2\/tags?post=59180"}],"curies":[{"name":"wp","href":"https:\/\/api.w.org\/{rel}","templated":true}]}}