{"id":59177,"date":"2023-09-17T08:28:34","date_gmt":"2023-09-17T13:28:34","guid":{"rendered":"http:\/\/losperiodistas.com.mx\/portal\/?p=59177"},"modified":"2023-09-17T08:28:38","modified_gmt":"2023-09-17T13:28:38","slug":"murio-el-priista-tulio-hernandez-exgobernador-de-tlaxcala-quien-fue-esposo-de-silvia-pinal-proceso","status":"publish","type":"post","link":"https:\/\/losperiodistas.com.mx\/portal\/murio-el-priista-tulio-hernandez-exgobernador-de-tlaxcala-quien-fue-esposo-de-silvia-pinal-proceso\/","title":{"rendered":"Muri\u00f3 el priista Tulio Hern\u00e1ndez, exgobernador de Tlaxcala quien fue esposo de Silvia Pinal | Proceso"},"content":{"rendered":"\n<p class=\"has-light-green-cyan-background-color has-background has-medium-font-size\"><strong>De acuerdo con medios locales el exmandatario muri\u00f3 en su casa ubicada en la comunidad de Tizatl\u00e1n, municipio de Tlaxcala. Emanado de las filas del PRI, partido del que fue miembro desde 1953, Tulio Hern\u00e1ndez fue gobernador de la entidad entre 1981 y 1987.<\/strong><\/p>\n\n\n\n<div class=\"wp-block-image is-style-default\"><figure class=\"aligncenter size-full\"><img fetchpriority=\"high\" decoding=\"async\" width=\"685\" height=\"385\" src=\"https:\/\/losperiodistas.com.mx\/portal\/wp-content\/uploads\/2023\/09\/f685x385-182499_220192_5050.jpg\" alt=\"\" class=\"wp-image-59178\" srcset=\"https:\/\/losperiodistas.com.mx\/portal\/wp-content\/uploads\/2023\/09\/f685x385-182499_220192_5050.jpg 685w, https:\/\/losperiodistas.com.mx\/portal\/wp-content\/uploads\/2023\/09\/f685x385-182499_220192_5050-300x169.jpg 300w\" sizes=\"(max-width: 685px) 100vw, 685px\" \/><figcaption>Tulio Hern\u00e1ndez con la actual gobernadora de Tlaxcala, Lorena Cu\u00e9llar. Foto: @LorenaCuellar<\/figcaption><\/figure><\/div>\n\n\n\n<p class=\"has-vivid-red-color has-text-color has-medium-font-size\"><strong>REDACCI\u00d3N PROCESO<\/strong><\/p>\n\n\n\n<p>CIUDAD DE M\u00c9XICO&nbsp; (apro).- El exgobernador de Tlaxcala Tulio Hern\u00e1ndez, quien fuera esposo de la actriz Silvia Pinal, falleci\u00f3 este s\u00e1bado a los 85 a\u00f1os de edad.<\/p>\n\n\n\n<p>Del deceso dio cuenta el Congreso de Tlaxcala a trav\u00e9s de su cuenta en \u201cX\u201d donde expres\u00f3 sus condolencias hacia la familia del priista.<\/p>\n\n\n\n<p><strong>NOTICIAS RELACIONADAS<\/strong><\/p>\n\n\n\n<ul class=\"wp-block-list\"><li><a href=\"https:\/\/www.proceso.com.mx\/nacional\/cdmx\/2017\/8\/6\/localizan-al-exgobernador-de-tlaxcala-reportado-como-desaparecido-189045.html\">Localizan al exgobernador de Tlaxcala reportado como desaparecido<\/a><\/li><li><a href=\"https:\/\/www.proceso.com.mx\/nacional\/2017\/8\/5\/desaparece-en-la-cdmx-el-exgobernador-priista-tulio-hernandez-gomez-189042.html\">Desaparece en la CDMX el exgobernador priista Tulio Hern\u00e1ndez G\u00f3mez<\/a><\/li><\/ul>\n\n\n\n<figure class=\"wp-block-embed is-type-rich is-provider-twitter wp-block-embed-twitter\"><div class=\"wp-block-embed__wrapper\">\n<blockquote class=\"twitter-tweet\" data-width=\"500\" data-dnt=\"true\"><p lang=\"es\" dir=\"ltr\">\ud83d\udd4a\ufe0f La LXIV Legislatura del Congreso Local se une a la penas que embarga a la familia del ex gobernador del Estado de Tlaxcala, Tulio Hern\u00e1ndez G\u00f3mez. <br><br>Descanse en paz. <a href=\"https:\/\/t.co\/4hJ5uYfy1e\">pic.twitter.com\/4hJ5uYfy1e<\/a><\/p>&mdash; Congreso del Estado de Tlaxcala (@CongresoTlx) <a href=\"https:\/\/twitter.com\/CongresoTlx\/status\/1703223976258859403?ref_src=twsrc%5Etfw\">September 17, 2023<\/a><\/blockquote><script async src=\"https:\/\/platform.twitter.com\/widgets.js\" charset=\"utf-8\"><\/script>\n<\/div><\/figure>\n\n\n\n<p>La actual gobernadora de Tlaxcala, Lorena Cu\u00e9llar, se refiri\u00f3 al priista como un \u201ctlaxcalteca ejemplar, cercano a la gente y a quien siempre recordaremos por su profundo amor a nuestro estado\u201d.<\/p>\n\n\n\n<figure class=\"wp-block-embed is-type-rich is-provider-twitter wp-block-embed-twitter\"><div class=\"wp-block-embed__wrapper\">\n<blockquote class=\"twitter-tweet\" data-width=\"500\" data-dnt=\"true\"><p lang=\"es\" dir=\"ltr\">Lamento profundamente la p\u00e9rdida de Don Tulio Hern\u00e1ndez G\u00f3mez, ExGobernador de Tlaxcala de quien recib\u00ed siempre su respaldo y apoyo en mi gobierno. Don Tulio fue un tlaxcalteca ejemplar, cercano a la gente y a quien siempre recordaremos por su profundo amor a nuestro estado.\u2026 <a href=\"https:\/\/t.co\/0GAW6OMllz\">pic.twitter.com\/0GAW6OMllz<\/a><\/p>&mdash; Lorena Cu\u00e9llar (@LorenaCuellar) <a href=\"https:\/\/twitter.com\/LorenaCuellar\/status\/1703256387340452166?ref_src=twsrc%5Etfw\">September 17, 2023<\/a><\/blockquote><script async src=\"https:\/\/platform.twitter.com\/widgets.js\" charset=\"utf-8\"><\/script>\n<\/div><\/figure>\n\n\n\n<p>La diputada local Alejandra Ram\u00edrez tambi\u00e9n public\u00f3 un mensaje:<\/p>\n\n\n\n<p>\u00abLamento profundamente el fallecimiento de Tulio Hern\u00e1ndez G\u00f3mez, exgobernador de Tlaxcala. Su legado en la pol\u00edtica y su dedicaci\u00f3n al servicio p\u00fablico siempre ser\u00e1n recordados. Mis condolencias a su familia y seres queridos en estos momentos dif\u00edciles. Descanse en paz\u00bb.<\/p>\n\n\n\n<p>De acuerdo con medios locales el exmandatario muri\u00f3 en su casa ubicada en la comunidad de Tizatl\u00e1n, municipio de Tlaxcala.<\/p>\n\n\n\n<p>Emanado de las filas del PRI, partido del que fue miembro desde 1953, Tulio Hern\u00e1ndez fue gobernador de la entidad entre 1981 y 1987.<\/p>\n\n\n\n<p>Curs\u00f3 la carrera de Derecho en la Universidad Nacional Aut\u00f3noma de M\u00e9xico, donde tambi\u00e9n fue catedr\u00e1tico.<\/p>\n\n\n\n<p>Ocup\u00f3 varios cargos pol\u00edticos: En 1964 fue elegido diputado federal por el Distrito electoral federal 1 de Tlaxcala a la XLVI legislatura; delegado en Azcapotzalco de 1976 a 1979 y posteriormente fue oficial mayor de la Secretar\u00eda de Gobernaci\u00f3n.<\/p>\n\n\n\n<p>En 1980 fue postulado como candidato del PRI al gobierno de Tlaxcala, triunf\u00f3 y ejerci\u00f3 el cargo de 1981 a 1987.<\/p>\n\n\n\n<p>De 1989 a 1990 fue presidente del PRI en el Distrito Federal y luego diputado federal plurinominal a la LVII legislatura de 1997 a 2000.<\/p>\n\n\n\n<p>Una de sus \u00faltimas apariciones p\u00fablicas fue en febrero pasado, durante la donaci\u00f3n que el gobierno estatal hizo al Instituto Nacional de Antropolog\u00eda e Historia (INAH), un predio que aloja al Museo de Sitio de la Zona Arqueol\u00f3gica de Zult\u00e9pec-Tecoaque, en Calpulalpan.<\/p>\n\n\n\n<p>A finales de julio pasado, se difundi\u00f3 que el pol\u00edtico priista hab\u00eda sido hospitalizado por complicaciones de salud, fue ingresado de emergencia a un hospital, aunque no se revelaron las causas exactas.<\/p>\n\n\n\n<p>En redes sociales, diversas personalidades y entidades de Tlaxcala lamentaron el deceso del pol\u00edtico priista.<\/p>\n\n\n\n<p>Fuente: <a href=\"https:\/\/www.proceso.com.mx\/nacional\/2023\/9\/16\/murio-el-priista-tulio-hernandez-exgobernador-de-tlaxcala-quien-fue-esposo-de-silvia-pinal-315001.html\">https:\/\/www.proceso.com.mx\/nacional\/2023\/9\/16\/murio-el-priista-tulio-hernandez-exgobernador-de-tlaxcala-quien-fue-esposo-de-silvia-pinal-315001.html<\/a><\/p>\n","protected":false},"excerpt":{"rendered":"<p>De acuerdo con medios locales el exmandatario muri\u00f3 en su casa ubicada en la comunidad de Tizatl\u00e1n, municipio de Tlaxcala. [&hellip;]<\/p>\n","protected":false},"author":1,"featured_media":59178,"comment_status":"open","ping_status":"open","sticky":false,"template":"","format":"standard","meta":{"site-sidebar-layout":"default","site-content-layout":"","ast-site-content-layout":"default","site-content-style":"default","site-sidebar-style":"default","ast-global-header-display":"","ast-banner-title-visibility":"","ast-main-header-display":"","ast-hfb-above-header-display":"","ast-hfb-below-header-display":"","ast-hfb-mobile-header-display":"","site-post-title":"","ast-breadcrumbs-content":"","ast-featured-img":"","footer-sml-layout":"","theme-transparent-header-meta":"","adv-header-id-meta":"","stick-header-meta":"","header-above-stick-meta":"","header-main-stick-meta":"","header-below-stick-meta":"","astra-migrate-meta-layouts":"default","ast-page-background-enabled":"default","ast-page-background-meta":{"desktop":{"background-color":"var(--ast-global-color-4)","background-image":"","background-repeat":"repeat","background-position":"center center","background-size":"auto","background-attachment":"scroll","background-type":"","background-media":"","overlay-type":"","overlay-color":"","overlay-opacity":"","overlay-gradient":""},"tablet":{"background-color":"","background-image":"","background-repeat":"repeat","background-position":"center center","background-size":"auto","background-attachment":"scroll","background-type":"","background-media":"","overlay-type":"","overlay-color":"","overlay-opacity":"","overlay-gradient":""},"mobile":{"background-color":"","background-image":"","background-repeat":"repeat","background-position":"center center","background-size":"auto","background-attachment":"scroll","background-type":"","background-media":"","overlay-type":"","overlay-color":"","overlay-opacity":"","overlay-gradient":""}},"ast-content-background-meta":{"desktop":{"background-color":"var(--ast-global-color-5)","background-image":"","background-repeat":"repeat","background-position":"center center","background-size":"auto","background-attachment":"scroll","background-type":"","background-media":"","overlay-type":"","overlay-color":"","overlay-opacity":"","overlay-gradient":""},"tablet":{"background-color":"var(--ast-global-color-5)","background-image":"","background-repeat":"repeat","background-position":"center center","background-size":"auto","background-attachment":"scroll","background-type":"","background-media":"","overlay-type":"","overlay-color":"","overlay-opacity":"","overlay-gradient":""},"mobile":{"background-color":"var(--ast-global-color-5)","background-image":"","background-repeat":"repeat","background-position":"center center","background-size":"auto","background-attachment":"scroll","background-type":"","background-media":"","overlay-type":"","overlay-color":"","overlay-opacity":"","overlay-gradient":""}},"footnotes":""},"categories":[8],"tags":[12252,7133,18978],"class_list":["post-59177","post","type-post","status-publish","format-standard","has-post-thumbnail","hentry","category-noticias","tag-silvia-pinal","tag-tlaxcala","tag-tulio-hernandez-gomez"],"_links":{"self":[{"href":"https:\/\/losperiodistas.com.mx\/portal\/wp-json\/wp\/v2\/posts\/59177","targetHints":{"allow":["GET"]}}],"collection":[{"href":"https:\/\/losperiodistas.com.mx\/portal\/wp-json\/wp\/v2\/posts"}],"about":[{"href":"https:\/\/losperiodistas.com.mx\/portal\/wp-json\/wp\/v2\/types\/post"}],"author":[{"embeddable":true,"href":"https:\/\/losperiodistas.com.mx\/portal\/wp-json\/wp\/v2\/users\/1"}],"replies":[{"embeddable":true,"href":"https:\/\/losperiodistas.com.mx\/portal\/wp-json\/wp\/v2\/comments?post=59177"}],"version-history":[{"count":1,"href":"https:\/\/losperiodistas.com.mx\/portal\/wp-json\/wp\/v2\/posts\/59177\/revisions"}],"predecessor-version":[{"id":59179,"href":"https:\/\/losperiodistas.com.mx\/portal\/wp-json\/wp\/v2\/posts\/59177\/revisions\/59179"}],"wp:featuredmedia":[{"embeddable":true,"href":"https:\/\/losperiodistas.com.mx\/portal\/wp-json\/wp\/v2\/media\/59178"}],"wp:attachment":[{"href":"https:\/\/losperiodistas.com.mx\/portal\/wp-json\/wp\/v2\/media?parent=59177"}],"wp:term":[{"taxonomy":"category","embeddable":true,"href":"https:\/\/losperiodistas.com.mx\/portal\/wp-json\/wp\/v2\/categories?post=59177"},{"taxonomy":"post_tag","embeddable":true,"href":"https:\/\/losperiodistas.com.mx\/portal\/wp-json\/wp\/v2\/tags?post=59177"}],"curies":[{"name":"wp","href":"https:\/\/api.w.org\/{rel}","templated":true}]}}