{"id":59171,"date":"2023-09-17T07:30:36","date_gmt":"2023-09-17T12:30:36","guid":{"rendered":"http:\/\/losperiodistas.com.mx\/portal\/?p=59171"},"modified":"2023-09-17T07:30:38","modified_gmt":"2023-09-17T12:30:38","slug":"es-evidente-que-biden-sufre-un-grave-deterioro-mental-la-razon","status":"publish","type":"post","link":"https:\/\/losperiodistas.com.mx\/portal\/es-evidente-que-biden-sufre-un-grave-deterioro-mental-la-razon\/","title":{"rendered":"\u00abEs evidente que Biden sufre un grave deterioro mental\u00bb | La Raz\u00f3n"},"content":{"rendered":"\n<h2 class=\"has-vivid-cyan-blue-background-color has-background has-medium-font-size wp-block-heading\">El experto David Kopel, de la Universidad de Denver, analiza para LA RAZ\u00d3N el proceso de \u00abimpeachment\u00bb contra Biden<\/h2>\n\n\n\n<p><\/p>\n\n\n\n<figure class=\"wp-block-image size-large is-style-default\"><img fetchpriority=\"high\" decoding=\"async\" width=\"1024\" height=\"576\" src=\"https:\/\/losperiodistas.com.mx\/portal\/wp-content\/uploads\/2023\/09\/98-2-1024x576.jpg\" alt=\"\" class=\"wp-image-59172\" srcset=\"https:\/\/losperiodistas.com.mx\/portal\/wp-content\/uploads\/2023\/09\/98-2-1024x576.jpg 1024w, https:\/\/losperiodistas.com.mx\/portal\/wp-content\/uploads\/2023\/09\/98-2-300x169.jpg 300w, https:\/\/losperiodistas.com.mx\/portal\/wp-content\/uploads\/2023\/09\/98-2-768x432.jpg 768w, https:\/\/losperiodistas.com.mx\/portal\/wp-content\/uploads\/2023\/09\/98-2-1536x864.jpg 1536w, https:\/\/losperiodistas.com.mx\/portal\/wp-content\/uploads\/2023\/09\/98-2.jpg 1900w\" sizes=\"(max-width: 1024px) 100vw, 1024px\" \/><figcaption><strong>El presidente de EE UU, Joe Biden<\/strong> ASSOCIATED PRESS AP<\/figcaption><\/figure>\n\n\n\n<p class=\"has-vivid-red-color has-text-color has-medium-font-size\"><strong>ANTONIO A\u00d1OVER \/ LA RAZ\u00d3N<\/strong><\/p>\n\n\n\n<p>El experto&nbsp;<strong>David Kopel<\/strong>, de la Universidad de Denver, analiza para LA RAZ\u00d3N el&nbsp;<a href=\"https:\/\/www.larazon.es\/internacional\/joe-biden-mentido-decir-que-sabia-nada-negocios-hijo-hunter_202309176506c8261fb4a6000138e413.html\" target=\"_blank\" rel=\"noreferrer noopener\">proceso de \u00abimpeachment\u00bb contra Biden<\/a>, su impopularidad y la de Trump, as\u00ed como los lapsus que sufre el presidente de EE UU.<\/p>\n\n\n\n<p><strong>\u00bfCu\u00e1les son las posibilidades de que este juicio pol\u00edtico contra Biden salga adelante?<\/strong><\/p>\n\n\n\n<p>Las posibilidades de que&nbsp;<strong>Biden sea destituido son muy peque\u00f1as<\/strong>. La destituci\u00f3n requiere dos pasos: En primer lugar, una mayor\u00eda de la C\u00e1mara de Representantes debe votar a favor de los art\u00edculos del juicio pol\u00edtico. A continuaci\u00f3n, el Senado celebra un juicio. La persona es condenada por el Senado s\u00f3lo si dos tercios de los senadores votan a favor de la condena. Aunque la acusaci\u00f3n de la C\u00e1mara es posible con una mayor\u00eda de un solo partido, la condena del Senado suele ser imposible a menos que haya apoyo bipartidista. En la actualidad,&nbsp;<strong>el Senado est\u00e1 dividido casi a partes iguales por partidos<\/strong>. La \u00faltima vez que un partido ocup\u00f3 al menos 2\/3 de los esca\u00f1os del Senado fue en 1966. Como resultado, Biden s\u00f3lo podr\u00eda ser condenado por el Senado si al menos 18 senadores dem\u00f3cratas o independientes de apoyo dem\u00f3crata votaran a favor de la condena. El presidente republicano&nbsp;<strong>Richard Nixon&nbsp;<\/strong>dimiti\u00f3 en 1974 cuando qued\u00f3 claro que la mayor\u00eda de los miembros de su partido votar\u00edan a favor de la destituci\u00f3n y la condena. En lo que va de a\u00f1o, todos los representantes y senadores dem\u00f3cratas siguen apoyando a Biden, a pesar de las amplias y crecientes pruebas de su corrupci\u00f3n financiera.<\/p>\n\n\n\n<p><strong>\u00bfPueden los dem\u00f3cratas detener cualquier posibilidad de juicio pol\u00edtico?<\/strong><\/p>\n\n\n\n<p>No en este momento. El&nbsp;<a href=\"https:\/\/www.larazon.es\/internacional\/america\/lider-republicano-mccarthy-encarga-impeachment-biden_20230912650088b083dfa5000196f217.html\" target=\"_blank\" rel=\"noreferrer noopener\">presidente de la C\u00e1mara, Kevin McCarthy, ha iniciado una \u00abinvestigaci\u00f3n de impeachment\u00bb<\/a>. Por lo tanto, el Comit\u00e9 de Supervisi\u00f3n y Rendici\u00f3n de Cuentas de la C\u00e1mara de Representantes iniciar\u00e1 una investigaci\u00f3n formal.&nbsp;<strong>El partido minoritario en la C\u00e1mara (los dem\u00f3cratas) no puede impedir&nbsp;<\/strong>que un comit\u00e9 lleve a cabo una investigaci\u00f3n.Si el Comit\u00e9 de Supervisi\u00f3n redactara art\u00edculos de acusaci\u00f3n y votara a favor de esos art\u00edculos, entonces el pleno de la C\u00e1mara de Representantes podr\u00eda votar sobre los art\u00edculos de acusaci\u00f3n, pero s\u00f3lo si el presidente McCarthy decidiera celebrar una votaci\u00f3n. Hay un&nbsp;<strong>camino muy largo desde una mera investigaci\u00f3n del comit\u00e9 hasta una votaci\u00f3n<\/strong>&nbsp;en el pleno de la C\u00e1mara de Representantes.<\/p>\n\n\n\n<p><strong>\u00bfPueden los republicanos tener m\u00e1s posibilidades de ganar las pr\u00f3ximas elecciones si Biden es destituido?<\/strong><\/p>\n\n\n\n<p>Si Biden fuera sometido a juicio pol\u00edtico por la C\u00e1mara de Representantes y luego condenado por el Senado,&nbsp;<strong>los dem\u00f3cratas saldr\u00edan beneficiados en 2024<\/strong>.Como Biden ser\u00eda inelegible para ser presidente, los dem\u00f3cratas nominar\u00edan a otra persona. Presumiblemente,<a href=\"https:\/\/www.larazon.es\/internacional\/america\/lapsus-biden-que-alimentan-dudas-esta-forma-segundo-mandato_202304256447aec922859d00016f3cdc.html\" target=\"_blank\" rel=\"noreferrer noopener\">los dem\u00f3cratas elegir\u00edan a un candidato que no sea semisenil<\/a>; as\u00ed, el candidato alternativo no sufrir\u00eda de la mayor debilidad de Biden.<\/p>\n\n\n\n<p><strong>Si Trump y Biden se presentan de nuevo a las elecciones a la Casa Blanca, \u00bfpodr\u00edan los republicanos tener ventaja&nbsp;<\/strong><a href=\"https:\/\/www.larazon.es\/internacional\/america\/biden-cada-vez-mas-confuso-incoherente-ofrece-rueda-prensa-estrafalaria-alocada-vietnam_2023091164ff73f983dfa5000194b03d.html\" target=\"_blank\" rel=\"noreferrer noopener\">debido a la edad de Biden<\/a><strong>&nbsp;o a sus recientes problemas de salud\/<\/strong><a href=\"https:\/\/www.larazon.es\/internacional\/america\/nuevo-lapsus-joe-biden-putin-esta-perdiendo-guerra-irak_20230628649c8e9041ef3d0001b73783.html\" target=\"_blank\" rel=\"noreferrer noopener\">lapsus<\/a><strong>?<\/strong><\/p>\n\n\n\n<p>Si las elecciones se celebraran hoy, una elecci\u00f3n entre Trump y Biden estar\u00eda muy re\u00f1ida, porque ambos son muy impopulares.Para cada uno, el porcentaje de estadounidenses con una opini\u00f3n \u00abdesfavorable\u00bb es entre un 15 y un 20 por ciento mayor que el porcentaje con una opini\u00f3n \u00abfavorable\u00bb. Trump tiene muchos puntos d\u00e9biles, como su intento de robar las elecciones de 2020 y sus encierros en Covid.\u00a0<a href=\"https:\/\/www.larazon.es\/internacional\/america\/nuevo-lapsus-joe-biden-putin-esta-perdiendo-guerra-irak_20230628649c8e9041ef3d0001b73783.html\" target=\"_blank\" rel=\"noreferrer noopener\">Es evidente que Biden sufre un grave deterioro mental<\/a>. Si alg\u00fan d\u00eda tuviera que dimitir,\u00a0<strong>Kamala Harris se convertir\u00eda en presidenta. La opini\u00f3n p\u00fablica de ella es tan desfavorable como la opini\u00f3n p\u00fablica de Biden y Trump. Ha demostrado que es la persona m\u00e1s est\u00fapida e incoherente<\/strong>\u00a0que jam\u00e1s haya sido vicepresidenta de Estados Unidos.<\/p>\n\n\n\n<p>Fuente: <a href=\"https:\/\/www.larazon.es\/internacional\/america\/evidente-que-biden-sufre-grave-deterioro-mental_202309176506e2804fd7bf00019f677d.html\">https:\/\/www.larazon.es\/internacional\/america\/evidente-que-biden-sufre-grave-deterioro-mental_202309176506e2804fd7bf00019f677d.html<\/a><\/p>\n","protected":false},"excerpt":{"rendered":"<p>El experto David Kopel, de la Universidad de Denver, analiza para LA RAZ\u00d3N el proceso de \u00abimpeachment\u00bb contra Biden ANTONIO [&hellip;]<\/p>\n","protected":false},"author":1,"featured_media":59172,"comment_status":"open","ping_status":"open","sticky":false,"template":"","format":"standard","meta":{"site-sidebar-layout":"default","site-content-layout":"","ast-site-content-layout":"default","site-content-style":"default","site-sidebar-style":"default","ast-global-header-display":"","ast-banner-title-visibility":"","ast-main-header-display":"","ast-hfb-above-header-display":"","ast-hfb-below-header-display":"","ast-hfb-mobile-header-display":"","site-post-title":"","ast-breadcrumbs-content":"","ast-featured-img":"","footer-sml-layout":"","theme-transparent-header-meta":"","adv-header-id-meta":"","stick-header-meta":"","header-above-stick-meta":"","header-main-stick-meta":"","header-below-stick-meta":"","astra-migrate-meta-layouts":"default","ast-page-background-enabled":"default","ast-page-background-meta":{"desktop":{"background-color":"var(--ast-global-color-4)","background-image":"","background-repeat":"repeat","background-position":"center center","background-size":"auto","background-attachment":"scroll","background-type":"","background-media":"","overlay-type":"","overlay-color":"","overlay-opacity":"","overlay-gradient":""},"tablet":{"background-color":"","background-image":"","background-repeat":"repeat","background-position":"center center","background-size":"auto","background-attachment":"scroll","background-type":"","background-media":"","overlay-type":"","overlay-color":"","overlay-opacity":"","overlay-gradient":""},"mobile":{"background-color":"","background-image":"","background-repeat":"repeat","background-position":"center center","background-size":"auto","background-attachment":"scroll","background-type":"","background-media":"","overlay-type":"","overlay-color":"","overlay-opacity":"","overlay-gradient":""}},"ast-content-background-meta":{"desktop":{"background-color":"var(--ast-global-color-5)","background-image":"","background-repeat":"repeat","background-position":"center center","background-size":"auto","background-attachment":"scroll","background-type":"","background-media":"","overlay-type":"","overlay-color":"","overlay-opacity":"","overlay-gradient":""},"tablet":{"background-color":"var(--ast-global-color-5)","background-image":"","background-repeat":"repeat","background-position":"center center","background-size":"auto","background-attachment":"scroll","background-type":"","background-media":"","overlay-type":"","overlay-color":"","overlay-opacity":"","overlay-gradient":""},"mobile":{"background-color":"var(--ast-global-color-5)","background-image":"","background-repeat":"repeat","background-position":"center center","background-size":"auto","background-attachment":"scroll","background-type":"","background-media":"","overlay-type":"","overlay-color":"","overlay-opacity":"","overlay-gradient":""}},"footnotes":""},"categories":[8],"tags":[18977,18976,18975],"class_list":["post-59171","post","type-post","status-publish","format-standard","has-post-thumbnail","hentry","category-noticias","tag-david-kopel","tag-deterioro-mental","tag-impeachment-biden"],"_links":{"self":[{"href":"https:\/\/losperiodistas.com.mx\/portal\/wp-json\/wp\/v2\/posts\/59171","targetHints":{"allow":["GET"]}}],"collection":[{"href":"https:\/\/losperiodistas.com.mx\/portal\/wp-json\/wp\/v2\/posts"}],"about":[{"href":"https:\/\/losperiodistas.com.mx\/portal\/wp-json\/wp\/v2\/types\/post"}],"author":[{"embeddable":true,"href":"https:\/\/losperiodistas.com.mx\/portal\/wp-json\/wp\/v2\/users\/1"}],"replies":[{"embeddable":true,"href":"https:\/\/losperiodistas.com.mx\/portal\/wp-json\/wp\/v2\/comments?post=59171"}],"version-history":[{"count":1,"href":"https:\/\/losperiodistas.com.mx\/portal\/wp-json\/wp\/v2\/posts\/59171\/revisions"}],"predecessor-version":[{"id":59173,"href":"https:\/\/losperiodistas.com.mx\/portal\/wp-json\/wp\/v2\/posts\/59171\/revisions\/59173"}],"wp:featuredmedia":[{"embeddable":true,"href":"https:\/\/losperiodistas.com.mx\/portal\/wp-json\/wp\/v2\/media\/59172"}],"wp:attachment":[{"href":"https:\/\/losperiodistas.com.mx\/portal\/wp-json\/wp\/v2\/media?parent=59171"}],"wp:term":[{"taxonomy":"category","embeddable":true,"href":"https:\/\/losperiodistas.com.mx\/portal\/wp-json\/wp\/v2\/categories?post=59171"},{"taxonomy":"post_tag","embeddable":true,"href":"https:\/\/losperiodistas.com.mx\/portal\/wp-json\/wp\/v2\/tags?post=59171"}],"curies":[{"name":"wp","href":"https:\/\/api.w.org\/{rel}","templated":true}]}}