{"id":59165,"date":"2023-09-17T07:21:25","date_gmt":"2023-09-17T12:21:25","guid":{"rendered":"http:\/\/losperiodistas.com.mx\/portal\/?p=59165"},"modified":"2023-09-17T07:24:39","modified_gmt":"2023-09-17T12:24:39","slug":"francisco-el-perdon-es-el-oxigeno-que-purifica-el-aire-contaminado-por-el-odio-vatican-news","status":"publish","type":"post","link":"https:\/\/losperiodistas.com.mx\/portal\/francisco-el-perdon-es-el-oxigeno-que-purifica-el-aire-contaminado-por-el-odio-vatican-news\/","title":{"rendered":"Francisco: El perd\u00f3n es el ox\u00edgeno que purifica el aire contaminado por el odio | Vatican News"},"content":{"rendered":"\n<p class=\"has-luminous-vivid-amber-background-color has-background has-medium-font-size\">En su reflexi\u00f3n del \u00c1ngelus de este domingo, el Papa Francisco comenta el pasaje evang\u00e9lico propuesto por la liturgia en el que Jes\u00fas habla, a trav\u00e9s de una par\u00e1bola, de la infinita misericordia de Dios. \u00bfNos sentimos perdonados por el Se\u00f1or y damos testimonio de su amor perdonando a quienes nos han herido? Perdonando &#8211; dice &#8211; sembramos a nuestro alrededor esa \u00abvida nueva\u00bb que de otro modo ser\u00eda imposible.<\/p>\n\n\n\n<p><\/p>\n\n\n\n<figure class=\"wp-block-embed is-type-video is-provider-youtube wp-block-embed-youtube wp-embed-aspect-16-9 wp-has-aspect-ratio\"><div class=\"wp-block-embed__wrapper\">\n<iframe title=\"\u00c1ngelus 17 de septiembre de 2023 Papa Francisco\" width=\"500\" height=\"281\" src=\"https:\/\/www.youtube.com\/embed\/Kiz8SGHn1EY?feature=oembed\" frameborder=\"0\" allow=\"accelerometer; autoplay; clipboard-write; encrypted-media; gyroscope; picture-in-picture; web-share\" referrerpolicy=\"strict-origin-when-cross-origin\" allowfullscreen><\/iframe>\n<\/div><\/figure>\n\n\n\n<p><\/p>\n\n\n\n<p class=\"has-vivid-red-color has-text-color has-medium-font-size\"><strong>ADRIANA MASOTTI \/ VATICAN NEWS<\/strong><\/p>\n\n\n\n<p>El perd\u00f3n recibido de Dios y que hay que dar a su vez al pr\u00f3jimo, no como una buena acci\u00f3n opcional, sino como un comportamiento fundamental para llamarnos cristianos. Este fue el n\u00facleo del pensamiento del Papa Francisco en el \u00c1ngelus de este domingo.<\/p>\n\n\n\n<h2 class=\"wp-block-heading\">Hasta setenta veces siete<\/h2>\n\n\n\n<p><br>Es el pasaje del Evangelio de Mateo que sugiere el tema, describiendo el di\u00e1logo entre Pedro y Jes\u00fas cuando el disc\u00edpulo pregunta al Maestro cu\u00e1ntas veces se debe perdonar al hermano, si hasta siete veces. El Papa subraya la generosidad de Pedro, pero la respuesta que recibe va mucho m\u00e1s all\u00e1: \u00abNo te digo hasta siete, sino hasta setenta veces siete\u00bb, le dice de hecho Jes\u00fas.<\/p>\n\n\n\n<p>\u00ab<em>Le dice, es decir, que cuando se perdona no se calcula, \u00a1que es bueno perdonar todo y siempre! Como hace Dios con nosotros, y como est\u00e1 llamado a hacer quien administra el perd\u00f3n de Dios: perdonar siempre\u00bb<\/em>.<\/p>\n\n\n\n<h2 class=\"wp-block-heading\">Dios perdona sin medida<\/h2>\n\n\n\n<p>Francisco resume la par\u00e1bola contada por Jes\u00fas en la que contrasta la misericordia del rey, a quien un siervo debe devolver una suma enorme, con el comportamiento de ese mismo siervo hacia uno de sus iguales que tiene con \u00e9l una peque\u00f1a deuda que pagar. El rey perdona esa suma al primer siervo, mientras que a ese otro lo mete en la c\u00e1rcel. No olvidemos c\u00f3mo es el camino de Dios\u00bb, a\u00f1ade el Papa: \u00abDios es cercano, compasivo y tierno, \u00e9se es el camino de Dios\u00bb. Y prosigue:<\/p>\n\n\n\n<p>\u00ab<em>El mensaje de Jes\u00fas es claro: Dios perdona de modo incalculable, excediendo toda medida. \u00c9l es as\u00ed, act\u00faa por amor y gratuidad. Nosotros no podemos corresponderle, pero cuando perdonamos al hermano o a la hermana, lo imitamos. Por lo tanto, perdonar no es una buena acci\u00f3n que se puede hacer o no hacer: es una condici\u00f3n fundamental para quien es cristiano\u00bb.<\/em><\/p>\n\n\n\n<h2 class=\"wp-block-heading\">El perd\u00f3n, fuente de esperanza y de paz<\/h2>\n\n\n\n<p>El Papa explica que el perd\u00f3n connota al cristiano porque cada uno de nosotros \u00abes un perdonado o una perdonada. La misericordia de Dios es infinita e inigualable, dice, pero perdon\u00e1ndonos unos a otros podemos dar testimonio de su amor y difundirlo a nuestro alrededor:<\/p>\n\n\n\n<p><em>\u00abFuera del perd\u00f3n, en efecto, no hay esperanza; fuera del perd\u00f3n no hay paz. .El perd\u00f3n es el ox\u00edgeno que purifica el aire contaminado por el odio, es el ant\u00eddoto que cura de los venenos del rencor, es la v\u00eda para desactivar la ira y curar tantas enfermedades del coraz\u00f3n que contaminan la sociedad.\u00bb<\/em><\/p>\n\n\n\n<h2 class=\"wp-block-heading\">Perdonamos a los que nos han hecho da\u00f1o, nos har\u00e1 bien<\/h2>\n\n\n\n<p>Las preguntas que cada uno de nosotros debe hacerse hoy, concluye Francisco, es si sentimos en nuestro coraz\u00f3n la alegr\u00eda de ser objeto del perd\u00f3n de Dios, siempre dispuesto a la misericordia, y luego si podemos perdonar a los dem\u00e1s. Por eso propone un \u00abpeque\u00f1o ejercicio\u00bb:<\/p>\n\n\n\n<p><em>\u00abIntentemos, ahora, cada uno de nosotros, pensar en una persona que nos ha herido, y pidamos al Se\u00f1or la fuerza para perdonarla. Y perdon\u00e9mosla por amor al Se\u00f1or: nos har\u00e1 bien, nos devolver\u00e1 la paz a nuestro coraz\u00f3n\u00bb.<\/em><\/p>\n\n\n\n<p>Fuente: <a href=\"https:\/\/www.vaticannews.va\/es\/papa\/news\/2023-09\/papa-angelus-perdon-cristiano-purifica-el-aire-contaminado-odio.html\">https:\/\/www.vaticannews.va\/es\/papa\/news\/2023-09\/papa-angelus-perdon-cristiano-purifica-el-aire-contaminado-odio.html<\/a><\/p>\n","protected":false},"excerpt":{"rendered":"<p>En su reflexi\u00f3n del \u00c1ngelus de este domingo, el Papa Francisco comenta el pasaje evang\u00e9lico propuesto por la liturgia en [&hellip;]<\/p>\n","protected":false},"author":1,"featured_media":59166,"comment_status":"open","ping_status":"open","sticky":false,"template":"","format":"standard","meta":{"site-sidebar-layout":"default","site-content-layout":"","ast-site-content-layout":"default","site-content-style":"default","site-sidebar-style":"default","ast-global-header-display":"","ast-banner-title-visibility":"","ast-main-header-display":"","ast-hfb-above-header-display":"","ast-hfb-below-header-display":"","ast-hfb-mobile-header-display":"","site-post-title":"","ast-breadcrumbs-content":"","ast-featured-img":"","footer-sml-layout":"","theme-transparent-header-meta":"","adv-header-id-meta":"","stick-header-meta":"","header-above-stick-meta":"","header-main-stick-meta":"","header-below-stick-meta":"","astra-migrate-meta-layouts":"default","ast-page-background-enabled":"default","ast-page-background-meta":{"desktop":{"background-color":"var(--ast-global-color-4)","background-image":"","background-repeat":"repeat","background-position":"center center","background-size":"auto","background-attachment":"scroll","background-type":"","background-media":"","overlay-type":"","overlay-color":"","overlay-opacity":"","overlay-gradient":""},"tablet":{"background-color":"","background-image":"","background-repeat":"repeat","background-position":"center center","background-size":"auto","background-attachment":"scroll","background-type":"","background-media":"","overlay-type":"","overlay-color":"","overlay-opacity":"","overlay-gradient":""},"mobile":{"background-color":"","background-image":"","background-repeat":"repeat","background-position":"center center","background-size":"auto","background-attachment":"scroll","background-type":"","background-media":"","overlay-type":"","overlay-color":"","overlay-opacity":"","overlay-gradient":""}},"ast-content-background-meta":{"desktop":{"background-color":"var(--ast-global-color-5)","background-image":"","background-repeat":"repeat","background-position":"center center","background-size":"auto","background-attachment":"scroll","background-type":"","background-media":"","overlay-type":"","overlay-color":"","overlay-opacity":"","overlay-gradient":""},"tablet":{"background-color":"var(--ast-global-color-5)","background-image":"","background-repeat":"repeat","background-position":"center center","background-size":"auto","background-attachment":"scroll","background-type":"","background-media":"","overlay-type":"","overlay-color":"","overlay-opacity":"","overlay-gradient":""},"mobile":{"background-color":"var(--ast-global-color-5)","background-image":"","background-repeat":"repeat","background-position":"center center","background-size":"auto","background-attachment":"scroll","background-type":"","background-media":"","overlay-type":"","overlay-color":"","overlay-opacity":"","overlay-gradient":""}},"footnotes":""},"categories":[8],"tags":[18974,196,13215],"class_list":["post-59165","post","type-post","status-publish","format-standard","has-post-thumbnail","hentry","category-noticias","tag-odio","tag-papa-francisco","tag-perdon"],"_links":{"self":[{"href":"https:\/\/losperiodistas.com.mx\/portal\/wp-json\/wp\/v2\/posts\/59165","targetHints":{"allow":["GET"]}}],"collection":[{"href":"https:\/\/losperiodistas.com.mx\/portal\/wp-json\/wp\/v2\/posts"}],"about":[{"href":"https:\/\/losperiodistas.com.mx\/portal\/wp-json\/wp\/v2\/types\/post"}],"author":[{"embeddable":true,"href":"https:\/\/losperiodistas.com.mx\/portal\/wp-json\/wp\/v2\/users\/1"}],"replies":[{"embeddable":true,"href":"https:\/\/losperiodistas.com.mx\/portal\/wp-json\/wp\/v2\/comments?post=59165"}],"version-history":[{"count":2,"href":"https:\/\/losperiodistas.com.mx\/portal\/wp-json\/wp\/v2\/posts\/59165\/revisions"}],"predecessor-version":[{"id":59170,"href":"https:\/\/losperiodistas.com.mx\/portal\/wp-json\/wp\/v2\/posts\/59165\/revisions\/59170"}],"wp:featuredmedia":[{"embeddable":true,"href":"https:\/\/losperiodistas.com.mx\/portal\/wp-json\/wp\/v2\/media\/59166"}],"wp:attachment":[{"href":"https:\/\/losperiodistas.com.mx\/portal\/wp-json\/wp\/v2\/media?parent=59165"}],"wp:term":[{"taxonomy":"category","embeddable":true,"href":"https:\/\/losperiodistas.com.mx\/portal\/wp-json\/wp\/v2\/categories?post=59165"},{"taxonomy":"post_tag","embeddable":true,"href":"https:\/\/losperiodistas.com.mx\/portal\/wp-json\/wp\/v2\/tags?post=59165"}],"curies":[{"name":"wp","href":"https:\/\/api.w.org\/{rel}","templated":true}]}}