{"id":59140,"date":"2023-09-16T23:18:50","date_gmt":"2023-09-17T04:18:50","guid":{"rendered":"http:\/\/losperiodistas.com.mx\/portal\/?p=59140"},"modified":"2023-09-16T23:18:57","modified_gmt":"2023-09-17T04:18:57","slug":"no-podemos-pelear-entre-poblanos-cespedes-a-aspirantes-a-gubernatura-e-consulta","status":"publish","type":"post","link":"https:\/\/losperiodistas.com.mx\/portal\/no-podemos-pelear-entre-poblanos-cespedes-a-aspirantes-a-gubernatura-e-consulta\/","title":{"rendered":"No podemos pelear entre poblanos: C\u00e9spedes a aspirantes a gubernatura | E-Consulta"},"content":{"rendered":"\n<p class=\"has-medium-font-size\">Gobernador de Puebla pide a actores pol\u00edticos presentar propuestas pero sin divisi\u00f3n ni peleas<\/p>\n\n\n\n<div class=\"wp-block-image\"><figure class=\"aligncenter size-full\"><img fetchpriority=\"high\" decoding=\"async\" width=\"639\" height=\"426\" src=\"https:\/\/losperiodistas.com.mx\/portal\/wp-content\/uploads\/2023\/09\/no_podemos_pelear_entre_poblanos_cespedes_a_aspirantes_a_gubernatura.jpeg\" alt=\"\" class=\"wp-image-59141\" srcset=\"https:\/\/losperiodistas.com.mx\/portal\/wp-content\/uploads\/2023\/09\/no_podemos_pelear_entre_poblanos_cespedes_a_aspirantes_a_gubernatura.jpeg 639w, https:\/\/losperiodistas.com.mx\/portal\/wp-content\/uploads\/2023\/09\/no_podemos_pelear_entre_poblanos_cespedes_a_aspirantes_a_gubernatura-300x200.jpeg 300w\" sizes=\"(max-width: 639px) 100vw, 639px\" \/><figcaption>Foto \/ Agencia Enfoque<\/figcaption><\/figure><\/div>\n\n\n\n<p class=\"has-vivid-red-color has-text-color has-medium-font-size\"><strong>JOS\u00c9 RAMOS \/ E-CONSULTA<\/strong><\/p>\n\n\n\n<p>En v\u00edsperas de que Morena publique la&nbsp;<strong><a href=\"https:\/\/www.e-consulta.com\/nota\/2023-09-12\/elecciones\/morena-emite-fecha-para-convocatoria-de-candidato-gobernador-de-puebla\" target=\"_blank\" rel=\"noreferrer noopener\">convocatoria a candidatos por la gubernatura de Puebla<\/a><\/strong>, el morenista y actual mandatario estatal,&nbsp;<strong>Sergio Salom\u00f3n C\u00e9spedes Peregrina<\/strong>, llam\u00f3 a los actores pol\u00edticos que se promocionan rumbo al 2024 a actuar en unidad y sin divisi\u00f3n.<\/p>\n\n\n\n<p>Lo anterior al asegurar que la familia debe ser prioridad para la sociedad poblana, al igual que el progreso, la paz social y la tranquilidad.<\/p>\n\n\n\n<figure class=\"wp-block-embed is-type-rich is-provider-twitter wp-block-embed-twitter\"><div class=\"wp-block-embed__wrapper\">\nhttps:\/\/twitter.com\/e_consulta\/status\/1703146533410189568?ref_src=twsrc%5Etfw%7Ctwcamp%5Etweetembed%7Ctwterm%5E1703146533410189568%7Ctwgr%5Ebcd9ece2322d92b81600c44433840f4a7ae579f6%7Ctwcon%5Es1_c10&#038;ref_url=https%3A%2F%2Fwww.e-consulta.com%2Fnota%2F2023-09-16%2Felecciones%2Fno-podemos-pelear-entre-poblanos-cespedes-aspirantes-gubernatura\n<\/div><\/figure>\n\n\n\n<p>Adem\u00e1s, pidi\u00f3 a los actores pol\u00edticos marchar al ritmo de la sociedad por lo que quienes aspiran a un cargo de elecci\u00f3n popular deben emitir sus propuestas sin que ello signifique \u00ab<strong>peleas<\/strong>\u00bb entre poblanos\u00bb.<\/p>\n\n\n\n<p>\u00ab<strong>No podemos pelear entre poblanos<\/strong>, que hagan propuestas, que pongan sus ideas en la mesa, pero que no nos dividan a los poblanos\u00bb, remat\u00f3<\/p>\n\n\n\n<p>Cabe se\u00f1alar que de acuerdo con el dirigente nacional del partido, Mario Delgado,&nbsp;<strong><a href=\"https:\/\/www.e-consulta.com\/nota\/2023-09-12\/elecciones\/25-de-septiembre-morena-inicia-registro-de-aspirantes-gubernatura-puebla\" target=\"_blank\" rel=\"noreferrer noopener\">Morena<\/a><\/strong>&nbsp;emitir\u00e1 la&nbsp;<strong>convocatoria<\/strong>&nbsp;a la gubernatura el&nbsp;<strong>18 de septiembre<\/strong>, en tanto que la inscripci\u00f3n de aspirantes&nbsp;<strong>ser\u00e1 el 25 y 26 del mismo mes<\/strong>.<\/p>\n\n\n\n<h2 class=\"wp-block-heading\"><strong>C\u00e9spedes viaja a EU para reunirse con migrantes poblanos<\/strong><\/h2>\n\n\n\n<p>A fin de reunirse con\u00a0<strong>migrantes poblanos<\/strong>\u00a0en\u00a0<strong>Estados Unidos de Norteam\u00e9rica<\/strong>, el gobernador\u00a0<strong>Sergio Salom\u00f3n C\u00e9spedes Peregrina<\/strong>\u00a0confirm\u00f3 su\u00a0<strong>gira de trabajo<\/strong>\u00a0por la ciudad de\u00a0<strong>Nueva York<\/strong>.<\/p>\n\n\n\n<p>En entrevista posterior al desfile C\u00edvico Militar y del\u00a0<a href=\"https:\/\/www.e-consulta.com\/nota\/2023-09-16\/deportes\/pericos-desfila-con-copa-lmb-gobernador-pide-al-puebla-un-triunfo-igual\" target=\"_blank\" rel=\"noreferrer noopener\">homenaje a Pericos Puebla<\/a>, C\u00e9spedes Peregrina indic\u00f3 que su visita a Nueva York se debe a la importancia que tiene el sector migrante poblano.<\/p>\n\n\n\n<figure class=\"wp-block-embed is-type-rich is-provider-twitter wp-block-embed-twitter\"><div class=\"wp-block-embed__wrapper\">\nhttps:\/\/twitter.com\/e_consulta\/status\/1703133503502893331?ref_src=twsrc%5Etfw%7Ctwcamp%5Etweetembed%7Ctwterm%5E1703133503502893331%7Ctwgr%5Ebcd9ece2322d92b81600c44433840f4a7ae579f6%7Ctwcon%5Es1_c10&#038;ref_url=https%3A%2F%2Fwww.e-consulta.com%2Fnota%2F2023-09-16%2Felecciones%2Fno-podemos-pelear-entre-poblanos-cespedes-aspirantes-gubernatura\n<\/div><\/figure>\n\n\n\n<p>As\u00ed como tambi\u00e9n el&nbsp;<strong>intercambio de datos<\/strong>&nbsp;acerca de los talentos que poseen los migrantes poblanos como sector productivo.<\/p>\n\n\n\n<p>\u00abLos&nbsp;<strong>migrantes poblanos son una fuerza<\/strong>&nbsp;y un importante motor y tenemos que echar mano de ellos \u00ab.<\/p>\n\n\n\n<p>Aunque en un principio la gira ten\u00eda contemplada tambi\u00e9n la visita a la ciudad de Los \u00c1ngeles, California, \u00e9sta fue recortada debido a otra gira de trabajo en la Ciudad de M\u00e9xico, indic\u00f3.<\/p>\n\n\n\n<p>Fue a inicios de semana cuando el gobernador dio a conocer dicha gira de trabajo, misma que contempla la&nbsp;<strong>entrega de documentaci\u00f3n a poblanos<\/strong>, as\u00ed como&nbsp;<strong>reuniones con el c\u00f3nsul general<\/strong>&nbsp;de M\u00e9xico en Nueva York,&nbsp;<strong>Jorge Islas L\u00f3pez<\/strong>&nbsp;y su equipo.<\/p>\n\n\n\n<p>Adem\u00e1s de una \u00abjornada ciudadana\u00bb para atender peticiones de personas que abandonaron su lugar de origen en Puebla.<\/p>\n\n\n\n<p>Fuente: <a href=\"https:\/\/www.e-consulta.com\/nota\/2023-09-16\/elecciones\/no-podemos-pelear-entre-poblanos-cespedes-aspirantes-gubernatura\">https:\/\/www.e-consulta.com\/nota\/2023-09-16\/elecciones\/no-podemos-pelear-entre-poblanos-cespedes-aspirantes-gubernatura<\/a><\/p>\n","protected":false},"excerpt":{"rendered":"<p>Gobernador de Puebla pide a actores pol\u00edticos presentar propuestas pero sin divisi\u00f3n ni peleas JOS\u00c9 RAMOS \/ E-CONSULTA En v\u00edsperas [&hellip;]<\/p>\n","protected":false},"author":1,"featured_media":59141,"comment_status":"open","ping_status":"open","sticky":false,"template":"","format":"standard","meta":{"site-sidebar-layout":"default","site-content-layout":"","ast-site-content-layout":"default","site-content-style":"default","site-sidebar-style":"default","ast-global-header-display":"","ast-banner-title-visibility":"","ast-main-header-display":"","ast-hfb-above-header-display":"","ast-hfb-below-header-display":"","ast-hfb-mobile-header-display":"","site-post-title":"","ast-breadcrumbs-content":"","ast-featured-img":"","footer-sml-layout":"","theme-transparent-header-meta":"","adv-header-id-meta":"","stick-header-meta":"","header-above-stick-meta":"","header-main-stick-meta":"","header-below-stick-meta":"","astra-migrate-meta-layouts":"default","ast-page-background-enabled":"default","ast-page-background-meta":{"desktop":{"background-color":"var(--ast-global-color-4)","background-image":"","background-repeat":"repeat","background-position":"center center","background-size":"auto","background-attachment":"scroll","background-type":"","background-media":"","overlay-type":"","overlay-color":"","overlay-opacity":"","overlay-gradient":""},"tablet":{"background-color":"","background-image":"","background-repeat":"repeat","background-position":"center center","background-size":"auto","background-attachment":"scroll","background-type":"","background-media":"","overlay-type":"","overlay-color":"","overlay-opacity":"","overlay-gradient":""},"mobile":{"background-color":"","background-image":"","background-repeat":"repeat","background-position":"center center","background-size":"auto","background-attachment":"scroll","background-type":"","background-media":"","overlay-type":"","overlay-color":"","overlay-opacity":"","overlay-gradient":""}},"ast-content-background-meta":{"desktop":{"background-color":"var(--ast-global-color-5)","background-image":"","background-repeat":"repeat","background-position":"center center","background-size":"auto","background-attachment":"scroll","background-type":"","background-media":"","overlay-type":"","overlay-color":"","overlay-opacity":"","overlay-gradient":""},"tablet":{"background-color":"var(--ast-global-color-5)","background-image":"","background-repeat":"repeat","background-position":"center center","background-size":"auto","background-attachment":"scroll","background-type":"","background-media":"","overlay-type":"","overlay-color":"","overlay-opacity":"","overlay-gradient":""},"mobile":{"background-color":"var(--ast-global-color-5)","background-image":"","background-repeat":"repeat","background-position":"center center","background-size":"auto","background-attachment":"scroll","background-type":"","background-media":"","overlay-type":"","overlay-color":"","overlay-opacity":"","overlay-gradient":""}},"footnotes":""},"categories":[8],"tags":[5486,725],"class_list":["post-59140","post","type-post","status-publish","format-standard","has-post-thumbnail","hentry","category-noticias","tag-elecciones-2024","tag-morena-puebla"],"_links":{"self":[{"href":"https:\/\/losperiodistas.com.mx\/portal\/wp-json\/wp\/v2\/posts\/59140","targetHints":{"allow":["GET"]}}],"collection":[{"href":"https:\/\/losperiodistas.com.mx\/portal\/wp-json\/wp\/v2\/posts"}],"about":[{"href":"https:\/\/losperiodistas.com.mx\/portal\/wp-json\/wp\/v2\/types\/post"}],"author":[{"embeddable":true,"href":"https:\/\/losperiodistas.com.mx\/portal\/wp-json\/wp\/v2\/users\/1"}],"replies":[{"embeddable":true,"href":"https:\/\/losperiodistas.com.mx\/portal\/wp-json\/wp\/v2\/comments?post=59140"}],"version-history":[{"count":1,"href":"https:\/\/losperiodistas.com.mx\/portal\/wp-json\/wp\/v2\/posts\/59140\/revisions"}],"predecessor-version":[{"id":59143,"href":"https:\/\/losperiodistas.com.mx\/portal\/wp-json\/wp\/v2\/posts\/59140\/revisions\/59143"}],"wp:featuredmedia":[{"embeddable":true,"href":"https:\/\/losperiodistas.com.mx\/portal\/wp-json\/wp\/v2\/media\/59141"}],"wp:attachment":[{"href":"https:\/\/losperiodistas.com.mx\/portal\/wp-json\/wp\/v2\/media?parent=59140"}],"wp:term":[{"taxonomy":"category","embeddable":true,"href":"https:\/\/losperiodistas.com.mx\/portal\/wp-json\/wp\/v2\/categories?post=59140"},{"taxonomy":"post_tag","embeddable":true,"href":"https:\/\/losperiodistas.com.mx\/portal\/wp-json\/wp\/v2\/tags?post=59140"}],"curies":[{"name":"wp","href":"https:\/\/api.w.org\/{rel}","templated":true}]}}