{"id":58964,"date":"2023-09-14T11:30:27","date_gmt":"2023-09-14T16:30:27","guid":{"rendered":"http:\/\/losperiodistas.com.mx\/portal\/?p=58964"},"modified":"2023-09-14T11:30:29","modified_gmt":"2023-09-14T16:30:29","slug":"monologos-de-menade-solo-para-avanzados","status":"publish","type":"post","link":"https:\/\/losperiodistas.com.mx\/portal\/monologos-de-menade-solo-para-avanzados\/","title":{"rendered":"Mon\u00f3logos de M\u00e9nade | Solo para avanzados\u2026"},"content":{"rendered":"\n<p class=\"has-medium-font-size\">El mensaje hoy no es el mensajero, el mensaje es la ubicaci\u00f3n y el mensaje fue solo para avanzados\u2026<\/p>\n\n\n\n<p><\/p>\n\n\n\n<figure class=\"wp-block-image size-large is-style-default\"><img fetchpriority=\"high\" decoding=\"async\" width=\"1024\" height=\"576\" src=\"https:\/\/losperiodistas.com.mx\/portal\/wp-content\/uploads\/2023\/09\/Solo-para-avanzados-1024x576.jpg\" alt=\"\" class=\"wp-image-58965\" srcset=\"https:\/\/losperiodistas.com.mx\/portal\/wp-content\/uploads\/2023\/09\/Solo-para-avanzados-1024x576.jpg 1024w, https:\/\/losperiodistas.com.mx\/portal\/wp-content\/uploads\/2023\/09\/Solo-para-avanzados-300x169.jpg 300w, https:\/\/losperiodistas.com.mx\/portal\/wp-content\/uploads\/2023\/09\/Solo-para-avanzados-768x432.jpg 768w, https:\/\/losperiodistas.com.mx\/portal\/wp-content\/uploads\/2023\/09\/Solo-para-avanzados.jpg 1200w\" sizes=\"(max-width: 1024px) 100vw, 1024px\" \/><\/figure>\n\n\n\n<p><\/p>\n\n\n\n<p class=\"has-vivid-red-color has-text-color\" style=\"font-size:26px\"><strong><em>Por Itandehui Rodr\u00edguez Mart\u00ednez<\/em><\/strong><\/p>\n\n\n\n<p>@Itandehui_RoMa<\/p>\n\n\n\n<p>Ana Tere Aranda ayer dio una c\u00e1tedra de mensajes ocultos, mensajes velados, dedicados para solo para avanzados, esos que son solo de pol\u00edticos profesionales.<br>Hay que analizar desde la lista de invitados y los discursos, hasta a los oradores. Su segundo informe legislativo, estuvo lleno de mensajes cifrados.<br>La primera oradora fue Augusta D\u00edaz de Rivera, \u2018Tit\u00ed\u2019, pa\u2019 la banda, quien, por cierto, volvi\u00f3 a sentarse junto a su secretario General, Marcos Castro. Al hacer uso de la palabra, \u2018Tit\u00ed\u2019, dej\u00f3 en claro que Ana Tere es la \u201cX\u00f3chitl poblana\u201d. Es la disruptiva y es la mujer que m\u00e1s confronta en Puebla desde la oposici\u00f3n. Ana Tere es, de siempre, una mujer arrojada, inteligente y valiente.<br>\u00bfQui\u00e9n es\u00a0<a href=\"https:\/\/www.apartadomex.com\/nacional\/xochitl-galvez-regano-a-samuel-garcia-en-redes-sociales\/19531\/\">X\u00f3chitl G\u00e1lvez<\/a>? Es la senadora que buscaba una posici\u00f3n y acab\u00f3 ocupando otra. Ojo con eso.<br>Despu\u00e9s, Laura Esquivel Torres, secretaria de Promoci\u00f3n Pol\u00edtica de la Mujer y sus palabras, recordando que, en el reciente encuentro nacional de mujeres panistas, todas las oradoras, mencionaron la carrera de Ana Tere. Esto deja en claro otra cosa, est\u00e1 en el mapa nacional.<br>Luego toc\u00f3 el turno a Eduardo Rivera, qui\u00e9n evidentemente es visto por el panismo como el virtual candidato a la gubernatura s\u00ed y s\u00f3lo s\u00ed, toca hombre en Puebla. Esa es la \u00fanica aduana que debe cruzar el alcalde de Puebla para buscar \u201cla silla de Casa Aguayo\u201d.<br>Eduardo Rivera dej\u00f3 en claro que, a lo largo de su carrera pol\u00edtica, ha avanzado en paralelo con Ana Tere, que han caminado y librado juntos varias batallas y esto no solo genera respeto, sino cari\u00f1o.<br>En un evento que, a todas luces tuvo el respaldo de los presidentes de Comit\u00e9s Directivos de municipios del interior del estado, incluido el de Tehuac\u00e1n, Eduardo Rivera y Ana Tere Aranda dejaron en claro: \u201cs\u00ed no voy yo, vas t\u00fa\u201d y viceversa.<br>Evidentemente por eso el informe fue en San Andr\u00e9s Cholula y no en Puebla. La ubicaci\u00f3n tambi\u00e9n es el mensaje.<br>El fallecimiento de Martha Erika Alonso dej\u00f3 en claro que siempre, siempre, los pol\u00edticos y los partidos pol\u00edticos deben tener claro su plan B. A golpazos, pero la clase pol\u00edtica lo entendi\u00f3, eso es solo para avanzados.<br>El plan B de Eduardo Rivera es la reelecci\u00f3n.<br>Pero volvamos a los mensajes, Ana Tere comenz\u00f3 recordando a Esmeralda Gallardo, la madre buscadora asesinada el a\u00f1o pasado, a ella dedic\u00f3 su informe, a otra mujer cuya lucha no conoci\u00f3 de tregua ni cansancio.<br>Record\u00f3 las grandes batallas que ha librado la oposici\u00f3n en el \u00faltimo a\u00f1o, como la defensa del INE y al final, se hizo acompa\u00f1ar de una peque\u00f1a parte de su gran familia, la mayor\u00eda presentes, mujeres.<br>Ana Tere ha sido la primera en muchas cosas, fue la primera presidenta del PAN en Puebla, fue la primera panista candidata a la gubernatura, ahora quiere ser otra vez la primera. Pero, \u00bfen qu\u00e9?<br>Tiene un plan B, eso queda claro, \u00bfel plan A? Es solo para avanzados\u2026 \u00bfpor qu\u00e9 San Andr\u00e9s CHOLULA? \u00bfEs el plan A? El mensaje es la ubicaci\u00f3n y la ubicaci\u00f3n, es el mensaje.<\/p>\n\n\n\n<p><\/p>\n","protected":false},"excerpt":{"rendered":"<p>El mensaje hoy no es el mensajero, el mensaje es la ubicaci\u00f3n y el mensaje fue solo para avanzados\u2026 Por [&hellip;]<\/p>\n","protected":false},"author":1,"featured_media":58965,"comment_status":"open","ping_status":"open","sticky":false,"template":"","format":"standard","meta":{"site-sidebar-layout":"default","site-content-layout":"","ast-site-content-layout":"default","site-content-style":"default","site-sidebar-style":"default","ast-global-header-display":"","ast-banner-title-visibility":"","ast-main-header-display":"","ast-hfb-above-header-display":"","ast-hfb-below-header-display":"","ast-hfb-mobile-header-display":"","site-post-title":"","ast-breadcrumbs-content":"","ast-featured-img":"","footer-sml-layout":"","theme-transparent-header-meta":"","adv-header-id-meta":"","stick-header-meta":"","header-above-stick-meta":"","header-main-stick-meta":"","header-below-stick-meta":"","astra-migrate-meta-layouts":"default","ast-page-background-enabled":"default","ast-page-background-meta":{"desktop":{"background-color":"var(--ast-global-color-4)","background-image":"","background-repeat":"repeat","background-position":"center center","background-size":"auto","background-attachment":"scroll","background-type":"","background-media":"","overlay-type":"","overlay-color":"","overlay-opacity":"","overlay-gradient":""},"tablet":{"background-color":"","background-image":"","background-repeat":"repeat","background-position":"center center","background-size":"auto","background-attachment":"scroll","background-type":"","background-media":"","overlay-type":"","overlay-color":"","overlay-opacity":"","overlay-gradient":""},"mobile":{"background-color":"","background-image":"","background-repeat":"repeat","background-position":"center center","background-size":"auto","background-attachment":"scroll","background-type":"","background-media":"","overlay-type":"","overlay-color":"","overlay-opacity":"","overlay-gradient":""}},"ast-content-background-meta":{"desktop":{"background-color":"var(--ast-global-color-5)","background-image":"","background-repeat":"repeat","background-position":"center center","background-size":"auto","background-attachment":"scroll","background-type":"","background-media":"","overlay-type":"","overlay-color":"","overlay-opacity":"","overlay-gradient":""},"tablet":{"background-color":"var(--ast-global-color-5)","background-image":"","background-repeat":"repeat","background-position":"center center","background-size":"auto","background-attachment":"scroll","background-type":"","background-media":"","overlay-type":"","overlay-color":"","overlay-opacity":"","overlay-gradient":""},"mobile":{"background-color":"var(--ast-global-color-5)","background-image":"","background-repeat":"repeat","background-position":"center center","background-size":"auto","background-attachment":"scroll","background-type":"","background-media":"","overlay-type":"","overlay-color":"","overlay-opacity":"","overlay-gradient":""}},"footnotes":""},"categories":[8,22],"tags":[5110,12115],"class_list":["post-58964","post","type-post","status-publish","format-standard","has-post-thumbnail","hentry","category-noticias","category-opinion-invitada","tag-ana-tere-aranda","tag-lalo-rivera"],"_links":{"self":[{"href":"https:\/\/losperiodistas.com.mx\/portal\/wp-json\/wp\/v2\/posts\/58964","targetHints":{"allow":["GET"]}}],"collection":[{"href":"https:\/\/losperiodistas.com.mx\/portal\/wp-json\/wp\/v2\/posts"}],"about":[{"href":"https:\/\/losperiodistas.com.mx\/portal\/wp-json\/wp\/v2\/types\/post"}],"author":[{"embeddable":true,"href":"https:\/\/losperiodistas.com.mx\/portal\/wp-json\/wp\/v2\/users\/1"}],"replies":[{"embeddable":true,"href":"https:\/\/losperiodistas.com.mx\/portal\/wp-json\/wp\/v2\/comments?post=58964"}],"version-history":[{"count":1,"href":"https:\/\/losperiodistas.com.mx\/portal\/wp-json\/wp\/v2\/posts\/58964\/revisions"}],"predecessor-version":[{"id":58966,"href":"https:\/\/losperiodistas.com.mx\/portal\/wp-json\/wp\/v2\/posts\/58964\/revisions\/58966"}],"wp:featuredmedia":[{"embeddable":true,"href":"https:\/\/losperiodistas.com.mx\/portal\/wp-json\/wp\/v2\/media\/58965"}],"wp:attachment":[{"href":"https:\/\/losperiodistas.com.mx\/portal\/wp-json\/wp\/v2\/media?parent=58964"}],"wp:term":[{"taxonomy":"category","embeddable":true,"href":"https:\/\/losperiodistas.com.mx\/portal\/wp-json\/wp\/v2\/categories?post=58964"},{"taxonomy":"post_tag","embeddable":true,"href":"https:\/\/losperiodistas.com.mx\/portal\/wp-json\/wp\/v2\/tags?post=58964"}],"curies":[{"name":"wp","href":"https:\/\/api.w.org\/{rel}","templated":true}]}}