{"id":5871,"date":"2021-03-17T07:26:38","date_gmt":"2021-03-17T13:26:38","guid":{"rendered":"http:\/\/losperiodistas.com.mx\/portal\/?p=5871"},"modified":"2021-03-17T07:39:09","modified_gmt":"2021-03-17T13:39:09","slug":"porque-el-pueblo-quiere-u-odia-a-amlo","status":"publish","type":"post","link":"https:\/\/losperiodistas.com.mx\/portal\/porque-el-pueblo-quiere-u-odia-a-amlo\/","title":{"rendered":"\u00bfPorqu\u00e9 el pueblo quiere u odia a AMLO?"},"content":{"rendered":"\n<p class=\"has-text-align-right\"><em>\u201cInsistir\u00e9 tan solo en que un pr\u00edncipe necesita contar con la amistad del pueblo,<\/em> <em>pues de lo contrario no tiene remedio en la adversidad.\u201d<\/em> Nicol\u00e1s Maquiavelo. El Pr\u00edncipe, Cap\u00edtulo IX, Del principado civil<\/p>\n\n\n\n<p class=\"has-vivid-cyan-blue-color has-text-color\" style=\"font-size:26px\"><em>Por Jos\u00e9 Ojeda Bustamante<\/em><\/p>\n\n\n\n<p>Andr\u00e9s Manuel L\u00f3pez Obrador ha comenzado el segundo tercio de su mandato como presidente de la rep\u00fablica, con una aprobaci\u00f3n promedio del 64%.<\/p>\n\n\n\n<p>Aprobaci\u00f3n que, puesta en una perspectiva comparativa, resulta positiva. Es similar a la que gozaba Felipe Calder\u00f3n Hinojosa a inicios del 2009 con 66% de aprobaci\u00f3n y muy por encima de Enrique Pe\u00f1a Nieto (38%) y Vicente Fox (55%) en sus respectos mandatos.<\/p>\n\n\n\n<p>Esto, pese a vivir una Pandemia hist\u00f3rica, la cual ha venido a modificar totalmente el ejercicio de gobierno, la convivencia social y familiar en todos los pa\u00edses del mundo, no siendo la excepci\u00f3n el gobierno de la denominada Cuarta Transformaci\u00f3n de M\u00e9xico.<\/p>\n\n\n\n<p>Coincide tambi\u00e9n que este a\u00f1o, M\u00e9xico encara el proceso electoral m\u00e1s grande de su historia reciente. Se renovar\u00e1n m\u00e1s de 21 mil cargos de elecci\u00f3n popular. A saber: 500 diputados federales de las 65 legislatura Congreso de la Uni\u00f3n, 15 gubernaturas, 1.063 diputados de 30 congresos locales y 1.926 ayuntamientos en 30 estados. Todo esto con un listado nominal de casi 95 millones de electores registrados, 5 millones m\u00e1s que en el 2018.<\/p>\n\n\n\n<p>En medio de este contexto \u00bfPor qu\u00e9 AMLO goza de altos \u00edndices de aprobaci\u00f3n?<\/p>\n\n\n\n<p>Desde mi perspectiva, por tres razones.<\/p>\n\n\n\n<p>1. La primera de ellas tiene que ver con que su ejercicio de gobierno es verificable, principalmente ante su base social, ante los electores que lo llevaron al poder en las elecciones presidenciales del 2018.<\/p>\n\n\n\n<p>De esta manera y pese a la pandemia, AMLO mantiene 8 programas prioritarios para sectores focalizados de la poblaci\u00f3n: Pensi\u00f3n para Adultos Mayores, Becas de Nivel Medio Superior, Becas de Nivel B\u00e1sico; programa Sembrando Vida, J\u00f3venes Construyendo el Futuro, Apoyo a Personas con Discapacidad, Producci\u00f3n para el Bienestar y el programa La Escuela es Nuestra. A la par, tambi\u00e9n mantiene visibles proyectos de gran inversi\u00f3n e envergadura a nivel Latinoam\u00e9rica, tales como el Tren Maya, el nuevo Aeropuerto General \u201cFelipe \u00c1ngeles\u201d, el Mantenimiento y Conservaci\u00f3n de Carreteras y el Tren Interurbano M\u00e9xico-Toluca. Y dejando de lado la construcci\u00f3n de la nueva refiner\u00eda de \u201cTres Bocas\u201d y el Corredor Interoce\u00e1nico del Istmo de Tehuantepec, de Veracruz y Oaxaca. \u00bfProyectos electoreros? \u00bfProyectos que refuerzan su base social?<\/p>\n\n\n\n<p>2. La segunda raz\u00f3n que se deriva de la primera es que, tal y como lo dec\u00eda Max Weber, la base del carisma est\u00e1 constituida por la confianza y la credibilidad y ante esto AMLO es un presidente \u00a1\u00bfcre\u00edble y verificable?! que se ha mantenido \u00a1\u00bfcongruente con su estrategia de poner por delante su lema hecho gobierno de \u201cprimero, los pobres\u201d?!<\/p>\n\n\n\n<p>3. Finalmente, el tercer factor, por el cual el presidente goza actualmente de un elevado \u00edndice de aprobaci\u00f3n es la estrategia fallida de la oposici\u00f3n por establecer un contrapeso real y diferenciado a la oferta pol\u00edtica establecida y mantenida vigente por el presidente.<\/p>\n\n\n\n<p>Sean partidos pol\u00edticos, sectores empresariales u organismos de la sociedad civil, no han logrado articular una agenda cre\u00edble y alternativa a la planteada por Andr\u00e9s Manuel L\u00f3pez Obrador. Pareciera que su diagn\u00f3stico es ajeno al sentir de la mayor\u00eda de la poblaci\u00f3n, pero tambi\u00e9n los liderazgos que la encabezan.<\/p>\n\n\n\n<p>Lo dec\u00eda el presidente en una de sus ma\u00f1aneras recientes, al provocar sobre el tema de su sucesi\u00f3n, la oposici\u00f3n deber\u00eda de estar preocupada, puesto que carece, en estos momentos de liderazgos visibles que afronten el proceso electoral actual y los venideros.<\/p>\n\n\n\n<p>Por el bien de nuestro sistema pol\u00edtico mexicano necesitamos instituciones pol\u00edticas fuertes, partidos pol\u00edticos que generen contrapesos \u00a1No vendr\u00e1n de otra dimensi\u00f3n o por generaci\u00f3n espont\u00e1nea!<\/p>\n\n\n\n<p>Veamos qu\u00e9 ocurre el 6 de junio. @ojedapepe<\/p>\n\n\n\n<p>*Jos\u00e9 Ojeda Bustamante es Polit\u00f3logo<\/p>\n","protected":false},"excerpt":{"rendered":"<p>\u201cInsistir\u00e9 tan solo en que un pr\u00edncipe necesita contar con la amistad del pueblo, pues de lo contrario no tiene [&hellip;]<\/p>\n","protected":false},"author":1,"featured_media":5872,"comment_status":"open","ping_status":"open","sticky":false,"template":"","format":"standard","meta":{"site-sidebar-layout":"default","site-content-layout":"","ast-site-content-layout":"default","site-content-style":"default","site-sidebar-style":"default","ast-global-header-display":"","ast-banner-title-visibility":"","ast-main-header-display":"","ast-hfb-above-header-display":"","ast-hfb-below-header-display":"","ast-hfb-mobile-header-display":"","site-post-title":"","ast-breadcrumbs-content":"","ast-featured-img":"","footer-sml-layout":"","theme-transparent-header-meta":"","adv-header-id-meta":"","stick-header-meta":"","header-above-stick-meta":"","header-main-stick-meta":"","header-below-stick-meta":"","astra-migrate-meta-layouts":"default","ast-page-background-enabled":"default","ast-page-background-meta":{"desktop":{"background-color":"var(--ast-global-color-4)","background-image":"","background-repeat":"repeat","background-position":"center center","background-size":"auto","background-attachment":"scroll","background-type":"","background-media":"","overlay-type":"","overlay-color":"","overlay-opacity":"","overlay-gradient":""},"tablet":{"background-color":"","background-image":"","background-repeat":"repeat","background-position":"center center","background-size":"auto","background-attachment":"scroll","background-type":"","background-media":"","overlay-type":"","overlay-color":"","overlay-opacity":"","overlay-gradient":""},"mobile":{"background-color":"","background-image":"","background-repeat":"repeat","background-position":"center center","background-size":"auto","background-attachment":"scroll","background-type":"","background-media":"","overlay-type":"","overlay-color":"","overlay-opacity":"","overlay-gradient":""}},"ast-content-background-meta":{"desktop":{"background-color":"var(--ast-global-color-5)","background-image":"","background-repeat":"repeat","background-position":"center center","background-size":"auto","background-attachment":"scroll","background-type":"","background-media":"","overlay-type":"","overlay-color":"","overlay-opacity":"","overlay-gradient":""},"tablet":{"background-color":"var(--ast-global-color-5)","background-image":"","background-repeat":"repeat","background-position":"center center","background-size":"auto","background-attachment":"scroll","background-type":"","background-media":"","overlay-type":"","overlay-color":"","overlay-opacity":"","overlay-gradient":""},"mobile":{"background-color":"var(--ast-global-color-5)","background-image":"","background-repeat":"repeat","background-position":"center center","background-size":"auto","background-attachment":"scroll","background-type":"","background-media":"","overlay-type":"","overlay-color":"","overlay-opacity":"","overlay-gradient":""}},"footnotes":""},"categories":[8,22],"tags":[560,561],"class_list":["post-5871","post","type-post","status-publish","format-standard","has-post-thumbnail","hentry","category-noticias","category-opinion-invitada","tag-amlo-preferencias","tag-maquiavelo"],"_links":{"self":[{"href":"https:\/\/losperiodistas.com.mx\/portal\/wp-json\/wp\/v2\/posts\/5871","targetHints":{"allow":["GET"]}}],"collection":[{"href":"https:\/\/losperiodistas.com.mx\/portal\/wp-json\/wp\/v2\/posts"}],"about":[{"href":"https:\/\/losperiodistas.com.mx\/portal\/wp-json\/wp\/v2\/types\/post"}],"author":[{"embeddable":true,"href":"https:\/\/losperiodistas.com.mx\/portal\/wp-json\/wp\/v2\/users\/1"}],"replies":[{"embeddable":true,"href":"https:\/\/losperiodistas.com.mx\/portal\/wp-json\/wp\/v2\/comments?post=5871"}],"version-history":[{"count":2,"href":"https:\/\/losperiodistas.com.mx\/portal\/wp-json\/wp\/v2\/posts\/5871\/revisions"}],"predecessor-version":[{"id":5877,"href":"https:\/\/losperiodistas.com.mx\/portal\/wp-json\/wp\/v2\/posts\/5871\/revisions\/5877"}],"wp:featuredmedia":[{"embeddable":true,"href":"https:\/\/losperiodistas.com.mx\/portal\/wp-json\/wp\/v2\/media\/5872"}],"wp:attachment":[{"href":"https:\/\/losperiodistas.com.mx\/portal\/wp-json\/wp\/v2\/media?parent=5871"}],"wp:term":[{"taxonomy":"category","embeddable":true,"href":"https:\/\/losperiodistas.com.mx\/portal\/wp-json\/wp\/v2\/categories?post=5871"},{"taxonomy":"post_tag","embeddable":true,"href":"https:\/\/losperiodistas.com.mx\/portal\/wp-json\/wp\/v2\/tags?post=5871"}],"curies":[{"name":"wp","href":"https:\/\/api.w.org\/{rel}","templated":true}]}}