{"id":58647,"date":"2023-09-09T11:14:59","date_gmt":"2023-09-09T16:14:59","guid":{"rendered":"http:\/\/losperiodistas.com.mx\/portal\/?p=58647"},"modified":"2023-09-09T11:15:01","modified_gmt":"2023-09-09T16:15:01","slug":"omar-garcia-harfuch-renuncia-a-la-secretaria-de-seguridad-ciudadana-va-por-la-candidatura-de-cdmx-el-financiero","status":"publish","type":"post","link":"https:\/\/losperiodistas.com.mx\/portal\/omar-garcia-harfuch-renuncia-a-la-secretaria-de-seguridad-ciudadana-va-por-la-candidatura-de-cdmx-el-financiero\/","title":{"rendered":"Omar Garc\u00eda Harfuch renuncia a la Secretar\u00eda de Seguridad Ciudadana; va por la candidatura de CDMX | El Financiero"},"content":{"rendered":"\n<h2 class=\"has-white-color has-vivid-red-background-color has-text-color has-background has-medium-font-size wp-block-heading\">Omar Hamid Garc\u00eda Harfuch estuvo casi cuatro a\u00f1os al frente de la Secretar\u00eda de Seguridad Ciudadana de CDMX y ahora va por la candidatura a Jefe de Gobierno por Morena para las elecciones de 2024.<\/h2>\n\n\n\n<figure class=\"wp-block-image size-large is-style-default\"><img fetchpriority=\"high\" decoding=\"async\" width=\"1024\" height=\"579\" src=\"https:\/\/losperiodistas.com.mx\/portal\/wp-content\/uploads\/2023\/09\/Captura-de-Pantalla-2023-09-09-a-las-10.09.37-1024x579.jpg\" alt=\"\" class=\"wp-image-58648\" srcset=\"https:\/\/losperiodistas.com.mx\/portal\/wp-content\/uploads\/2023\/09\/Captura-de-Pantalla-2023-09-09-a-las-10.09.37-1024x579.jpg 1024w, https:\/\/losperiodistas.com.mx\/portal\/wp-content\/uploads\/2023\/09\/Captura-de-Pantalla-2023-09-09-a-las-10.09.37-300x170.jpg 300w, https:\/\/losperiodistas.com.mx\/portal\/wp-content\/uploads\/2023\/09\/Captura-de-Pantalla-2023-09-09-a-las-10.09.37-768x434.jpg 768w, https:\/\/losperiodistas.com.mx\/portal\/wp-content\/uploads\/2023\/09\/Captura-de-Pantalla-2023-09-09-a-las-10.09.37-1536x869.jpg 1536w, https:\/\/losperiodistas.com.mx\/portal\/wp-content\/uploads\/2023\/09\/Captura-de-Pantalla-2023-09-09-a-las-10.09.37.jpg 1828w\" sizes=\"(max-width: 1024px) 100vw, 1024px\" \/><figcaption>Omar Garc\u00eda Harfuch renunci\u00f3 a la Secretar\u00eda de Seguridad Ciudadana de la Ciudad de M\u00e9xico y quiere ser candidato a Jefe de Gobierno.\u00a0(Especial)<\/figcaption><\/figure>\n\n\n\n<p class=\"has-vivid-red-color has-text-color has-medium-font-size\"><strong>REDACCI\u00d3N EL FINANCIERO<\/strong><\/p>\n\n\n\n<p><a href=\"https:\/\/www.elfinanciero.com.mx\/cdmx\/2023\/09\/04\/garcia-harfuch-cambia-de-opinion-dice-estar-listo-para-enfrentar-los-retos-de-la-cdmx\/\" target=\"_blank\" rel=\"noreferrer noopener\">Omar Garc\u00eda Harfuch<\/a>&nbsp;<strong>renunci\u00f3<\/strong>&nbsp;<strong>como titular de la Secretar\u00eda de Seguridad Ciudadana<\/strong>&nbsp;de la CDMX.&nbsp;<strong>Se prev\u00e9 que<\/strong>&nbsp;el ahora exjefe de la Polic\u00eda capitalina&nbsp;<strong>busque ser el abanderado de Morena<\/strong>&nbsp;para las&nbsp;<a href=\"https:\/\/www.elfinanciero.com.mx\/tags\/elecciones-2024\/\" target=\"_blank\" rel=\"noreferrer noopener\">elecciones 2024<\/a>&nbsp;en la&nbsp;<strong>Ciudad de M\u00e9xico<\/strong>.<\/p>\n\n\n\n<p>La ma\u00f1ana de este s\u00e1bado 9 de septiembre, Mart\u00ed Batres, jefe de Gobierno de la CDMX, comparti\u00f3 en su cuenta de X que Harfuch le inform\u00f3 sobre su decisi\u00f3n.<\/p>\n\n\n\n<figure class=\"wp-block-embed is-type-rich is-provider-twitter wp-block-embed-twitter\"><div class=\"wp-block-embed__wrapper\">\n<blockquote class=\"twitter-tweet\" data-width=\"500\" data-dnt=\"true\"><p lang=\"es\" dir=\"ltr\">Me visit\u00f3 el Lic. <a href=\"https:\/\/twitter.com\/OHarfuch?ref_src=twsrc%5Etfw\">@OHarfuch<\/a> para informarme su decisi\u00f3n de separarse del cargo de Secretario de Seguridad Ciudadana del <a href=\"https:\/\/twitter.com\/GobCDMX?ref_src=twsrc%5Etfw\">@GobCDMX<\/a>. <a href=\"https:\/\/t.co\/T3gHAqlPZn\">pic.twitter.com\/T3gHAqlPZn<\/a><\/p>&mdash; Mart\u00ed Batres (@martibatres) <a href=\"https:\/\/twitter.com\/martibatres\/status\/1700533272416055488?ref_src=twsrc%5Etfw\">September 9, 2023<\/a><\/blockquote><script async src=\"https:\/\/platform.twitter.com\/widgets.js\" charset=\"utf-8\"><\/script>\n<\/div><\/figure>\n\n\n\n<p>La renuncia de Garc\u00eda Harfuch a la dependencia capitalina ocurre d\u00edas despu\u00e9s de que\u00a0<strong>se declar\u00f3 listo para \u201cenfrentar cualquier reto en la ciudad\u201d<\/strong>, al ser cuestionado sobre sus aspiraciones para suceder en 2024 a\u00a0<a href=\"https:\/\/www.elfinanciero.com.mx\/cdmx\/2023\/08\/13\/marti-batres-baila-en-inauguracion-del-bailodromo-iztapalapa\/\" target=\"_blank\" rel=\"noreferrer noopener\">Mart\u00ed Batres, como Jefe de Gobierno de la Ciudad de M\u00e9xico<\/a>.<\/p>\n\n\n\n<p>\u2014\u00bfEst\u00e1 listo para la&nbsp;<a href=\"https:\/\/www.elfinanciero.com.mx\/nacional\/2023\/09\/06\/claudia-sheinbaum-gana-encuesta-morena-sera-candidata-para-elecciones-2024\/\" target=\"_blank\" rel=\"noreferrer noopener\">encuesta de Morena<\/a>?, le cuestion\u00f3 el periodista Miguel \u00c1ngel Vel\u00e1zquez, de La Jornada.<\/p>\n\n\n\n<p>\u2014No s\u00e9 si estoy listo porque no s\u00e9 si voy a estar.&nbsp;<strong>Si mi mente empieza a estar en la encuesta no voy a estar en la seguridad<\/strong>, respondi\u00f3 Garcia Harfuch,https:\/\/9f4f5caf0b8f692713f3e829a1398b3b.safeframe.googlesyndication.com\/safeframe\/1-0-40\/html\/container.html<\/p>\n\n\n\n<p>\u2014Pero\u2026&nbsp;<strong>\u00bflisto para enfrentar cualquier reto en la ciudad?<\/strong>, insisti\u00f3 el periodista<\/p>\n\n\n\n<p>\u2014<strong>\u00a1S\u00ed, por supuesto. Listo!<\/strong>, contest\u00f3 el ahora exfuncionario.<a href=\"https:\/\/www.elfinanciero.com.mx\/nacional\/2022\/09\/13\/se-cierra-la-contienda-morenista-en-ciudad-de-mexico\/\"><\/a><a href=\"https:\/\/www.elfinanciero.com.mx\/nacional\/2022\/09\/13\/se-cierra-la-contienda-morenista-en-ciudad-de-mexico\/\">Se cierra contienda entre Batres, Harfuch y Rosa Icela por candidatura de Morena en CDMX<\/a><\/p>\n\n\n\n<hr class=\"wp-block-separator\"\/>\n\n\n\n<h2 class=\"wp-block-heading\">Adi\u00f3s al jefe de la Polic\u00eda de CDMX: \u00bfQui\u00e9n es Omar Hamid Garc\u00eda Harfuch?<\/h2>\n\n\n\n<figure class=\"wp-block-image is-style-default\"><img decoding=\"async\" src=\"https:\/\/www.elfinanciero.com.mx\/resizer\/q42cplDAPYduDmcWsRx2faOVK1I=\/1440x0\/filters:format(jpg):quality(70)\/cloudfront-us-east-1.images.arcpublishing.com\/elfinanciero\/MHI7SM6ABVETLP2BXXWUVAOGVM.jpg\" alt=\"\"\/><figcaption>Omar Garc\u00eda Harfuch es hijo de Mar\u00eda Harfuch Hidalgo, mejor conocida como Mar\u00eda Sort\u00e9, y de Javier Garc\u00eda Paniagua, quien fue jefe de la Direcci\u00f3n Federal de Seguridad.&nbsp;(Cuartoscuro\/Gobierno de la Ciudad de M\u00e9xico)<\/figcaption><\/figure>\n\n\n\n<p>El extitular de la Secretar\u00eda de Seguridad Ciudadana capitalina naci\u00f3 en Cuernavaca, Morelos, el 25 de febrero de 1982, por lo que\u00a0<strong>tiene 41 a\u00f1os<\/strong>.<\/p>\n\n\n\n<p><a href=\"https:\/\/www.elfinanciero.com.mx\/nacional\/2023\/09\/04\/omar-garcia-harfuch-aclara-si-tiene-mala-relacion-con-amlo\/\" target=\"_blank\" rel=\"noreferrer noopener\">Garc\u00eda Harfuch<\/a>&nbsp;<strong>es egresado de la licenciatura de Derecho y Seguridad P\u00fablica<\/strong>. Adem\u00e1s cuenta&nbsp;<strong>con estudios en el extranjero<\/strong>, Entre las capacitaciones que ha recibido fuera del pa\u00eds, el exjefe de la Polic\u00eda de CDMX cuenta con&nbsp;<strong>el Curso para Comandantes de Unidades Antidrogas<\/strong>, impartido por la&nbsp;<a href=\"https:\/\/www.elfinanciero.com.mx\/nacional\/2023\/08\/29\/mexicanos-buscados-por-la-dea-lista-agosto-2023-archivaldo-guzman-los-chapitos-cartel-de-sinaloa\/\" target=\"_blank\" rel=\"noreferrer noopener\">Administraci\u00f3n para el Control de Drogas (DEA)<\/a>;&nbsp;<strong>diplomado Senior Executive in National and International Security<\/strong>, por Harvard University;&nbsp;<strong>y Planificaci\u00f3n de Operaciones Especiales,&nbsp;<\/strong>por la Embajada de Estados Unidos.<\/p>\n\n\n\n<p>Otros de los cursos que ha recibido Omar Hamid Garc\u00eda Harfuch son: el&nbsp;<strong>Seminario para el Desarrollo de Ejecutivos<\/strong>&nbsp;&#8211; Agente del Orden del Gobierno de la Rep\u00fablica Mexicana, por la Academia Nacional de FBI; y el&nbsp;<strong>Curso Avanzado Antipandillas<\/strong>, en la International Law de la Enforcement Academy.<\/p>\n\n\n\n<h3 class=\"wp-block-heading\">\u00bfQui\u00e9n son los padres de Omar Garc\u00eda Harfuch?<\/h3>\n\n\n\n<p>El aspirante a la candidatura de Morena para las elecciones 2024 en la Ciudad de M\u00e9xico es hijo de&nbsp;<strong>Mar\u00eda Harfuch Hidalgo,&nbsp;<\/strong>mejor conocida como la&nbsp;<a href=\"https:\/\/www.elfinanciero.com.mx\/espectaculos\/2023\/04\/20\/maria-sorte-mama-de-omar-garcia-harfuch-reacciona-a-ser-llamada-la-suegra-de-mexico\/\" target=\"_blank\" rel=\"noreferrer noopener\">actriz Mar\u00eda Sort\u00e9<\/a>.&nbsp;<strong>Su padre es Javier Garc\u00eda Paniagua<\/strong>, quien se desempe\u00f1\u00f3 como&nbsp;<strong>jefe de la Direcci\u00f3n Federal de Seguridad&nbsp;<\/strong>.<\/p>\n\n\n\n<p>Ante la popularidad de Garc\u00eda Harfuch, se han realizado comentarios sobre su aspecto f\u00edsico, por lo que&nbsp;<strong>su mam\u00e1, Mar\u00eda Sort\u00e9, es conocida como \u2018la Suegra de M\u00e9xico\u2019<\/strong>. Al ser cuestionada sobre estos comentarios, la actriz agradeci\u00f3 las muestras de cari\u00f1o a su hijo. \u201cEstoy muy orgullosa de \u00e9l, le pido a Dios que lo cuide mucho porque est\u00e1 en un terreno muy peligroso\u201d, agreg\u00f3.<\/p>\n\n\n\n<p>Adem\u00e1s,&nbsp;<strong>el abuelo de Omar Garc\u00eda Harfuch es Marcelino Garc\u00eda Barrag\u00e1n<\/strong>, quien fue Secretario de la Defensa Nacional durante el sexenio del presidente&nbsp;<strong>Gustavo D\u00edaz Ordaz<\/strong>.<\/p>\n\n\n\n<h2 class=\"wp-block-heading\">As\u00ed lleg\u00f3 a secretario de Seguridad P\u00fablica de CDMX<\/h2>\n\n\n\n<figure class=\"wp-block-image is-style-default\"><img decoding=\"async\" src=\"https:\/\/www.elfinanciero.com.mx\/resizer\/nOumDu9ma8vB-uk2VWWt-khpNBw=\/1440x0\/filters:format(jpg):quality(70)\/cloudfront-us-east-1.images.arcpublishing.com\/elfinanciero\/FGAK3IB6DRG2RM3HJ2LOT3OK6Y.jpg\" alt=\"\"\/><figcaption>Omar Garc\u00eda Harfuch fue designado como secretario de Seguridad Ciudadana de CDMX en 2019.&nbsp;(Cuartoscuro\/Daniel Augusto)<\/figcaption><\/figure>\n\n\n\n<p>La trayectoria profesional de&nbsp;<strong>Omar Hamid Garc\u00eda Harfuch comenz\u00f3 como gerente de la Red Inmobiliaria El \u00c1ngel<\/strong>; sin embargo, su camino pronto cambio a la tarea de la seguridad p\u00fablica.<\/p>\n\n\n\n<p>Su carrera de m\u00e1s de 15 a\u00f1os como integrante de diferentes fuerzas de seguridad comenz\u00f3 el 1 de septiembre de 2008, cuando&nbsp;<strong>se uni\u00f3 a las filas de la Polic\u00eda Federal.<\/strong>&nbsp;En ese primer encargo ocup\u00f3 el puesto de jefe de departamento de la Coordinaci\u00f3n de Inteligencia para la Prevenci\u00f3n del Delito.<\/p>\n\n\n\n<p>Cuatro a\u00f1os despu\u00e9s de entrar a la Polic\u00eda Federal, Garc\u00eda Harfuch subi\u00f3 de puesto para desempe\u00f1arse como&nbsp;<strong>Coordinador Estatal de la Polic\u00eda Federal en Guerrero<\/strong>&nbsp;de diciembre de 2012 a agosto de 2014.<\/p>\n\n\n\n<p>A partir de marzo de 2015, el ahora exsecretario de seguridad p\u00fablica de la Ciudad de M\u00e9xico y&nbsp;<strong>hasta noviembre de 2016 estuvo como Titular de la Divisi\u00f3n de Investigaci\u00f3n de la Polic\u00eda Federal<\/strong>, mientras que en 2016 asumi\u00f3 como titular de la Divisi\u00f3n de Investigaci\u00f3n de la Polic\u00eda Federal y fue titular de la Agencia de Investigaci\u00f3n Criminal (AIC) de la extinta Procuradur\u00eda General de la Rep\u00fablica (PGR).<\/p>\n\n\n\n<p>La llegada de Omar Garc\u00eda Harfuch como funcionario de CDMX ocurri\u00f3 en junio de 2019, cuando la entonces jefa de Gobierno y ahora virtual&nbsp;<a href=\"https:\/\/www.elfinanciero.com.mx\/nacional\/2023\/09\/07\/amlo-entrega-baston-de-mando-morena-a-claudia-sheinbaum-en-vivo-hoy-7-septiembre\/\" target=\"_blank\" rel=\"noreferrer noopener\">candidata presidencial de Morena, Claudia Sheinbaum<\/a>, lo design\u00f3 como&nbsp;<a href=\"https:\/\/www.elfinanciero.com.mx\/nacional\/sheinbaum-designa-a-omar-garcia-harfuch-como-nuevo-jefe-de-la-policia-de-investigacion\/\" target=\"_blank\" rel=\"noreferrer noopener\">jefe general de la Polic\u00eda de Investigaci\u00f3n<\/a>&nbsp;de la capital mexicana y coordinador de Inteligencia del Gabinete de Gobierno y Seguridad.<\/p>\n\n\n\n<p>Meses despu\u00e9s, en octubre de ese a\u00f1o,&nbsp;<strong>Garc\u00eda Harfuch<\/strong>&nbsp;fue nombrado titular de la&nbsp;<strong>Secretar\u00eda de Seguridad Ciudadana de la Ciudad de M\u00e9xico (SSC-CDMX)<\/strong>.<\/p>\n\n\n\n<p>\u201cLa principal instrucci\u00f3n que tenemos de la jefa de Gobierno es dar resultados r\u00e1pido, sabemos que hay temas muy delicados y no se van a resolver si no hay detenidos, tiene que haber detenidos, sino no hay forma\u201d, dijo en ese entonces.<\/p>\n\n\n\n<h2 class=\"wp-block-heading\">\u00bfC\u00f3mo fue el atentado contra Omar Garc\u00eda Harfuch?<\/h2>\n\n\n\n<p>La madrugada del 26 de junio,&nbsp;<a href=\"https:\/\/www.elfinanciero.com.mx\/cdmx\/no-pense-en-dejar-mi-cargo-era-nuestra-obligacion-continuar-trabajando-garcia-harfuch-tras-atentado\/\" target=\"_blank\" rel=\"noreferrer noopener\">Omar Garc\u00eda Harfuch fue v\u00edctima de un atentado<\/a>,cometido en la zona de Lomas de Chapultepec, al poniente de la Ciudad de M\u00e9xico.<\/p>\n\n\n\n<p>Alrededor de las 6:30 horas de ese viernes, el entonces secretario de Seguridad Ciudadana de CDMX&nbsp;<strong>circulaba por Paseo de la Reforma y Monte Blanco, cuando fue interceptado por un grupo de sujetos armados,<\/strong>&nbsp;que abrieron fuego en contra del convoy del secretario.<\/p>\n\n\n\n<p>Durante el ataque, el ahora aspirante a&nbsp;<strong>Jefe de Gobierno de CDMX&nbsp;<\/strong>result\u00f3 herido con tres impactos de bala, por lo que fue trasladado a un hospital, donde tuvo que ser&nbsp;<strong>intervenido quir\u00fargicamente<\/strong>.<\/p>\n\n\n\n<p>En el atentado&nbsp;<strong>murieron tres personas,<\/strong>&nbsp;dos polic\u00edas (Rafael O. y Edgar O.) y una civil, Gabriela G., de 26 a\u00f1os.<\/p>\n\n\n\n<p>La titular de la<strong>&nbsp;Fiscal\u00eda General de Justicia de la Ciudad de M\u00e9xico, Ernestina Godoy<\/strong>, detall\u00f3 que se detuvo a 12 personas por el ataque. Entre los detenidos por el ataque estuvieron: Jos\u00e9 Armando \u2018N\u2019, alias \u2018Vaca\u2019, jefe de sicarios del&nbsp;<a href=\"https:\/\/www.elfinanciero.com.mx\/estados\/2023\/08\/16\/desaparecidos-lagos-de-moreno-carteles-cjng-cartel-de-sinaloa\/\" target=\"_blank\" rel=\"noreferrer noopener\">C\u00e1rtel de Jalisco<\/a>&nbsp;Nueva Generaci\u00f3n (<a href=\"https:\/\/www.elfinanciero.com.mx\/nacional\/2023\/07\/28\/que-dijo-la-dea-sobre-el-cartel-de-sinaloa-y-el-cjng-esto-sabemos\/\" target=\"_blank\" rel=\"noreferrer noopener\">CJNG<\/a>) y quien habr\u00eda dise\u00f1ado el plan para matar al entonces secretario.<\/p>\n\n\n\n<h2 class=\"wp-block-heading\">\u00bfQui\u00e9n es el nuevo Secretario de Seguridad P\u00fablica de M\u00e9xico?<\/h2>\n\n\n\n<figure class=\"wp-block-image is-style-default\"><img decoding=\"async\" src=\"https:\/\/www.elfinanciero.com.mx\/resizer\/mpL5URq9DtjAmi6dNQpSSdU54vI=\/1440x0\/filters:format(jpg):quality(70)\/cloudfront-us-east-1.images.arcpublishing.com\/elfinanciero\/YXYKNSPABFD2JEASRLZVMB6YMA.jpg\" alt=\"\"\/><figcaption>Mart\u00ed Batres, Jefe de Gobierno de CDMX, deber\u00e1 designar al sustituto de Omar Garc\u00eda Harfuch al frente de SSC-CDMX.&nbsp;(Cuartoscuro\/Pedro Anza)<\/figcaption><\/figure>\n\n\n\n<p>Tras la renuncia de Omar Garc\u00eda Harfuch, el actual jefe de Gobierno,&nbsp;<strong>Mart\u00ed Batres, deber\u00e1 anunciar qui\u00e9n ser\u00e1 el o la encargada<\/strong>&nbsp;de la Secretar\u00eda de Seguridad Ciudadana capitalina, de acuerdo con la Constituci\u00f3n de la Ciudad de M\u00e9xico,<\/p>\n\n\n\n<p>El art\u00edculo 4 establece que \u201cLa persona titular de la Secretar\u00eda ser\u00e1 nombrada y removida por la persona titular de la Jefatura de Gobierno, de conformidad con los t\u00e9rminos establecidos en la Constituci\u00f3n de la Ciudad, sin perjuicio de las facultades previstas para el Presidente de la Rep\u00fablica en el apartado B, del art\u00edculo 122 de la Constituci\u00f3n Federal\u201d.<\/p>\n\n\n\n<h3 class=\"wp-block-heading\">\u00bfQui\u00e9n es el subsecretario de la SSC de la CDMX?<\/h3>\n\n\n\n<p><strong>Pablo V\u00e1zquez Camacho<\/strong>&nbsp;es el titular de la Subsecretar\u00eda de Participaci\u00f3n Ciudadana y Prevenci\u00f3n del Delito, y segundo al mando de la&nbsp;<a href=\"https:\/\/www.ssc.cdmx.gob.mx\/secretaria\/estructura\" target=\"_blank\" rel=\"noreferrer noopener\">SSC-CDMX<\/a>, de acuerdo con el organigrama que la propia dependencia muestra en su sitio web,<\/p>\n\n\n\n<h2 class=\"wp-block-heading\">\u00bfQui\u00e9nes son los aspirantes de Morena para las elecciones 2024 en CDMX?<\/h2>\n\n\n\n<p>Con la renuncia de Garc\u00eda Harfuch, la lista de aspirantes para ser abanderado o abanderada del&nbsp;<a href=\"https:\/\/www.elfinanciero.com.mx\/opinion\/edna-jaime\/que-entendemos-por-regeneracion-nacional\/\" target=\"_blank\" rel=\"noreferrer noopener\">Movimiento de Regeneraci\u00f3n Nacional<\/a>&nbsp;(Morena) para la CDMX crece.<\/p>\n\n\n\n<p>Hasta ahora,&nbsp;<a href=\"https:\/\/www.elfinanciero.com.mx\/nacional\/2023\/09\/07\/ricardo-monreal-elecciones-2024-jefatura-de-gobierno-cdmx\/\" target=\"_blank\" rel=\"noreferrer noopener\">Ricardo Monreal<\/a>, quien fue derrotado por&nbsp;<strong>Claudia Sheinbaum<\/strong>&nbsp;en el proceso para ser candidato presidencial de Morena, anunci\u00f3 que&nbsp;<strong>buscar\u00e1 ser el elegido por su partido para la Ciudad de M\u00e9xico<\/strong>.<\/p>\n\n\n\n<p>Adem\u00e1s,&nbsp;<a href=\"https:\/\/www.elfinanciero.com.mx\/cdmx\/2023\/06\/14\/elecciones-2024-en-cdmx-asi-van-clara-brugada-y-marti-batres-en-las-encuestas-contra-la-oposicion\/\" target=\"_blank\" rel=\"noreferrer noopener\">Clara Brugada<\/a>, alcaldesa de Iztapalapa tambi\u00e9n ha hecho p\u00fablicas sus intenciones de competir por la candidatura de Morena.<\/p>\n\n\n\n<p>Del lado de la oposici\u00f3n, por ahora\u00a0<a href=\"https:\/\/www.elfinanciero.com.mx\/cdmx\/2023\/08\/14\/sandra-cuevas-jefa-de-gobierno-cdmx-elecciones-2024\/\" target=\"_blank\" rel=\"noreferrer noopener\">Sandra Cuevas<\/a>\u00a0ha expresado inter\u00e9s en ser la candidata de la oposici\u00f3n para las elecciones 2024.<\/p>\n\n\n\n<p>Fuente: <a href=\"https:\/\/www.elfinanciero.com.mx\/cdmx\/2023\/09\/09\/omar-garcia-harfuch-renuncia-a-la-secretaria-de-seguridad-ciudadana-va-por-la-candidatura-de-cdmx\/\">https:\/\/www.elfinanciero.com.mx\/cdmx\/2023\/09\/09\/omar-garcia-harfuch-renuncia-a-la-secretaria-de-seguridad-ciudadana-va-por-la-candidatura-de-cdmx\/<\/a><\/p>\n","protected":false},"excerpt":{"rendered":"<p>Omar Hamid Garc\u00eda Harfuch estuvo casi cuatro a\u00f1os al frente de la Secretar\u00eda de Seguridad Ciudadana de CDMX y ahora [&hellip;]<\/p>\n","protected":false},"author":1,"featured_media":58648,"comment_status":"open","ping_status":"open","sticky":false,"template":"","format":"standard","meta":{"site-sidebar-layout":"default","site-content-layout":"","ast-site-content-layout":"default","site-content-style":"default","site-sidebar-style":"default","ast-global-header-display":"","ast-banner-title-visibility":"","ast-main-header-display":"","ast-hfb-above-header-display":"","ast-hfb-below-header-display":"","ast-hfb-mobile-header-display":"","site-post-title":"","ast-breadcrumbs-content":"","ast-featured-img":"","footer-sml-layout":"","theme-transparent-header-meta":"","adv-header-id-meta":"","stick-header-meta":"","header-above-stick-meta":"","header-main-stick-meta":"","header-below-stick-meta":"","astra-migrate-meta-layouts":"default","ast-page-background-enabled":"default","ast-page-background-meta":{"desktop":{"background-color":"var(--ast-global-color-4)","background-image":"","background-repeat":"repeat","background-position":"center center","background-size":"auto","background-attachment":"scroll","background-type":"","background-media":"","overlay-type":"","overlay-color":"","overlay-opacity":"","overlay-gradient":""},"tablet":{"background-color":"","background-image":"","background-repeat":"repeat","background-position":"center center","background-size":"auto","background-attachment":"scroll","background-type":"","background-media":"","overlay-type":"","overlay-color":"","overlay-opacity":"","overlay-gradient":""},"mobile":{"background-color":"","background-image":"","background-repeat":"repeat","background-position":"center center","background-size":"auto","background-attachment":"scroll","background-type":"","background-media":"","overlay-type":"","overlay-color":"","overlay-opacity":"","overlay-gradient":""}},"ast-content-background-meta":{"desktop":{"background-color":"var(--ast-global-color-5)","background-image":"","background-repeat":"repeat","background-position":"center center","background-size":"auto","background-attachment":"scroll","background-type":"","background-media":"","overlay-type":"","overlay-color":"","overlay-opacity":"","overlay-gradient":""},"tablet":{"background-color":"var(--ast-global-color-5)","background-image":"","background-repeat":"repeat","background-position":"center center","background-size":"auto","background-attachment":"scroll","background-type":"","background-media":"","overlay-type":"","overlay-color":"","overlay-opacity":"","overlay-gradient":""},"mobile":{"background-color":"var(--ast-global-color-5)","background-image":"","background-repeat":"repeat","background-position":"center center","background-size":"auto","background-attachment":"scroll","background-type":"","background-media":"","overlay-type":"","overlay-color":"","overlay-opacity":"","overlay-gradient":""}},"footnotes":""},"categories":[8],"tags":[5486,18785,12105],"class_list":["post-58647","post","type-post","status-publish","format-standard","has-post-thumbnail","hentry","category-noticias","tag-elecciones-2024","tag-morena-cdmx","tag-omar-garcia-harfuch"],"_links":{"self":[{"href":"https:\/\/losperiodistas.com.mx\/portal\/wp-json\/wp\/v2\/posts\/58647","targetHints":{"allow":["GET"]}}],"collection":[{"href":"https:\/\/losperiodistas.com.mx\/portal\/wp-json\/wp\/v2\/posts"}],"about":[{"href":"https:\/\/losperiodistas.com.mx\/portal\/wp-json\/wp\/v2\/types\/post"}],"author":[{"embeddable":true,"href":"https:\/\/losperiodistas.com.mx\/portal\/wp-json\/wp\/v2\/users\/1"}],"replies":[{"embeddable":true,"href":"https:\/\/losperiodistas.com.mx\/portal\/wp-json\/wp\/v2\/comments?post=58647"}],"version-history":[{"count":1,"href":"https:\/\/losperiodistas.com.mx\/portal\/wp-json\/wp\/v2\/posts\/58647\/revisions"}],"predecessor-version":[{"id":58649,"href":"https:\/\/losperiodistas.com.mx\/portal\/wp-json\/wp\/v2\/posts\/58647\/revisions\/58649"}],"wp:featuredmedia":[{"embeddable":true,"href":"https:\/\/losperiodistas.com.mx\/portal\/wp-json\/wp\/v2\/media\/58648"}],"wp:attachment":[{"href":"https:\/\/losperiodistas.com.mx\/portal\/wp-json\/wp\/v2\/media?parent=58647"}],"wp:term":[{"taxonomy":"category","embeddable":true,"href":"https:\/\/losperiodistas.com.mx\/portal\/wp-json\/wp\/v2\/categories?post=58647"},{"taxonomy":"post_tag","embeddable":true,"href":"https:\/\/losperiodistas.com.mx\/portal\/wp-json\/wp\/v2\/tags?post=58647"}],"curies":[{"name":"wp","href":"https:\/\/api.w.org\/{rel}","templated":true}]}}