{"id":58508,"date":"2023-09-07T19:10:45","date_gmt":"2023-09-08T00:10:45","guid":{"rendered":"http:\/\/losperiodistas.com.mx\/portal\/?p=58508"},"modified":"2023-09-07T19:10:47","modified_gmt":"2023-09-08T00:10:47","slug":"amlo-va-a-ser-el-jefe-de-campana-de-sheinbaum-dice-xochitl-la-lista","status":"publish","type":"post","link":"https:\/\/losperiodistas.com.mx\/portal\/amlo-va-a-ser-el-jefe-de-campana-de-sheinbaum-dice-xochitl-la-lista\/","title":{"rendered":"AMLO va a ser el \u2018jefe de campa\u00f1a\u2019 de Sheinbaum, dice X\u00f3chitl | La-Lista"},"content":{"rendered":"\n<p class=\"has-light-green-cyan-background-color has-background has-medium-font-size\">X\u00f3chitl G\u00e1lvez le pide a AMLO no ser \u00abmontonero\u00bb; a Sheinbaum la invita a debatir, incluso desde la siguiente semana.<\/p>\n\n\n\n<p><\/p>\n\n\n\n<figure class=\"wp-block-image size-large\"><img fetchpriority=\"high\" decoding=\"async\" width=\"1024\" height=\"679\" src=\"https:\/\/losperiodistas.com.mx\/portal\/wp-content\/uploads\/2023\/09\/xochitl_galvez_ebrard-1024x679.jpeg\" alt=\"\" class=\"wp-image-58509\" srcset=\"https:\/\/losperiodistas.com.mx\/portal\/wp-content\/uploads\/2023\/09\/xochitl_galvez_ebrard-1024x679.jpeg 1024w, https:\/\/losperiodistas.com.mx\/portal\/wp-content\/uploads\/2023\/09\/xochitl_galvez_ebrard-300x199.jpeg 300w, https:\/\/losperiodistas.com.mx\/portal\/wp-content\/uploads\/2023\/09\/xochitl_galvez_ebrard-768x509.jpeg 768w, https:\/\/losperiodistas.com.mx\/portal\/wp-content\/uploads\/2023\/09\/xochitl_galvez_ebrard-1536x1019.jpeg 1536w, https:\/\/losperiodistas.com.mx\/portal\/wp-content\/uploads\/2023\/09\/xochitl_galvez_ebrard.jpeg 1600w\" sizes=\"(max-width: 1024px) 100vw, 1024px\" \/><\/figure>\n\n\n\n<p><\/p>\n\n\n\n<p class=\"has-vivid-red-color has-text-color has-medium-font-size\"><strong>REDACCI\u00d3N LA-LISTA<\/strong><\/p>\n\n\n\n<p>La aspirante presidencial de la oposici\u00f3n, X\u00f3chitl G\u00e1lvez, le pidi\u00f3 al presidente Andr\u00e9s Manuel L\u00f3pez Obrador \u201cno ser montonero\u201d, aunque dijo que ya sabe que se convertir\u00e1 de facto en el jefe de campa\u00f1a de Claudia Sheinbaum.<\/p>\n\n\n\n<p><strong>\u201cTodos juntos contra m\u00ed pues no se vale, \u00bfqu\u00e9 no tiene confianza en su candidata?<\/strong>\u00a0Yo si fuera ella le dir\u00eda\u00a0<em>qu\u00edtese yo puedo solita<\/em>, eso a las mujeres no nos viene bien, o sea \u00e9l no se debe de meter, a menos que no tenga confianza en ella\u201d, coment\u00f3 esta tarde.<\/p>\n\n\n\n<p>\u201c\u00c9l (AMLO) ya dijo claramente que va a apoyar a su candidata Sheinbaum, yo le dir\u00eda que no sea montonero, de uno en uno, o sea si te echan pleito dos juntos, vamos uno por uno,\u00a0<strong>ya s\u00e9 que va a ser su jefe de campa\u00f1a, ya s\u00e9 que va a usar recursos p\u00fablicos como lo hizo los 4 a\u00f1os<\/strong>\u201c, abund\u00f3.<\/p>\n\n\n\n<p>Por otro lado, X\u00f3chitl dijo que esperar\u00e1 a que Marcelo Ebrard tome una decisi\u00f3n el pr\u00f3ximo lunes, la cual \u201cseguramente va ser una decisi\u00f3n inteligente\u201d.<\/p>\n\n\n\n<p>\u201cTodos los que crean que este pa\u00eds no va bien, que quieran que mejore, son bienvenidos a este frente\u201d, dijo cuando se le pregunt\u00f3 si invitar\u00eda a Ebrard a sumarse a la oposici\u00f3n.<\/p>\n\n\n\n<p><strong>\u201cSi a ti tambi\u00e9n te fall\u00f3 AMLO, pues ac\u00e1 estamos, por supuesto que lo voy a buscar<\/strong>\u201c, refiri\u00f3 luego de que Ebrard dijo que no ten\u00eda cabida en Morena.<\/p>\n\n\n\n<p>No te pierdas:<a href=\"https:\/\/la-lista.com\/politica\/2023\/09\/07\/seria-negar-mis-convicciones-ebrard-rechaza-disputar-candidatura-de-oposicion-a-xochitl\">\u2018Ser\u00eda negar mis convicciones\u2019: Ebrard rechaza disputar candidatura de oposici\u00f3n a X\u00f3chitl<\/a><\/p>\n\n\n\n<p>En tanto, X\u00f3chitl confi\u00f3 en que \u201cojal\u00e1 tengamos muchos\u201d debates, incluso \u201csi quiere la semana que entra\u201d.<\/p>\n\n\n\n<p>Por la ma\u00f1ana, el presidente Andr\u00e9s Manuel L\u00f3pez Obrador consider\u00f3 que si Ebrard se va como candidato de Movimiento Ciudadano a quien afectar\u00eda m\u00e1s es a X\u00f3chitl, a quien podr\u00eda mandarla a un tercer lugar.<\/p>\n\n\n\n<p>\u201cVamos a suponer que (Ebrard) diga: \u2018Soy libre y puedo ser candidato independiente\u2019, porque hay esa posibilidad, se juntan firmas y hay esa posibilidad. \u00bfA qui\u00e9n le afectar\u00eda?\u2026 A los que se est\u00e1n frotando las manos,&nbsp;<strong>no se dan cuenta en d\u00f3nde tiene m\u00e1s jale Marcelo: en las clases medias<\/strong>. O sea, en una de esas la candidata de Claudio se queda en tercer lugar, en cuarto\u201d, consider\u00f3 el mandatario.<\/p>\n\n\n\n<p>Al respecto, X\u00f3chitl dijo que \u201cel presidente puede decir misa\u201d.<\/p>\n\n\n\n<p>Fuente: <a href=\"https:\/\/la-lista.com\/cultura\/2023\/09\/07\/pedro-documenta-el-lado-desconocido-de-friedeberg\">https:\/\/la-lista.com\/cultura\/2023\/09\/07\/pedro-documenta-el-lado-desconocido-de-friedeberg<\/a><\/p>\n","protected":false},"excerpt":{"rendered":"<p>X\u00f3chitl G\u00e1lvez le pide a AMLO no ser \u00abmontonero\u00bb; a Sheinbaum la invita a debatir, incluso desde la siguiente semana. [&hellip;]<\/p>\n","protected":false},"author":1,"featured_media":58509,"comment_status":"open","ping_status":"open","sticky":false,"template":"","format":"standard","meta":{"site-sidebar-layout":"default","site-content-layout":"","ast-site-content-layout":"default","site-content-style":"default","site-sidebar-style":"default","ast-global-header-display":"","ast-banner-title-visibility":"","ast-main-header-display":"","ast-hfb-above-header-display":"","ast-hfb-below-header-display":"","ast-hfb-mobile-header-display":"","site-post-title":"","ast-breadcrumbs-content":"","ast-featured-img":"","footer-sml-layout":"","theme-transparent-header-meta":"","adv-header-id-meta":"","stick-header-meta":"","header-above-stick-meta":"","header-main-stick-meta":"","header-below-stick-meta":"","astra-migrate-meta-layouts":"default","ast-page-background-enabled":"default","ast-page-background-meta":{"desktop":{"background-color":"var(--ast-global-color-4)","background-image":"","background-repeat":"repeat","background-position":"center center","background-size":"auto","background-attachment":"scroll","background-type":"","background-media":"","overlay-type":"","overlay-color":"","overlay-opacity":"","overlay-gradient":""},"tablet":{"background-color":"","background-image":"","background-repeat":"repeat","background-position":"center center","background-size":"auto","background-attachment":"scroll","background-type":"","background-media":"","overlay-type":"","overlay-color":"","overlay-opacity":"","overlay-gradient":""},"mobile":{"background-color":"","background-image":"","background-repeat":"repeat","background-position":"center center","background-size":"auto","background-attachment":"scroll","background-type":"","background-media":"","overlay-type":"","overlay-color":"","overlay-opacity":"","overlay-gradient":""}},"ast-content-background-meta":{"desktop":{"background-color":"var(--ast-global-color-5)","background-image":"","background-repeat":"repeat","background-position":"center center","background-size":"auto","background-attachment":"scroll","background-type":"","background-media":"","overlay-type":"","overlay-color":"","overlay-opacity":"","overlay-gradient":""},"tablet":{"background-color":"var(--ast-global-color-5)","background-image":"","background-repeat":"repeat","background-position":"center center","background-size":"auto","background-attachment":"scroll","background-type":"","background-media":"","overlay-type":"","overlay-color":"","overlay-opacity":"","overlay-gradient":""},"mobile":{"background-color":"var(--ast-global-color-5)","background-image":"","background-repeat":"repeat","background-position":"center center","background-size":"auto","background-attachment":"scroll","background-type":"","background-media":"","overlay-type":"","overlay-color":"","overlay-opacity":"","overlay-gradient":""}},"footnotes":""},"categories":[8],"tags":[1505,5486,247],"class_list":["post-58508","post","type-post","status-publish","format-standard","has-post-thumbnail","hentry","category-noticias","tag-claudia-sheinbaum","tag-elecciones-2024","tag-morena"],"_links":{"self":[{"href":"https:\/\/losperiodistas.com.mx\/portal\/wp-json\/wp\/v2\/posts\/58508","targetHints":{"allow":["GET"]}}],"collection":[{"href":"https:\/\/losperiodistas.com.mx\/portal\/wp-json\/wp\/v2\/posts"}],"about":[{"href":"https:\/\/losperiodistas.com.mx\/portal\/wp-json\/wp\/v2\/types\/post"}],"author":[{"embeddable":true,"href":"https:\/\/losperiodistas.com.mx\/portal\/wp-json\/wp\/v2\/users\/1"}],"replies":[{"embeddable":true,"href":"https:\/\/losperiodistas.com.mx\/portal\/wp-json\/wp\/v2\/comments?post=58508"}],"version-history":[{"count":1,"href":"https:\/\/losperiodistas.com.mx\/portal\/wp-json\/wp\/v2\/posts\/58508\/revisions"}],"predecessor-version":[{"id":58510,"href":"https:\/\/losperiodistas.com.mx\/portal\/wp-json\/wp\/v2\/posts\/58508\/revisions\/58510"}],"wp:featuredmedia":[{"embeddable":true,"href":"https:\/\/losperiodistas.com.mx\/portal\/wp-json\/wp\/v2\/media\/58509"}],"wp:attachment":[{"href":"https:\/\/losperiodistas.com.mx\/portal\/wp-json\/wp\/v2\/media?parent=58508"}],"wp:term":[{"taxonomy":"category","embeddable":true,"href":"https:\/\/losperiodistas.com.mx\/portal\/wp-json\/wp\/v2\/categories?post=58508"},{"taxonomy":"post_tag","embeddable":true,"href":"https:\/\/losperiodistas.com.mx\/portal\/wp-json\/wp\/v2\/tags?post=58508"}],"curies":[{"name":"wp","href":"https:\/\/api.w.org\/{rel}","templated":true}]}}