{"id":585,"date":"2020-10-28T05:27:10","date_gmt":"2020-10-28T11:27:10","guid":{"rendered":"http:\/\/losperiodistas.com.mx\/portal\/?p=585"},"modified":"2020-10-28T05:28:19","modified_gmt":"2020-10-28T11:28:19","slug":"el-papa-recuerda-a-los-fieles-en-la-audiencia-general-que-jesus-no-puede-ser-un-dios-lejano","status":"publish","type":"post","link":"https:\/\/losperiodistas.com.mx\/portal\/el-papa-recuerda-a-los-fieles-en-la-audiencia-general-que-jesus-no-puede-ser-un-dios-lejano\/","title":{"rendered":"El Papa recuerda a los fieles en la Audiencia General que \u00abJes\u00fas no puede ser un Dios lejano\u00bb"},"content":{"rendered":"\n<p style=\"font-size:22px\">El Santo Padre, continuando con su ciclo de catequesis sobre la oraci\u00f3n, ha reflexionado sobre el bautismo de Jes\u00fas y el comienzo de su misi\u00f3n publica<\/p>\n\n\n\n<p><\/p>\n\n\n\n<p class=\"has-vivid-cyan-blue-color has-text-color has-medium-font-size\">CADENA COPE<\/p>\n\n\n\n<p><\/p>\n\n\n\n<p>En la Audiencia General del \u00faltimo mi\u00e9rcoles de octubre, continuando con su ciclo de catequesis sobre la oraci\u00f3n,&nbsp;<strong>el Santo Padre reflexion\u00f3 sobre el bautismo de Jes\u00fas y su primera oraci\u00f3n terrenal<\/strong>, recordando que como ese d\u00eda a orillas del Jord\u00e1n, \u201c<strong>cuando nosotros rezamos \u00c9l est\u00e1 rezando con nosotros<\/strong>\u201d.<\/p>\n\n\n\n<p>Continuando con su ciclo de catequesis dedicado a la oraci\u00f3n, tras haber recorrido el Antiguo Testamento,&nbsp;<strong>el Pont\u00edfice se detuvo en la figura de Jes\u00fas y el comienzo de su misi\u00f3n publica<\/strong>, que tuvo lugar con su bautismo en el r\u00edo Jord\u00e1n,&nbsp;<strong>donde el pueblo reunido en esp\u00edritu de oraci\u00f3n recib\u00eda de Juan el bautismo de penitencia.<\/strong><\/p>\n\n\n\n<figure class=\"wp-block-image size-large\"><img fetchpriority=\"high\" decoding=\"async\" width=\"958\" height=\"1024\" src=\"https:\/\/losperiodistas.com.mx\/portal\/wp-content\/uploads\/2020\/10\/Captura-de-Pantalla-2020-10-28-a-las-5.24.55-958x1024.jpg\" alt=\"\" class=\"wp-image-586\" srcset=\"https:\/\/losperiodistas.com.mx\/portal\/wp-content\/uploads\/2020\/10\/Captura-de-Pantalla-2020-10-28-a-las-5.24.55-958x1024.jpg 958w, https:\/\/losperiodistas.com.mx\/portal\/wp-content\/uploads\/2020\/10\/Captura-de-Pantalla-2020-10-28-a-las-5.24.55-281x300.jpg 281w, https:\/\/losperiodistas.com.mx\/portal\/wp-content\/uploads\/2020\/10\/Captura-de-Pantalla-2020-10-28-a-las-5.24.55-768x821.jpg 768w, https:\/\/losperiodistas.com.mx\/portal\/wp-content\/uploads\/2020\/10\/Captura-de-Pantalla-2020-10-28-a-las-5.24.55.jpg 1106w\" sizes=\"(max-width: 958px) 100vw, 958px\" \/><\/figure>\n\n\n\n<p>El primer acto p\u00fablico de Jes\u00fas es por tanto la participaci\u00f3n en una oraci\u00f3n coral del pueblo, una oraci\u00f3n penitencial, donde todos se reconoc\u00edan pecadores Hablando a los fieles, romanos y peregrinos presentes en el Aula Nervi,<strong>&nbsp;el Papa evidenci\u00f3 que aunque Jes\u00fas no lo necesitaba, quiso ser bautizado en obediencia a la voluntad del Padre y en solidaridad con nuestra condici\u00f3n humana<\/strong>. \u00c9l reza con los pecadores del pueblo de Dios.<\/p>\n\n\n\n<p>\u201cJes\u00fas es el justo, no el pecador. Pero \u00c9l quiso bajar hasta nosotros pecadores, y \u00c9l reza con nosotros, y cuando nosotros rezamos \u00c9l est\u00e1 con nosotros rezando. \u00c9l est\u00e1 con nosotros porque est\u00e1 en el cielo rezando por nosotros.&nbsp;<strong>Jes\u00fas siempre reza con su pueblo, siempre reza con nosotros.<\/strong>&nbsp;Nunca rezamos solos, siempre rezamos con Jes\u00fas. No se queda en la orilla opuesta del r\u00edo, &#8211; \u201cyo soy justo ustedes son pecadores\u201d &#8211; para marcar su diversidad y distancia del pueblo desobediente, sino que sumerge sus pies en las mismas aguas de purificaci\u00f3n\u00bb dijo el Santo Padre. \u201cY \u00e9sta \u2013 precis\u00f3 el Papa \u2013 es la grandeza de Dios que envi\u00f3 a su Hijo y&nbsp;<strong>se anul\u00f3 a s\u00ed mismo y apareci\u00f3 como un pecador<\/strong>\u201d.<\/p>\n\n\n\n<figure class=\"wp-block-image\"><img decoding=\"async\" src=\"https:\/\/cope-cdnmed.agilecontent.com\/resources\/jpg\/2\/6\/1603877454562.jpg\" alt=\"ctv-pzs-papa-francisco\" title=\"ctv-pzs-papa-francisco\"\/><\/figure>\n\n\n\n<h2 class=\"wp-block-heading\"><strong>Jes\u00fas no es un Dios lejano<\/strong><\/h2>\n\n\n\n<p>De esta manera, Jes\u00fas se muestra cercano al pueblo pecador y desobediente, le abre camino y lo invita a seguirlo: \u201cJes\u00fas no es un Dios lejano, y no puede serlo.&nbsp;<strong>La encarnaci\u00f3n lo revel\u00f3 de una manera completa y humanamente impensable<\/strong>. As\u00ed, inaugurando su misi\u00f3n, Jes\u00fas se pone a la cabeza de un pueblo de penitentes, como encarg\u00e1ndose de abrir una brecha a trav\u00e9s de la cual todos nosotros,&nbsp;<strong>despu\u00e9s de \u00c9l, debemos tener la valent\u00eda de pasar.<\/strong>\u201d<\/p>\n\n\n\n<p>El Santo Padre subraya que ese d\u00eda, a orillas del r\u00edo Jord\u00e1n,&nbsp;<strong>est\u00e1 \u201ctoda la humanidad, con sus anhelos inexpresados de oraci\u00f3n\u201d<\/strong>, sobre todo el pueblo de los pecadores: \u00abEsos que pensaban que no pod\u00edan ser amados por Dios, los que no osaban ir m\u00e1s all\u00e1 del umbral del templo,&nbsp;<strong>los que no rezaban porque no se sent\u00edan dignos<\/strong>. Jes\u00fas ha venido por todos, tambi\u00e9n por ellos, y empieza precisamente uni\u00e9ndose a ellos\u00bb.<\/p>\n\n\n\n<p>El Papa recuerda adem\u00e1s \u00abel clima de oraci\u00f3n en el que tuvo lugar el bautismo de Jes\u00fas\u201d, citado en el pasaje evang\u00e9lico, que relata que mientras Jes\u00fas rezaba \u201cse abri\u00f3 el cielo\u201d.&nbsp;<strong>Rezando, Jes\u00fas abre la puerta de los cielos, y de esa brecha desciende el Esp\u00edritu Santo<\/strong>. Y desde lo alto una voz proclama la verdad maravillosa: \u00abT\u00fa eres mi Hijo; yo hoy te he engendrado\u00bb.<\/p>\n\n\n\n<p>\u201cEsta sencilla frase encierra un inmenso tesoro:&nbsp;<strong>nos hace intuir algo del misterio de Jes\u00fas y de su coraz\u00f3n siempre dirigido al Padre<\/strong>. En el torbellino de la vida y el mundo que llegar\u00e1 a condenarlo, incluso en las experiencias m\u00e1s duras y tristes que tendr\u00e1 que soportar, incluso cuando experimenta que no tiene d\u00f3nde recostar la cabeza,&nbsp;<strong>tambi\u00e9n cuando el odio y la persecuci\u00f3n se desatan a su alrededor<\/strong>, Jes\u00fas no se queda nunca sin el refugio de un hogar: habita eternamente en el Padre.\u201d<\/p>\n\n\n\n<figure class=\"wp-block-image\"><img decoding=\"async\" src=\"https:\/\/cope-cdnmed.agilecontent.com\/resources\/jpg\/7\/5\/1603877629757.jpg\" alt=\"Papa Francisco\" title=\"Papa Francisco\"\/><\/figure>\n\n\n\n<h2 class=\"wp-block-heading\"><strong>La oraci\u00f3n de todos los bautizados<\/strong><\/h2>\n\n\n\n<p>\u00abEn la oraci\u00f3n de Jes\u00fas \u2013 explica el Papa \u2013&nbsp;<strong>el Esp\u00edritu Santo toma posesi\u00f3n de su persona y la voz del Padre atestigua que \u00c9l es el amado<\/strong>, el Hijo en el que \u00c9l se refleja plenamente. Una oraci\u00f3n que es totalmente personal \u2013 y as\u00ed ser\u00e1 durante toda su vida terrena\u201d y \u201cen Pentecost\u00e9s se convertir\u00e1 por gracia en la oraci\u00f3n de todos los bautizados en Cristo.&nbsp;<strong>\u00c9l mismo obtuvo este don para nosotros, y nos invita a rezar como \u00c9l rezaba<\/strong>\u201d.<\/p>\n\n\n\n<p>\u201cPor esto, si en una noche de oraci\u00f3n nos sentimos d\u00e9biles y vac\u00edos, si nos parece que la vida haya sido completamente in\u00fatil,&nbsp;<strong>en ese instante debemos suplicar que la oraci\u00f3n de Jes\u00fas se haga nuestra.<\/strong>&nbsp;Escucharemos entonces una voz del cielo, m\u00e1s fuerte que la que sube de los bajos fondos de nosotros mismos, susurrando palabras de ternura: \u2018T\u00fa eres el amado de Dios, t\u00fa eres hijo, t\u00fa eres la alegr\u00eda del Padre de los cielos\u2019\u201d<\/p>\n\n\n\n<figure class=\"wp-block-image\"><img decoding=\"async\" src=\"https:\/\/cope-cdnmed.agilecontent.com\/resources\/jpg\/9\/6\/1603877629769.jpg\" alt=\"Aula Nervi\" title=\"Aula Nervi\"\/><\/figure>\n\n\n\n<h2 class=\"wp-block-heading\"><strong>El don de Jes\u00fas: su oraci\u00f3n, di\u00e1logo de amor con el Padre<\/strong><\/h2>\n\n\n\n<p>Finalmente, el Santo Padre recuerda que es \u201cpor cada uno de nosotros que se hace eco la palabra del Padre: aunque fu\u00e9ramos rechazados por todos, pecadores de la peor especie. Jes\u00fas no baj\u00f3 a las aguas del Jord\u00e1n por s\u00ed mismo, sino por todos nosotros. Ha abierto los cielos, como Mois\u00e9s hab\u00eda abierto las aguas del mar Rojo, para que todos pudi\u00e9ramos pasar detr\u00e1s de \u00c9l. Jes\u00fas nos ha regalado su propia oraci\u00f3n, que es su di\u00e1logo de amor con el Padre.&nbsp;<strong>Nos lo dio como semilla de la Trinidad, que quiere echar ra\u00edces en nuestro coraz\u00f3n. \u00a1Acoj\u00e1moslo!\u201d<\/strong><\/p>\n\n\n\n<p>Fuente: https:\/\/www.cope.es\/religion\/hoy-en-dia\/vaticano\/papa-francisco\/noticias\/papa-recuerda-los-fieles-audiencia-general-que-jesus-puede-ser-dios-lejano-20201028_967672<\/p>\n","protected":false},"excerpt":{"rendered":"<p>El Santo Padre, continuando con su ciclo de catequesis sobre la oraci\u00f3n, ha reflexionado sobre el bautismo de Jes\u00fas y [&hellip;]<\/p>\n","protected":false},"author":1,"featured_media":588,"comment_status":"open","ping_status":"open","sticky":false,"template":"","format":"standard","meta":{"site-sidebar-layout":"default","site-content-layout":"","ast-site-content-layout":"default","site-content-style":"default","site-sidebar-style":"default","ast-global-header-display":"","ast-banner-title-visibility":"","ast-main-header-display":"","ast-hfb-above-header-display":"","ast-hfb-below-header-display":"","ast-hfb-mobile-header-display":"","site-post-title":"","ast-breadcrumbs-content":"","ast-featured-img":"","footer-sml-layout":"","theme-transparent-header-meta":"","adv-header-id-meta":"","stick-header-meta":"","header-above-stick-meta":"","header-main-stick-meta":"","header-below-stick-meta":"","astra-migrate-meta-layouts":"default","ast-page-background-enabled":"default","ast-page-background-meta":{"desktop":{"background-color":"var(--ast-global-color-4)","background-image":"","background-repeat":"repeat","background-position":"center center","background-size":"auto","background-attachment":"scroll","background-type":"","background-media":"","overlay-type":"","overlay-color":"","overlay-opacity":"","overlay-gradient":""},"tablet":{"background-color":"","background-image":"","background-repeat":"repeat","background-position":"center center","background-size":"auto","background-attachment":"scroll","background-type":"","background-media":"","overlay-type":"","overlay-color":"","overlay-opacity":"","overlay-gradient":""},"mobile":{"background-color":"","background-image":"","background-repeat":"repeat","background-position":"center center","background-size":"auto","background-attachment":"scroll","background-type":"","background-media":"","overlay-type":"","overlay-color":"","overlay-opacity":"","overlay-gradient":""}},"ast-content-background-meta":{"desktop":{"background-color":"var(--ast-global-color-5)","background-image":"","background-repeat":"repeat","background-position":"center center","background-size":"auto","background-attachment":"scroll","background-type":"","background-media":"","overlay-type":"","overlay-color":"","overlay-opacity":"","overlay-gradient":""},"tablet":{"background-color":"var(--ast-global-color-5)","background-image":"","background-repeat":"repeat","background-position":"center center","background-size":"auto","background-attachment":"scroll","background-type":"","background-media":"","overlay-type":"","overlay-color":"","overlay-opacity":"","overlay-gradient":""},"mobile":{"background-color":"var(--ast-global-color-5)","background-image":"","background-repeat":"repeat","background-position":"center center","background-size":"auto","background-attachment":"scroll","background-type":"","background-media":"","overlay-type":"","overlay-color":"","overlay-opacity":"","overlay-gradient":""}},"footnotes":""},"categories":[8],"tags":[],"class_list":["post-585","post","type-post","status-publish","format-standard","has-post-thumbnail","hentry","category-noticias"],"_links":{"self":[{"href":"https:\/\/losperiodistas.com.mx\/portal\/wp-json\/wp\/v2\/posts\/585","targetHints":{"allow":["GET"]}}],"collection":[{"href":"https:\/\/losperiodistas.com.mx\/portal\/wp-json\/wp\/v2\/posts"}],"about":[{"href":"https:\/\/losperiodistas.com.mx\/portal\/wp-json\/wp\/v2\/types\/post"}],"author":[{"embeddable":true,"href":"https:\/\/losperiodistas.com.mx\/portal\/wp-json\/wp\/v2\/users\/1"}],"replies":[{"embeddable":true,"href":"https:\/\/losperiodistas.com.mx\/portal\/wp-json\/wp\/v2\/comments?post=585"}],"version-history":[{"count":2,"href":"https:\/\/losperiodistas.com.mx\/portal\/wp-json\/wp\/v2\/posts\/585\/revisions"}],"predecessor-version":[{"id":589,"href":"https:\/\/losperiodistas.com.mx\/portal\/wp-json\/wp\/v2\/posts\/585\/revisions\/589"}],"wp:featuredmedia":[{"embeddable":true,"href":"https:\/\/losperiodistas.com.mx\/portal\/wp-json\/wp\/v2\/media\/588"}],"wp:attachment":[{"href":"https:\/\/losperiodistas.com.mx\/portal\/wp-json\/wp\/v2\/media?parent=585"}],"wp:term":[{"taxonomy":"category","embeddable":true,"href":"https:\/\/losperiodistas.com.mx\/portal\/wp-json\/wp\/v2\/categories?post=585"},{"taxonomy":"post_tag","embeddable":true,"href":"https:\/\/losperiodistas.com.mx\/portal\/wp-json\/wp\/v2\/tags?post=585"}],"curies":[{"name":"wp","href":"https:\/\/api.w.org\/{rel}","templated":true}]}}