{"id":58466,"date":"2023-09-07T08:08:00","date_gmt":"2023-09-07T13:08:00","guid":{"rendered":"http:\/\/losperiodistas.com.mx\/portal\/?p=58466"},"modified":"2023-09-07T08:08:02","modified_gmt":"2023-09-07T13:08:02","slug":"blanca-lilia-ibarra-borrar-al-inai-seria-un-retroceso-para-la-transparencia-e-consulta","status":"publish","type":"post","link":"https:\/\/losperiodistas.com.mx\/portal\/blanca-lilia-ibarra-borrar-al-inai-seria-un-retroceso-para-la-transparencia-e-consulta\/","title":{"rendered":"Blanca Lilia Ibarra: borrar al INAI ser\u00eda un retroceso para la transparencia | E-Consulta"},"content":{"rendered":"\n<p class=\"has-medium-font-size\">Si la propuesta presentada por el senador Alejandro Armenta Mier es aprobada en la pr\u00f3xima legislatura pondr\u00eda en riesgo el acceso a la informaci\u00f3n y el manejo de los datos personales<\/p>\n\n\n\n<div class=\"wp-block-image is-style-default\"><figure class=\"aligncenter size-full\"><img fetchpriority=\"high\" decoding=\"async\" width=\"640\" height=\"426\" src=\"https:\/\/losperiodistas.com.mx\/portal\/wp-content\/uploads\/2023\/09\/blanca-lilia-ibarra-borrar-al-inai-seria-un-retroceso-para-la-transparencia.jpg\" alt=\"\" class=\"wp-image-58467\" srcset=\"https:\/\/losperiodistas.com.mx\/portal\/wp-content\/uploads\/2023\/09\/blanca-lilia-ibarra-borrar-al-inai-seria-un-retroceso-para-la-transparencia.jpg 640w, https:\/\/losperiodistas.com.mx\/portal\/wp-content\/uploads\/2023\/09\/blanca-lilia-ibarra-borrar-al-inai-seria-un-retroceso-para-la-transparencia-300x200.jpg 300w\" sizes=\"(max-width: 640px) 100vw, 640px\" \/><figcaption>Foto \/ Francisco Herrera<br><a href=\"https:\/\/www.facebook.com\/sharer\/sharer.php?u=https:\/\/www.e-consulta.com\/nota\/2023-09-06\/politica\/blanca-lilia-ibarra-borrar-al-inai-seria-un-retroceso-para-la-transparencia\" target=\"_blank\" rel=\"noreferrer noopener\"><\/a><a href=\"https:\/\/twitter.com\/intent\/tweet?text=Blanca%20Lilia%20Ibarra%3A%20borrar%20al%20INAI%20ser%C3%ADa%20un%20retroceso%20para%20la%20transparencia&amp;url=https:\/\/www.e-consulta.com\/nota\/2023-09-06\/politica\/blanca-lilia-ibarra-borrar-al-inai-seria-un-retroceso-para-la-transparencia&amp;via=e_consulta\" target=\"_blank\" rel=\"noreferrer noopener\"><\/a><a href=\"whatsapp:\/\/send?text=Blanca%20Lilia%20Ibarra%3A%20borrar%20al%20INAI%20ser%C3%ADa%20un%20retroceso%20para%20la%20transparencia%20-%20[Leer]%20https:\/\/www.e-consulta.com\/nota\/2023-09-06\/politica\/blanca-lilia-ibarra-borrar-al-inai-seria-un-retroceso-para-la-transparencia\"><\/a><a href=\"\/\/www.e-consulta.com\/nota\/2023-09-06\/politica\/blanca-lilia-ibarra-borrar-al-inai-seria-un-retroceso-para-la-transparencia\" target=\"_blank\" rel=\"noreferrer noopener\"><\/a><\/figcaption><\/figure><\/div>\n\n\n\n<p class=\"has-vivid-red-color has-text-color has-medium-font-size\"><strong>CARLOS MORENO \/ E-CONSULTA<\/strong><\/p>\n\n\n\n<p>La supresi\u00f3n o eliminaci\u00f3n del Instituto Nacional de Transparencia, Acceso a la Informaci\u00f3n y Protecci\u00f3n de Datos Personales (<strong><a href=\"https:\/\/www.e-consulta.com\/nota\/2023-08-30\/nacion\/inai-reanuda-sesion-de-pleno-tras-fallo-su-favor-de-suprema-corte\" target=\"_blank\" rel=\"noreferrer noopener\">INAI<\/a><\/strong>) ser\u00eda un retroceso, un regreso al autoritarismo de gobernantes que quieren&nbsp;<strong>seguir escondiendo lo que por ley deben informar<\/strong>, dijo la presidenta del organismo,&nbsp;<strong>Blanca Lilia Ibarra Cadena<\/strong>.<\/p>\n\n\n\n<p>Al participar en el programa&nbsp;<strong>Cuchara Cuchillo Tenedor<\/strong>, la comisionada presidenta del&nbsp;<a href=\"https:\/\/www.e-consulta.com\/nota\/2023-08-23\/nacion\/suprema-corte-revive-al-inai-autoriza-que-sesione-con-4-comisionados\" target=\"_blank\" rel=\"noreferrer noopener\">INAI<\/a>&nbsp;asever\u00f3 que si desaparece el instituto o si en dado caso es incorporado a la&nbsp;<strong>Secretar\u00eda de la Funci\u00f3n P\u00fablica (SFP)<\/strong>, como lo propuso el senador&nbsp;<strong><a href=\"https:\/\/www.e-consulta.com\/nota\/2023-09-03\/politica\/alejandro-armenta-presenta-su-diagnostico-por-amor-puebla-en-chignautla\" target=\"_blank\" rel=\"noreferrer noopener\">Alejandro Armenta<\/a>&nbsp;Mier<\/strong>, ser\u00eda un grave error que podr\u00eda afectar a la ciudadan\u00eda al no contar con un organismo aut\u00f3nomo t\u00e9cnico e independiente que vigile con imparcialidad a los sujetos obligados.<\/p>\n\n\n\n<figure class=\"wp-block-image is-style-default\"><img decoding=\"async\" src=\"https:\/\/www.e-consulta.com\/_next\/image?url=https%3A%2F%2Ffotos.e-consulta.com%2Fsite_uploads%2F2023%2FSeptiembre%2F1-blanca-lilia-ibarra-borrar-al-inai-seria-un-retroceso-para-la-transparencia.jpeg&amp;w=3840&amp;q=75\" alt=\"Blanca Lilia Ibarra: borrar al INAI ser\u00eda un retroceso para la transparencia\"\/><\/figure>\n\n\n\n<p>Blanca Lilia Ibarra consider\u00f3 que&nbsp;<strong>la SFP no podr\u00eda ser la encargada de vigilar<\/strong>&nbsp;y recabar la informaci\u00f3n que solicita la sociedad para supervisar a los entes que reciben dinero p\u00fablico porque no es un \u00f3rgano aut\u00f3nomo, y agreg\u00f3 que pr\u00e1cticamente ser\u00eda \u201c<strong>el poder vigilando al poder<\/strong>\u201d.<\/p>\n\n\n\n<p>Te puede interesar:<\/p>\n\n\n\n<p><a href=\"https:\/\/www.e-consulta.com\/nota\/2023-07-16\/nacion\/inai-tiene-en-pausa-7-mil-impugnaciones-sin-resolver\">INAI tiene en pausa 7 mil impugnaciones sin resolver<\/a><\/p>\n\n\n\n<p>Sin embargo, consider\u00f3 que la propuesta del senador Armenta Mier para eliminar al \u00f3rgano garante corresponde a un tema electoral con el que busca&nbsp;<strong>obtener el favoritismo del presidente Andr\u00e9s Manuel L\u00f3pez Obrador<\/strong>&nbsp;para alentarlo a promover sus aspiraciones por un cargo de elecci\u00f3n popular; agreg\u00f3 que una instituci\u00f3n como la SFP no servir\u00eda para supervisar el acceso a la informaci\u00f3n p\u00fablica, los datos personales, y el combate a la corrupci\u00f3n, ya que no es un \u00f3rgano independiente.<\/p>\n\n\n\n<figure class=\"wp-block-image is-style-default\"><img decoding=\"async\" src=\"https:\/\/www.e-consulta.com\/_next\/image?url=https%3A%2F%2Ffotos.e-consulta.com%2Fsite_uploads%2F2023%2FSeptiembre%2F2-blanca-lilia-ibarra-borrar-al-inai-seria-un-retroceso-para-la-transparencia.jpeg&amp;w=3840&amp;q=75\" alt=\"Blanca Lilia Ibarra: borrar al INAI ser\u00eda un retroceso para la transparencia\"\/><\/figure>\n\n\n\n<p>En entrevista en el programa&nbsp;<strong>Cuchara Cuchillo Tenedor<\/strong>, con los periodistas&nbsp;<strong>Rodolfo Ruiz (RR)<\/strong>, Jes\u00fas Manuel Hern\u00e1ndez (JMH) y Xavier Guti\u00e9rrez (XG), la comisionada presidenta Blanca Lilia Ibarra Cadena (BLIC) reconoci\u00f3 que \u201cseguir escondiendo la informaci\u00f3n es malo para todos los que creen que este pa\u00eds sigue siendo el mismo de hace 40 o 50 a\u00f1os\u201d. Adem\u00e1s, habl\u00f3 sobre cu\u00e1les son las funciones del m\u00e1ximo \u00f3rgano garante y sobre las aspiraciones que tiene para ocupar un cargo por elecci\u00f3n popular o de la funci\u00f3n p\u00fablica.<\/p>\n\n\n\n<p><strong>RR<\/strong>: \u00bfEn caso de que Morena tuviera mayor\u00eda calificada en la pr\u00f3xima legislatura consideras viable que la&nbsp;<strong>propuesta de Alejandro Armenta<\/strong>&nbsp;se pueda concretar?<\/p>\n\n\n\n<p>Te puede interesar:<\/p>\n\n\n\n<p><a href=\"https:\/\/www.e-consulta.com\/nota\/2023-06-18\/politica\/inai-defiende-su-autonomia-acceso-la-informacion-es-un-derecho-humano\">INAI defiende su autonom\u00eda; acceso a la informaci\u00f3n es un derecho humano<\/a><\/p>\n\n\n\n<p><strong>BLIC<\/strong>: No, no lo veo viable porque el&nbsp;<a href=\"https:\/\/www.e-consulta.com\/nota\/2023-08-23\/nacion\/pausa-en-el-inai-vulnera-derecho-de-ciudadania-la-transparencia-ibarra\" target=\"_blank\" rel=\"noreferrer noopener\">INAI<\/a>&nbsp;no s\u00f3lo vigila el cumplimiento de la ley en el poder ejecutivo, legislativo y judicial, tambi\u00e9n vigila a los \u00f3rganos aut\u00f3nomos y cuidado los datos personales de la ciudadan\u00eda; eso no lo puede hacer la SFP ni la Auditor\u00eda Superior de la Federaci\u00f3n.&nbsp;<strong>El INAI es un \u00f3rgano t\u00e9cnico imparcial e independiente<\/strong>; esa es la fortaleza que tiene.<\/p>\n\n\n\n<p>La lucha contra la corrupci\u00f3n es uno de los estandartes del gobierno de L\u00f3pez Obrador que no se podr\u00eda llevar a cabo sin la ayuda del \u00f3rgano garante al que \u201cno reconoce\u201d p\u00fablicamente el mandatario, argument\u00f3 la comisionada presidenta del INAI y agreg\u00f3 que en el pasado imperaba la&nbsp;<strong>cultura del \u201csecretismo\u201d<\/strong>&nbsp;y por ello no se revelaban casos como la&nbsp;<strong>Casa Blanca de Enrique Pe\u00f1a Nieto<\/strong>&nbsp;o Toallagate de Vicente Fox.<\/p>\n\n\n\n<figure class=\"wp-block-image is-style-default\"><img decoding=\"async\" src=\"https:\/\/www.e-consulta.com\/_next\/image?url=https%3A%2F%2Ffotos.e-consulta.com%2Fsite_uploads%2F2023%2FSeptiembre%2F3-blanca-lilia-ibarra-borrar-al-inai-seria-un-retroceso-para-la-transparencia.jpeg&amp;w=3840&amp;q=75\" alt=\"Blanca Lilia Ibarra: borrar al INAI ser\u00eda un retroceso para la transparencia\"\/><\/figure>\n\n\n\n<p>El INAI no va a desaparecer ya que por cuestiones legales se necesita que exista transparencia en M\u00e9xico para que pueda formar parte del&nbsp;<strong>Banco Mundial<\/strong>, pues es un requisito internacional, consider\u00f3 la comisionada presidenta y argument\u00f3 que dicha instancia descentraliza trabaja en conjunto con el Sistema Nacional Anticorrupci\u00f3n y el Instituto Nacional de Transparencia para defender el derecho a la informaci\u00f3n p\u00fablica.<\/p>\n\n\n\n<p>Sin el&nbsp;<a href=\"https:\/\/www.e-consulta.com\/nota\/2023-07-17\/politica\/inai-sin-fecha-de-reactivacion-alejandro-armenta\" target=\"_blank\" rel=\"noreferrer noopener\">INAI<\/a>, encargado de defender el derecho a la informaci\u00f3n, las dependencias p\u00fablicas o los entes que reciben dinero p\u00fablico como los sindicatos o los partidos pol\u00edticos&nbsp;<strong>no brindar\u00edan informaci\u00f3n a la sociedad&nbsp;<\/strong>sobre cu\u00e1les son las acciones que han implementado con dichos recursos, argument\u00f3 la comisionada presidenta Blanca Lilia Ibarra y a\u00f1adi\u00f3 el \u00f3rgano garante vigila que los datos est\u00e9n abiertos a la revisi\u00f3n de la&nbsp;<strong>sociedad para que denuncien cualquier acto de corrupci\u00f3n<\/strong>.<\/p>\n\n\n\n<p>Agreg\u00f3 que en lo que va del sexenio de la 4T&nbsp;<strong>existe una resistencia general a dar informaci\u00f3n abierta<\/strong>&nbsp;a la ciudadan\u00eda y consider\u00f3 que el gobierno deber\u00eda tomar con agrado que los datos sean p\u00fablicos para identificar qui\u00e9nes son las personas de su equipo que no se comportan con \u00e9tica en sus funciones y de esta manera se podr\u00eda evitar lo que sucedi\u00f3 con&nbsp;<strong>Jos\u00e9 Luis Garc\u00eda Parra<\/strong>, excoordinador de asesores del senador Alejandro Armenta Mier.<\/p>\n\n\n\n<p><strong>XG<\/strong>: Est\u00e1s dentro de un \u00f3rgano que busca pedir informaci\u00f3n a los entes p\u00fablicos \u00bf<strong>Hay resistencia por entregar informaci\u00f3n<\/strong>&nbsp;y que esta se vuelva p\u00fablica?<\/p>\n\n\n\n<p><strong>BLIC<\/strong>: S\u00ed. Hablo en general. Hay una resistencia por entregar la informaci\u00f3n. Quienes ejercen recursos p\u00fablicos se convierten en&nbsp;<strong>sujetos obligados de la ley<\/strong>&nbsp;y por lo tanto tienen resistencia a entregar y abrir la informaci\u00f3n. La informaci\u00f3n sirve para que los gobernantes identifiquen qui\u00e9nes son las personas en su equipo que hacen bien su labor.<\/p>\n\n\n\n<p>Sin embargo, a\u00f1adi\u00f3 que es necesario hacer m\u00e1s solicitudes de informaci\u00f3n para que los entes p\u00fablicos den a conocer&nbsp;<strong>c\u00f3mo y d\u00f3nde se encuentran sus datos personales<\/strong>&nbsp;y el dinero que reciben de las arcas p\u00fablicas para construir obras o dar bienes y servicios a los gobiernos.<\/p>\n\n\n\n<p><strong>RR<\/strong>: Hoy hay menos transparencia porque&nbsp;<strong>hay mil trabas para acceder a la informaci\u00f3n p\u00fablica<\/strong>. \u00bfT\u00fa qu\u00e9 opinas?<\/p>\n\n\n\n<p><strong>BLIC<\/strong>: Ahora hay un mayor incremento en las solicitudes de informaci\u00f3n y en los recursos de revisi\u00f3n de las mismas porque la ciudadan\u00eda est\u00e1 m\u00e1s interesada en&nbsp;<strong>saber c\u00f3mo se manejan los recursos<\/strong>&nbsp;p\u00fablicos y sus datos personales.<\/p>\n\n\n\n<p><strong>XG<\/strong>: \u00bfCu\u00e1les son las dependencias que reciben m\u00e1s solicitudes de informaci\u00f3n?<\/p>\n\n\n\n<p><strong>BLIC<\/strong>: En primer lugar, el IMSS, y en segundo la Procuradur\u00eda Federal del Consumidor (<strong>PROFECO<\/strong>). A las personas les interesa saber d\u00f3nde est\u00e1n sus expedientes cl\u00ednicos y las medicinas que han sido certificadas para su consumo.<\/p>\n\n\n\n<h2 class=\"wp-block-heading\"><strong>Blanca Lilia Ibarra y sus aspiraciones pol\u00edticas<\/strong><\/h2>\n\n\n\n<p>A pregunta expresa, la comisionada presidenta del INAI&nbsp;<strong>descart\u00f3 la idea de competir por cargo de elecci\u00f3n popular<\/strong>; sin embargo, asever\u00f3 que s\u00f3lo se ve laborando en alg\u00fan puesto de la funci\u00f3n p\u00fablica como el que posee actualmente o donde ella considere que pueda servir a la ciudadan\u00eda con su experiencia.<\/p>\n\n\n\n<p>En caso de que no pueda continuar laborando en la funci\u00f3n p\u00fablica no descarta incorporarse al \u00e1mbito privado, ya que lo primordial para la comisionada presidenta es&nbsp;<strong>seguir en contacto con la ciudadan\u00eda desde cualquier \u00e1mbito<\/strong>, se\u00f1al\u00f3.<\/p>\n\n\n\n<p><strong>JM<\/strong>: \u00bfTe ves en alg\u00fan puesto de elecci\u00f3n popular? He escuchado que algunos columnistas te proponen como una&nbsp;<strong>carta viable para contender por alg\u00fan puesto<\/strong>.<\/p>\n\n\n\n<p><strong>BLIC<\/strong>: No es la primera vez que me mencionan. La verdad es que yo&nbsp;<strong>no me veo compitiendo por alg\u00fan puesto de elecci\u00f3n popular.<\/strong>&nbsp;S\u00ed podr\u00eda continuar dentro de la funci\u00f3n p\u00fablica o en alg\u00fan sector privado, ya que lo primordial para m\u00ed es estar en contacto con la ciudadan\u00eda y apoyar las causas que surgen.<\/p>\n\n\n\n<h2 class=\"wp-block-heading\"><strong>\u00bfPara qu\u00e9 sirve el INAI?<\/strong><\/h2>\n\n\n\n<p>El&nbsp;<strong>INAI<\/strong>&nbsp;es el \u00f3rgano independiente que&nbsp;<strong>se encarga de supervisar a toda dependencia<\/strong>&nbsp;que recibe dinero p\u00fablico y los datos personales que manejan de la ciudadan\u00eda, asever\u00f3 Blanca Lilia Ibarra y se\u00f1al\u00f3 que es importante que la sociedad sepa cu\u00e1les son los datos que todos pueden pedir.<\/p>\n\n\n\n<p>Datos como expedientes cl\u00ednicos, informaci\u00f3n sobre becas, el proceso de las jubilaciones o de c\u00f3mo obtener alg\u00fan permiso para poner una empresa son algunos de los datos que puede pedir la ciudadan\u00eda al \u00f3rgano garante, de acuerdo con lo mencionado por Blanca Lilia Ibarra y a\u00f1adi\u00f3 que tambi\u00e9n&nbsp;<strong>brinda<\/strong>&nbsp;<strong>informaci\u00f3n sobre los programas gubernamentales<\/strong>&nbsp;que han sido creados con recursos p\u00fablicos y el beneficio que le ha dado al pueblo mexicano.<\/p>\n\n\n\n<p><strong>XG<\/strong>: \u00bf<strong>Para qu\u00e9 le sirve el INAI al pueblo mexicano<\/strong>? Creo que no todos saben qu\u00e9 es lo que se puede pedir.<\/p>\n\n\n\n<p><strong>BLIC<\/strong>: Te pondr\u00e9 un ejemplo. Si quieres saber informaci\u00f3n sobre tus datos personales, puedes pedirlos. Puedes pedir tus expedientes m\u00e9dicos,\u00a0<strong>informaci\u00f3n sobre becas<\/strong>, sobre las convocatorias de las pensiones de los jubilados o incluso cu\u00e1les son los medicamentos que han sido supervisados por PROFECO. Incluso si piensas poner un negocio puedes preguntarle cu\u00e1les son los requisitos para obtener un permiso. (JT)<\/p>\n\n\n\n<p>Fuente: <a href=\"https:\/\/www.e-consulta.com\/nota\/2023-09-06\/politica\/blanca-lilia-ibarra-borrar-al-inai-seria-un-retroceso-para-la-transparencia\">https:\/\/www.e-consulta.com\/nota\/2023-09-06\/politica\/blanca-lilia-ibarra-borrar-al-inai-seria-un-retroceso-para-la-transparencia<\/a><\/p>\n","protected":false},"excerpt":{"rendered":"<p>Si la propuesta presentada por el senador Alejandro Armenta Mier es aprobada en la pr\u00f3xima legislatura pondr\u00eda en riesgo el [&hellip;]<\/p>\n","protected":false},"author":1,"featured_media":58467,"comment_status":"open","ping_status":"open","sticky":false,"template":"","format":"standard","meta":{"site-sidebar-layout":"default","site-content-layout":"","ast-site-content-layout":"default","site-content-style":"default","site-sidebar-style":"default","ast-global-header-display":"","ast-banner-title-visibility":"","ast-main-header-display":"","ast-hfb-above-header-display":"","ast-hfb-below-header-display":"","ast-hfb-mobile-header-display":"","site-post-title":"","ast-breadcrumbs-content":"","ast-featured-img":"","footer-sml-layout":"","theme-transparent-header-meta":"","adv-header-id-meta":"","stick-header-meta":"","header-above-stick-meta":"","header-main-stick-meta":"","header-below-stick-meta":"","astra-migrate-meta-layouts":"default","ast-page-background-enabled":"default","ast-page-background-meta":{"desktop":{"background-color":"var(--ast-global-color-4)","background-image":"","background-repeat":"repeat","background-position":"center center","background-size":"auto","background-attachment":"scroll","background-type":"","background-media":"","overlay-type":"","overlay-color":"","overlay-opacity":"","overlay-gradient":""},"tablet":{"background-color":"","background-image":"","background-repeat":"repeat","background-position":"center center","background-size":"auto","background-attachment":"scroll","background-type":"","background-media":"","overlay-type":"","overlay-color":"","overlay-opacity":"","overlay-gradient":""},"mobile":{"background-color":"","background-image":"","background-repeat":"repeat","background-position":"center center","background-size":"auto","background-attachment":"scroll","background-type":"","background-media":"","overlay-type":"","overlay-color":"","overlay-opacity":"","overlay-gradient":""}},"ast-content-background-meta":{"desktop":{"background-color":"var(--ast-global-color-5)","background-image":"","background-repeat":"repeat","background-position":"center center","background-size":"auto","background-attachment":"scroll","background-type":"","background-media":"","overlay-type":"","overlay-color":"","overlay-opacity":"","overlay-gradient":""},"tablet":{"background-color":"var(--ast-global-color-5)","background-image":"","background-repeat":"repeat","background-position":"center center","background-size":"auto","background-attachment":"scroll","background-type":"","background-media":"","overlay-type":"","overlay-color":"","overlay-opacity":"","overlay-gradient":""},"mobile":{"background-color":"var(--ast-global-color-5)","background-image":"","background-repeat":"repeat","background-position":"center center","background-size":"auto","background-attachment":"scroll","background-type":"","background-media":"","overlay-type":"","overlay-color":"","overlay-opacity":"","overlay-gradient":""}},"footnotes":""},"categories":[8],"tags":[11589,4149],"class_list":["post-58466","post","type-post","status-publish","format-standard","has-post-thumbnail","hentry","category-noticias","tag-blanca-lilia-ibarra","tag-inai"],"_links":{"self":[{"href":"https:\/\/losperiodistas.com.mx\/portal\/wp-json\/wp\/v2\/posts\/58466","targetHints":{"allow":["GET"]}}],"collection":[{"href":"https:\/\/losperiodistas.com.mx\/portal\/wp-json\/wp\/v2\/posts"}],"about":[{"href":"https:\/\/losperiodistas.com.mx\/portal\/wp-json\/wp\/v2\/types\/post"}],"author":[{"embeddable":true,"href":"https:\/\/losperiodistas.com.mx\/portal\/wp-json\/wp\/v2\/users\/1"}],"replies":[{"embeddable":true,"href":"https:\/\/losperiodistas.com.mx\/portal\/wp-json\/wp\/v2\/comments?post=58466"}],"version-history":[{"count":1,"href":"https:\/\/losperiodistas.com.mx\/portal\/wp-json\/wp\/v2\/posts\/58466\/revisions"}],"predecessor-version":[{"id":58468,"href":"https:\/\/losperiodistas.com.mx\/portal\/wp-json\/wp\/v2\/posts\/58466\/revisions\/58468"}],"wp:featuredmedia":[{"embeddable":true,"href":"https:\/\/losperiodistas.com.mx\/portal\/wp-json\/wp\/v2\/media\/58467"}],"wp:attachment":[{"href":"https:\/\/losperiodistas.com.mx\/portal\/wp-json\/wp\/v2\/media?parent=58466"}],"wp:term":[{"taxonomy":"category","embeddable":true,"href":"https:\/\/losperiodistas.com.mx\/portal\/wp-json\/wp\/v2\/categories?post=58466"},{"taxonomy":"post_tag","embeddable":true,"href":"https:\/\/losperiodistas.com.mx\/portal\/wp-json\/wp\/v2\/tags?post=58466"}],"curies":[{"name":"wp","href":"https:\/\/api.w.org\/{rel}","templated":true}]}}