{"id":58456,"date":"2023-09-06T22:35:38","date_gmt":"2023-09-07T03:35:38","guid":{"rendered":"http:\/\/losperiodistas.com.mx\/portal\/?p=58456"},"modified":"2023-09-06T22:35:43","modified_gmt":"2023-09-07T03:35:43","slug":"claudia-vs-xochitl-dos-mujeres-se-enfrentan-en-la-carrera-electoral-de-2024-en-mexico-el-economista","status":"publish","type":"post","link":"https:\/\/losperiodistas.com.mx\/portal\/claudia-vs-xochitl-dos-mujeres-se-enfrentan-en-la-carrera-electoral-de-2024-en-mexico-el-economista\/","title":{"rendered":"Claudia vs. X\u00f3chitl: dos mujeres se enfrentan en la carrera electoral de 2024 en M\u00e9xico | El Economista"},"content":{"rendered":"\n<p class=\"has-medium-font-size\">Segunda econom\u00eda latinoamericana y socio principal de Estados Unidos, M\u00e9xico podr\u00eda ser gobernado el pr\u00f3ximo a\u00f1o por una mujer por primera vez desde su independencia en 1821.<\/p>\n\n\n\n<p><\/p>\n\n\n\n<figure class=\"wp-block-image size-large\"><img fetchpriority=\"high\" decoding=\"async\" width=\"1024\" height=\"577\" src=\"https:\/\/losperiodistas.com.mx\/portal\/wp-content\/uploads\/2023\/09\/Captura-de-pantalla-2023-09-06-a-las-21.24.40-1024x577.png\" alt=\"\" class=\"wp-image-58457\" srcset=\"https:\/\/losperiodistas.com.mx\/portal\/wp-content\/uploads\/2023\/09\/Captura-de-pantalla-2023-09-06-a-las-21.24.40-1024x577.png 1024w, https:\/\/losperiodistas.com.mx\/portal\/wp-content\/uploads\/2023\/09\/Captura-de-pantalla-2023-09-06-a-las-21.24.40-300x169.png 300w, https:\/\/losperiodistas.com.mx\/portal\/wp-content\/uploads\/2023\/09\/Captura-de-pantalla-2023-09-06-a-las-21.24.40-768x432.png 768w, https:\/\/losperiodistas.com.mx\/portal\/wp-content\/uploads\/2023\/09\/Captura-de-pantalla-2023-09-06-a-las-21.24.40.png 1524w\" sizes=\"(max-width: 1024px) 100vw, 1024px\" \/><figcaption>Ilustraci\u00f3n EE: Nayelly Tenorio<\/figcaption><\/figure>\n\n\n\n<p><\/p>\n\n\n\n<p class=\"has-vivid-red-color has-text-color has-medium-font-size\"><strong>AFP \/ EL ECONOMISTA<\/strong><\/p>\n\n\n\n<p>Las&nbsp;<strong>elecciones presidenciales de 2024 en M\u00e9xico&nbsp;<\/strong>se definir\u00e1n por primera vez entre dos mujeres, la exjefa de Gobierno de la capital del pa\u00eds,&nbsp;<a href=\"https:\/\/www.eleconomista.com.mx\/politica\/Quien-es-Claudia-Sheinbaum-la-nueva-coordinadora-de-la-defensa-de-la-4T-20230906-0097.html\" target=\"_blank\" rel=\"noreferrer noopener\">Claudia Sheinbaum<\/a>, y la candidata opositora&nbsp;<strong>X\u00f3chitl G\u00e1lvez<\/strong>.<\/p>\n\n\n\n<p>Al final de la tarde de este mi\u00e9rcoles, Sheinbaum Pardo, una cient\u00edfica de 61 a\u00f1os, fue\u00a0<a href=\"https:\/\/www.eleconomista.com.mx\/politica\/Claudia-Sheinbaum-gana-la-encuesta-de-Morena-20230906-0095.html\" target=\"_blank\" rel=\"noreferrer noopener\">proclamada vencedora de la encuesta abierta a la poblaci\u00f3n<\/a>\u00a0organizada por el oficialista Movimiento de Regeneraci\u00f3n Nacional (Morena) para decidir a su candidato.<\/p>\n\n\n\n<figure class=\"wp-block-embed is-type-rich is-provider-twitter wp-block-embed-twitter\"><div class=\"wp-block-embed__wrapper\">\n<blockquote class=\"twitter-tweet\" data-width=\"500\" data-dnt=\"true\"><p lang=\"es\" dir=\"ltr\">La Dra. <a href=\"https:\/\/twitter.com\/Claudiashein?ref_src=twsrc%5Etfw\">@Claudiashein<\/a> es la Coordinadora Nacional de la Defensa de la Transformaci\u00f3n. <br>Estamos seguras y seguros de que la transformaci\u00f3n se profundizar\u00e1 con ella de la mano del pueblo. <br><br>\u00a1Vamos por el 2024! <a href=\"https:\/\/t.co\/yt8MWVQVSC\">pic.twitter.com\/yt8MWVQVSC<\/a><\/p>&mdash; Morena (@PartidoMorenaMx) <a href=\"https:\/\/twitter.com\/PartidoMorenaMx\/status\/1699608538052501666?ref_src=twsrc%5Etfw\">September 7, 2023<\/a><\/blockquote><script async src=\"https:\/\/platform.twitter.com\/widgets.js\" charset=\"utf-8\"><\/script>\n<\/div><\/figure>\n\n\n\n<p>F\u00edsica de profesi\u00f3n, Sheinbaum aventaj\u00f3 al excanciller Marcelo Ebrard en las encuestas realizadas como parte del proceso interno de Morena.<\/p>\n\n\n\n<p>Con las tendencias y a confirmadas, Sheinbaum se enfrentar\u00e1 en junio de 2024 a la senadora G\u00e1lvez, de 60 a\u00f1os, investida oficialmente el domingo pasado tras haber dominado las elecciones internas del\u00a0<a href=\"https:\/\/www.eleconomista.com.mx\/politica\/Xochitl-Galvez-pedira-licencia-hasta-noviembre-20230906-0004.html\" target=\"_blank\" rel=\"noreferrer noopener\">Frente Amplio por M\u00e9xico<\/a>.<\/p>\n\n\n\n<p>Segunda econom\u00eda latinoamericana y socio principal de Estados Unidos, M\u00e9xico podr\u00eda ser gobernado el pr\u00f3ximo a\u00f1o por una mujer por primera vez desde su independencia en 1821.<\/p>\n\n\n\n<figure class=\"wp-block-embed is-type-rich is-provider-twitter wp-block-embed-twitter\"><div class=\"wp-block-embed__wrapper\">\nhttps:\/\/twitter.com\/XochitlGalvez\/status\/1699620792521117987?ref_src=twsrc%5Etfw%7Ctwcamp%5Etweetembed%7Ctwterm%5E1699620792521117987%7Ctwgr%5E884a935bd7c6fdef35ad256f3460450ffbf48eaa%7Ctwcon%5Es1_c10&#038;ref_url=https%3A%2F%2Fwww.eleconomista.com.mx%2Fpolitica%2FClaudia-vs.-Xochitl-dos-mujeres-se-enfrentan-en-la-carrera-electoral-de-2024-en-Mexico-20230906-0107.html\n<\/div><\/figure>\n\n\n\n<p>El anuncio de los resultados de la elecci\u00f3n interna representa&nbsp;<a href=\"https:\/\/www.eleconomista.com.mx\/politica\/Ebrard-pide-invalidar-y-repetir-la-encuesta-de-Morena-tras-denunciar-incidencias-20230906-0063.html\" target=\"_blank\" rel=\"noreferrer noopener\">una prueba para&nbsp;<strong>Morena<\/strong><\/a>, favorito para los comicios de 2024, mayoritario en el Parlamento y gobernante en 23 de los 32 estados mexicanos.<\/p>\n\n\n\n<p>El presidente Andr\u00e9s Manuel L\u00f3pez Obrador se jact\u00f3 el martes de no haber \u00abinclinado la balanza\u00bb a favor de ning\u00fan aspirante. \u00abSe acab\u00f3 el dedazo , va a ser la gente que fue consultada en la encuesta\u00bb la que decida, dijo.<\/p>\n\n\n\n<p><strong>Ebrard<\/strong>\u00a0\u2014principal oponente de Sheinbaum\u2014 se acuartel\u00f3 el martes en un hotel junto a su equipo, tras denunciar irregularidades en la consulta.<\/p>\n\n\n\n<p>\u00abSigo muy preocupado por el proceso de la encuesta en curso\u00bb, escribi\u00f3 el lunes en la red social X (antes Twitter), mencionando \u00abproblemas\u00bb en el sondeo realizado entre 12,000 electores.<\/p>\n\n\n\n<h2 class=\"wp-block-heading\">\u00abHija del 68\u00bb contra \u00abliberal progresista\u00bb<\/h2>\n\n\n\n<p>El duelo entre Sheinbaum y G\u00e1lvez promete ser un choque de or\u00edgenes, personalidades y estilos.<\/p>\n\n\n\n<p>Nieta de abuelos jud\u00edos provenientes de Bulgaria y Lituania,&nbsp;<strong>Sheinbaum&nbsp;<\/strong>exhibe un talante reservado y prudente, sin carisma, seg\u00fan sus adversarios.<\/p>\n\n\n\n<p>\u00abSoy hija del 68\u00bb, ha dicho la morenista, quien reivindica la herencia de las luchas sociales y no haber pertenecido jam\u00e1s al<strong>&nbsp;PRI<\/strong>, el viejo partido hegem\u00f3nico durante 70 a\u00f1os en el siglo XX.<\/p>\n\n\n\n<p>Procedente de la burgues\u00eda intelectual capitalina,&nbsp;<strong>Sheinbaum<\/strong>&nbsp;promete continuar las pol\u00edticas del saliente L\u00f3pez Obrador, limitado a un \u00fanico mandato de seis a\u00f1os, seg\u00fan la Constituci\u00f3n.<\/p>\n\n\n\n<p>En nombre de&nbsp;<strong>Morena,<\/strong>&nbsp;afirma que defender\u00e1 a los m\u00e1s pobres, incluyendo a las comunidades ind\u00edgenas, y celebra los buenos resultados macroecon\u00f3micos del actual gobierno (moneda fuerte, finanzas sanas).<\/p>\n\n\n\n<p>Vestida a menudo con prendas de tradici\u00f3n ind\u00edgena, la candidata opositora G\u00e1lvez es originaria de un pueblo del central estado de Hidalgo.<\/p>\n\n\n\n<figure class=\"wp-block-embed\"><div class=\"wp-block-embed__wrapper\">\nhttps:\/\/297859def62f7b10e681ce3882e86c31.safeframe.googlesyndication.com\/safeframe\/1-0-40\/html\/container.html?n=0\n<\/div><\/figure>\n\n\n\n<p><strong>X\u00f3chitl&nbsp;<\/strong>(flor en idioma n\u00e1huatl) naci\u00f3 en una familia pobre, de padre ind\u00edgena otom\u00ed y madre mestiza.<\/p>\n\n\n\n<p>Ingeniera y emprendedora exitosa, G\u00e1lvez no duda en salpicar sus discursos de palabrotas.<\/p>\n\n\n\n<p>\u00abMi regla de oro: no quiero rateros, ni huevones (flojos), ni pendejos\u00bb, repiti\u00f3 el lunes en entrevista con la AFP, al d\u00eda siguiente de su designaci\u00f3n. Confirm\u00f3 tambi\u00e9n que combatir\u00e1 la violencia con \u00abovarios\u00bb.<\/p>\n\n\n\n<h2 class=\"wp-block-heading\">Duelo&nbsp;<\/h2>\n\n\n\n<p><strong>G\u00e1lvez<\/strong>&nbsp;ret\u00f3 adem\u00e1s a&nbsp;<strong>Sheinbaum<\/strong>&nbsp;a hacer campa\u00f1a por s\u00ed misma, sin ayuda del presidente.<\/p>\n\n\n\n<p>\u00abElla (Sheinbaum) puede sola, que le diga: (&#8230;) \u00abusted ded\u00edquese a gobernar y d\u00e9jeme ser la candidata\u00bb\u00bb, dijo en la entrevista.<\/p>\n\n\n\n<p>\u00abPorque entonces yo tendr\u00eda que estarme enfrentando al presidente de la Rep\u00fablica y a ella, y es una contienda desigual\u00bb, a\u00f1adi\u00f3.<\/p>\n\n\n\n<p>Pol\u00edticamente, G\u00e1lvez se declara liberal y progresista, sintetizando el ideario de los tres partidos que la respaldan: el liberalismo econ\u00f3mico del derechista PAN, el ideal de justicia social del izquierdista PRD y la herencia institucional del PRI.<\/p>\n\n\n\n<p>\u00abConmigo, no habr\u00e1 vuelta atr\u00e1s a los derechos ganados, tanto de la comunidad LGBTQ y de las mujeres\u00bb, prometi\u00f3.<\/p>\n\n\n\n<p>El aborto fue despenalizado en M\u00e9xico en septiembre de 2021, mientras el matrimonio igualitario es legal en los 32 estados.<\/p>\n\n\n\n<p>Montada sobre la popularidad de L\u00f3pez Obrador, Sheinbaum es la favorita para ganar la presidencia frente a G\u00e1lvez, seg\u00fan dos sondeos recientes.<\/p>\n\n\n\n<p>Combativa, X\u00f3chitl cree que puede recuperar terreno despu\u00e9s de haber despertado y unificado a la oposici\u00f3n en apenas dos meses de campa\u00f1a.<\/p>\n\n\n\n<p>Fuente: <a href=\"https:\/\/www.eleconomista.com.mx\/politica\/Claudia-vs.-Xochitl-dos-mujeres-se-enfrentan-en-la-carrera-electoral-de-2024-en-Mexico-20230906-0107.html\">https:\/\/www.eleconomista.com.mx\/politica\/Claudia-vs.-Xochitl-dos-mujeres-se-enfrentan-en-la-carrera-electoral-de-2024-en-Mexico-20230906-0107.html<\/a><\/p>\n","protected":false},"excerpt":{"rendered":"<p>Segunda econom\u00eda latinoamericana y socio principal de Estados Unidos, M\u00e9xico podr\u00eda ser gobernado el pr\u00f3ximo a\u00f1o por una mujer por [&hellip;]<\/p>\n","protected":false},"author":1,"featured_media":58457,"comment_status":"open","ping_status":"open","sticky":false,"template":"","format":"standard","meta":{"site-sidebar-layout":"default","site-content-layout":"","ast-site-content-layout":"default","site-content-style":"default","site-sidebar-style":"default","ast-global-header-display":"","ast-banner-title-visibility":"","ast-main-header-display":"","ast-hfb-above-header-display":"","ast-hfb-below-header-display":"","ast-hfb-mobile-header-display":"","site-post-title":"","ast-breadcrumbs-content":"","ast-featured-img":"","footer-sml-layout":"","theme-transparent-header-meta":"","adv-header-id-meta":"","stick-header-meta":"","header-above-stick-meta":"","header-main-stick-meta":"","header-below-stick-meta":"","astra-migrate-meta-layouts":"default","ast-page-background-enabled":"default","ast-page-background-meta":{"desktop":{"background-color":"var(--ast-global-color-4)","background-image":"","background-repeat":"repeat","background-position":"center center","background-size":"auto","background-attachment":"scroll","background-type":"","background-media":"","overlay-type":"","overlay-color":"","overlay-opacity":"","overlay-gradient":""},"tablet":{"background-color":"","background-image":"","background-repeat":"repeat","background-position":"center center","background-size":"auto","background-attachment":"scroll","background-type":"","background-media":"","overlay-type":"","overlay-color":"","overlay-opacity":"","overlay-gradient":""},"mobile":{"background-color":"","background-image":"","background-repeat":"repeat","background-position":"center center","background-size":"auto","background-attachment":"scroll","background-type":"","background-media":"","overlay-type":"","overlay-color":"","overlay-opacity":"","overlay-gradient":""}},"ast-content-background-meta":{"desktop":{"background-color":"var(--ast-global-color-5)","background-image":"","background-repeat":"repeat","background-position":"center center","background-size":"auto","background-attachment":"scroll","background-type":"","background-media":"","overlay-type":"","overlay-color":"","overlay-opacity":"","overlay-gradient":""},"tablet":{"background-color":"var(--ast-global-color-5)","background-image":"","background-repeat":"repeat","background-position":"center center","background-size":"auto","background-attachment":"scroll","background-type":"","background-media":"","overlay-type":"","overlay-color":"","overlay-opacity":"","overlay-gradient":""},"mobile":{"background-color":"var(--ast-global-color-5)","background-image":"","background-repeat":"repeat","background-position":"center center","background-size":"auto","background-attachment":"scroll","background-type":"","background-media":"","overlay-type":"","overlay-color":"","overlay-opacity":"","overlay-gradient":""}},"footnotes":""},"categories":[8],"tags":[1505,645,11758,14772],"class_list":["post-58456","post","type-post","status-publish","format-standard","has-post-thumbnail","hentry","category-noticias","tag-claudia-sheinbaum","tag-marcelo-ebrard","tag-mexico-elecciones-2024","tag-xochitl-galvez"],"_links":{"self":[{"href":"https:\/\/losperiodistas.com.mx\/portal\/wp-json\/wp\/v2\/posts\/58456","targetHints":{"allow":["GET"]}}],"collection":[{"href":"https:\/\/losperiodistas.com.mx\/portal\/wp-json\/wp\/v2\/posts"}],"about":[{"href":"https:\/\/losperiodistas.com.mx\/portal\/wp-json\/wp\/v2\/types\/post"}],"author":[{"embeddable":true,"href":"https:\/\/losperiodistas.com.mx\/portal\/wp-json\/wp\/v2\/users\/1"}],"replies":[{"embeddable":true,"href":"https:\/\/losperiodistas.com.mx\/portal\/wp-json\/wp\/v2\/comments?post=58456"}],"version-history":[{"count":1,"href":"https:\/\/losperiodistas.com.mx\/portal\/wp-json\/wp\/v2\/posts\/58456\/revisions"}],"predecessor-version":[{"id":58458,"href":"https:\/\/losperiodistas.com.mx\/portal\/wp-json\/wp\/v2\/posts\/58456\/revisions\/58458"}],"wp:featuredmedia":[{"embeddable":true,"href":"https:\/\/losperiodistas.com.mx\/portal\/wp-json\/wp\/v2\/media\/58457"}],"wp:attachment":[{"href":"https:\/\/losperiodistas.com.mx\/portal\/wp-json\/wp\/v2\/media?parent=58456"}],"wp:term":[{"taxonomy":"category","embeddable":true,"href":"https:\/\/losperiodistas.com.mx\/portal\/wp-json\/wp\/v2\/categories?post=58456"},{"taxonomy":"post_tag","embeddable":true,"href":"https:\/\/losperiodistas.com.mx\/portal\/wp-json\/wp\/v2\/tags?post=58456"}],"curies":[{"name":"wp","href":"https:\/\/api.w.org\/{rel}","templated":true}]}}