{"id":58442,"date":"2023-09-07T07:52:35","date_gmt":"2023-09-07T12:52:35","guid":{"rendered":"http:\/\/losperiodistas.com.mx\/portal\/?p=58442"},"modified":"2023-09-07T07:54:08","modified_gmt":"2023-09-07T12:54:08","slug":"no-mas-ausencias-forzadas","status":"publish","type":"post","link":"https:\/\/losperiodistas.com.mx\/portal\/no-mas-ausencias-forzadas\/","title":{"rendered":"No m\u00e1s ausencias forzadas"},"content":{"rendered":"\n<p class=\"has-vivid-red-color has-text-color\" style=\"font-size:26px\"><strong><em>Por Fernando Manzanilla Prieto<\/em><\/strong><\/p>\n\n\n\n<p>@Fer_Manzanilla<\/p>\n\n\n\n<p>Hace unos d\u00edas, el Instituto Mexicano de la Transformaci\u00f3n de la Vida P\u00fablica organiz\u00f3 el foro \u201cNuestros Ausentes\u201d, en el marco del D\u00eda Internacional de las v\u00edctimas de la desaparici\u00f3n forzada, en el que todos los asistentes coincidimos en la necesidad de atacar las causas de esta problem\u00e1tica, que permitan ponerle un freno y erradicarla de ra\u00edz.<\/p>\n\n\n\n<p>Desafortunadamente, la desaparici\u00f3n forzada es un problema grave y persistente en M\u00e9xico. A lo largo de los a\u00f1os, ha causado un profundo sufrimiento a miles de familias y ha generado una crisis humanitaria que exige una respuesta decidida por parte del gobierno y la sociedad. Seg\u00fan datos de la Comisi\u00f3n Nacional de B\u00fasqueda, tan solo en 2021 hab\u00eda m\u00e1s de 88 mil personas desaparecidas en el pa\u00eds.<\/p>\n\n\n\n<p>Precisamente, durante la intervenci\u00f3n que realiz\u00f3 el coordinador de la bancada de Morena en la C\u00e1mara de Diputados, Ignacio Mier, en el foro \u201cNuestros ausentes\u201d, destac\u00f3 que en Puebla los delitos de este tipo se concentran en cinco municipios, adem\u00e1s de que la mayor\u00eda de las v\u00edctimas son j\u00f3venes de entre 15 y 20 a\u00f1os y el 40 por ciento son mujeres.<\/p>\n\n\n\n<p>Para la Corte Interamericana de Derechos Humanos, se entiende que una persona es sometida a una desaparici\u00f3n forzada cuando concurren los siguientes elementos: a) privaci\u00f3n de la libertad; b) intervenci\u00f3n directa de agentes estatales o por la aquiescencia de \u00e9stos, y c) negativa de reconocer la detenci\u00f3n y de revelar la suerte o paradero de la persona interesada.<\/p>\n\n\n\n<p>La obligaci\u00f3n de los Estados de buscar a las personas desaparecidas est\u00e1 formulada en t\u00e9rminos inequ\u00edvocos en la Convenci\u00f3n Internacional para la Protecci\u00f3n de Todas las Personas contra las Desapariciones Forzadas, adoptada por la Asamblea General de las Naciones Unidas en diciembre de 2006 y ratificada por M\u00e9xico en marzo de 2008.<\/p>\n\n\n\n<p>Pero mientras las obligaciones de los Estados para prevenir, investigar y sancionar las desapariciones est\u00e1n ampliamente explicitadas en la Convenci\u00f3n, el derecho a la b\u00fasqueda queda un tanto disperso y poco desarrollado, no obstante, es de fundamental importancia para las v\u00edctimas de este crimen atroz.<\/p>\n\n\n\n<p>Es por ello que algunos de los desaf\u00edos que existen en la lucha contra este delito son combatir la impunidad, la falta de coordinaci\u00f3n, la ineficiencia en la b\u00fasqueda, as\u00ed como la falta de recursos y capacitaci\u00f3n.<\/p>\n\n\n\n<p>Entre los m\u00e1s apremiantes se encuentra el atacar la impunidad que rodea a muchos de los casos de desaparici\u00f3n forzada. Muchos perpetradores no son llevados ante la justicia, lo que perpet\u00faa un ciclo de violencia y falta de rendici\u00f3n de cuentas.<\/p>\n\n\n\n<p>Asimismo, la falta de coordinaci\u00f3n entre las dependencias encargadas de investigar los casos dificulta su resoluci\u00f3n y la identificaci\u00f3n de responsables, adem\u00e1s de tampoco es extra\u00f1o que las instituciones a menudo carezcan de los recursos y la capacitaci\u00f3n necesaria para llevar a cabo investigaciones exhaustivas.<\/p>\n\n\n\n<p>Cabe se\u00f1alar que, a pesar de los grandes esfuerzos que realizan las instituciones, en muchas ocasiones la b\u00fasqueda de personas desaparecidas ha sido ineficaz, lo que causa un sufrimiento prolongado para las familias.<\/p>\n\n\n\n<p>Precisamente es por ello que es necesario que en el pa\u00eds se fortalezca el marco legal para garantizar que la desaparici\u00f3n forzada sea castigada de manera efectiva y que se respeten los derechos de las v\u00edctimas.<\/p>\n\n\n\n<p>En este sentido es que aplaudo las acciones que se han impulsado desde la bancada de Morena para que en el primer periodo de sesiones del tercer a\u00f1o de la LXV Legislatura quede garantizada la b\u00fasqueda de personas desaparecidas, con el fortalecimiento del art\u00edculo 17 constitucional.<\/p>\n\n\n\n<p>Asimismo, las dependencias deben coordinar sus esfuerzos para garantizar una respuesta efectiva y eficiente a los casos, adem\u00e1s de que es esencial proporcionar a las instituciones recursos financieros y capacitaci\u00f3n adecuada para llevar a cabo investigaciones rigurosas y efectivas.<\/p>\n\n\n\n<p>Es importante promover la verdad como parte del proceso de justicia transicional, adem\u00e1s de brindar a las v\u00edctimas y sus familias apoyo psicol\u00f3gico, legal y social para sobrellevar las consecuencias de la desaparici\u00f3n forzada. Es as\u00ed que hoy celebro que esta lucha sea de todas y de todos, sobre todo de la sociedad civil que se ha unido a respaldar a las v\u00edctimas y alzar la voz en contra de este delito que coarta los sue\u00f1os y la tranquilidad de muchas familias<\/p>\n","protected":false},"excerpt":{"rendered":"<p>Por Fernando Manzanilla Prieto @Fer_Manzanilla Hace unos d\u00edas, el Instituto Mexicano de la Transformaci\u00f3n de la Vida P\u00fablica organiz\u00f3 el [&hellip;]<\/p>\n","protected":false},"author":1,"featured_media":58012,"comment_status":"open","ping_status":"open","sticky":false,"template":"","format":"standard","meta":{"site-sidebar-layout":"default","site-content-layout":"","ast-site-content-layout":"default","site-content-style":"default","site-sidebar-style":"default","ast-global-header-display":"","ast-banner-title-visibility":"","ast-main-header-display":"","ast-hfb-above-header-display":"","ast-hfb-below-header-display":"","ast-hfb-mobile-header-display":"","site-post-title":"","ast-breadcrumbs-content":"","ast-featured-img":"","footer-sml-layout":"","theme-transparent-header-meta":"","adv-header-id-meta":"","stick-header-meta":"","header-above-stick-meta":"","header-main-stick-meta":"","header-below-stick-meta":"","astra-migrate-meta-layouts":"default","ast-page-background-enabled":"default","ast-page-background-meta":{"desktop":{"background-color":"var(--ast-global-color-4)","background-image":"","background-repeat":"repeat","background-position":"center center","background-size":"auto","background-attachment":"scroll","background-type":"","background-media":"","overlay-type":"","overlay-color":"","overlay-opacity":"","overlay-gradient":""},"tablet":{"background-color":"","background-image":"","background-repeat":"repeat","background-position":"center center","background-size":"auto","background-attachment":"scroll","background-type":"","background-media":"","overlay-type":"","overlay-color":"","overlay-opacity":"","overlay-gradient":""},"mobile":{"background-color":"","background-image":"","background-repeat":"repeat","background-position":"center center","background-size":"auto","background-attachment":"scroll","background-type":"","background-media":"","overlay-type":"","overlay-color":"","overlay-opacity":"","overlay-gradient":""}},"ast-content-background-meta":{"desktop":{"background-color":"var(--ast-global-color-5)","background-image":"","background-repeat":"repeat","background-position":"center center","background-size":"auto","background-attachment":"scroll","background-type":"","background-media":"","overlay-type":"","overlay-color":"","overlay-opacity":"","overlay-gradient":""},"tablet":{"background-color":"var(--ast-global-color-5)","background-image":"","background-repeat":"repeat","background-position":"center center","background-size":"auto","background-attachment":"scroll","background-type":"","background-media":"","overlay-type":"","overlay-color":"","overlay-opacity":"","overlay-gradient":""},"mobile":{"background-color":"var(--ast-global-color-5)","background-image":"","background-repeat":"repeat","background-position":"center center","background-size":"auto","background-attachment":"scroll","background-type":"","background-media":"","overlay-type":"","overlay-color":"","overlay-opacity":"","overlay-gradient":""}},"footnotes":""},"categories":[24,8],"tags":[4650],"class_list":["post-58442","post","type-post","status-publish","format-standard","has-post-thumbnail","hentry","category-fernando-manzanilla","category-noticias","tag-personas-desaparecidas"],"_links":{"self":[{"href":"https:\/\/losperiodistas.com.mx\/portal\/wp-json\/wp\/v2\/posts\/58442","targetHints":{"allow":["GET"]}}],"collection":[{"href":"https:\/\/losperiodistas.com.mx\/portal\/wp-json\/wp\/v2\/posts"}],"about":[{"href":"https:\/\/losperiodistas.com.mx\/portal\/wp-json\/wp\/v2\/types\/post"}],"author":[{"embeddable":true,"href":"https:\/\/losperiodistas.com.mx\/portal\/wp-json\/wp\/v2\/users\/1"}],"replies":[{"embeddable":true,"href":"https:\/\/losperiodistas.com.mx\/portal\/wp-json\/wp\/v2\/comments?post=58442"}],"version-history":[{"count":2,"href":"https:\/\/losperiodistas.com.mx\/portal\/wp-json\/wp\/v2\/posts\/58442\/revisions"}],"predecessor-version":[{"id":58465,"href":"https:\/\/losperiodistas.com.mx\/portal\/wp-json\/wp\/v2\/posts\/58442\/revisions\/58465"}],"wp:featuredmedia":[{"embeddable":true,"href":"https:\/\/losperiodistas.com.mx\/portal\/wp-json\/wp\/v2\/media\/58012"}],"wp:attachment":[{"href":"https:\/\/losperiodistas.com.mx\/portal\/wp-json\/wp\/v2\/media?parent=58442"}],"wp:term":[{"taxonomy":"category","embeddable":true,"href":"https:\/\/losperiodistas.com.mx\/portal\/wp-json\/wp\/v2\/categories?post=58442"},{"taxonomy":"post_tag","embeddable":true,"href":"https:\/\/losperiodistas.com.mx\/portal\/wp-json\/wp\/v2\/tags?post=58442"}],"curies":[{"name":"wp","href":"https:\/\/api.w.org\/{rel}","templated":true}]}}